{"id":221944,"date":"2013-09-10T12:39:12","date_gmt":"2013-09-10T09:39:12","guid":{"rendered":"https:\/\/analyse.optim.biz\/?p=221944"},"modified":"2013-09-10T12:39:12","modified_gmt":"2013-09-10T09:39:12","slug":"decizie-in-parlament-pragul-la-referendum-ramane-la-30-la-suta","status":"publish","type":"post","link":"https:\/\/analyse.optim.biz\/?p=221944","title":{"rendered":"Decizie \u00een Parlament: Pragul la referendum r\u0103m\u00e2ne la 30 la sut\u0103"},"content":{"rendered":"<div class=\"entry data-app-meta data-app-meta-article\" data-embed-base-url-canonical=\"https:\/\/www.digi24.ro\/embed\/stiri\/actualitate\/politica\/decizie-in-parlament-pragul-la-referendum-ramane-la-30-la-suta-116657\">\n<p data-index=\"1\"><img decoding=\"async\" src=\"https:\/\/analyse.optim.biz\/wp-content\/uploads\/2024\/09\/ad0zzty3ndvhndzhnjjhzwfizdjknjiwnzqwnzk5otexnw-thumb_.jpg\" data-skip-htmlfix=\"1\" title=\"ad0zzty3ndvhndzhnjjhzwfizdjknjiwnzqwnzk5otexnw-thumb_\"><\/p>\n<p data-index=\"2\">Camera Deputa\u0163ilor a adoptat, mar\u0163i, pe articole, Legea referendumului care reduce pragul de prezen\u0163\u0103 la 30 la sut\u0103, resping\u00e2nd solicitarea de reexaminare a \u015fefului statului, care cerea men\u0163inerea acestuia la 50 la sut\u0103, relateaz\u0103 Mediafax.<\/p>\n<p data-index=\"3\">Votul final asupra proiectului a fost dat \u00een plen, Camera Deputa\u0163ilor fiind forul decizional.\u00a0Legea a trecut cu 233 de voturi pentru, 72, \u00eempotriv\u0103 \u0219i 23 de ab\u021bineri.<\/p>\n<p data-index=\"4\">Deputa\u0163ii au stabilit, adopt\u00e2nd un nou articol, c\u0103 proiectul de lege intr\u0103 \u00een vigoare la un an de la publicarea \u00een Monitorul Oficial.<\/p>\n<p data-index=\"5\">Senatul a respins, \u00een 3 septembrie, cererea pre\u015fedintelui Traian B\u0103sescu de reexaminare a legii privind organizarea \u015fi desf\u0103\u015furarea referendumului.<\/p>\n<p data-index=\"6\">Pre\u015fedintele a cerut \u00een 11 iulie Parlamentului reexaminarea legii care prevede validarea referendumului cu participare de cel pu\u0163in 30 la sut\u0103 \u015fi cu cvorum al voturilor valabil exprimate de cel pu\u0163in 25 la sut\u0103, pe motiv c\u0103 \u00een aceast\u0103 form\u0103 nu se asigur\u0103 o reprezentativitate suficient\u0103.<\/p>\n<p data-index=\"7\">\u00cen 29 mai, Camera Deputa\u0163ilor a adoptat, cu 221 de voturi \u201epentru\u201d, 73 de voturi \u201e\u00eempotriv\u0103\u201d \u015fi 2 ab\u0163ineri, proiectul de lege privind reducerea pragului de prezen\u0163\u0103 la referendum la 30 la sut\u0103.<\/p>\n<p data-index=\"8\">Ini\u0163iativa legislativ\u0103, semnat\u0103 de Valeriu Zgonea, Florin Iordache, Eugen Nicolicea \u015fi Bogdan Ciuc\u0103, modific\u0103 Legea referendumului \u00een sensul reducerii pragului de prezen\u0163\u0103 la acest tip de scrutin de la 50 la sut\u0103 la 30 la sut\u0103, dar \u015fi introducerea condi\u0163iei unui vot de 25 la sut\u0103 din aleg\u0103tori pentru validarea rezultatelor.<\/p>\n<p data-index=\"9\">Opozi\u0163ia a atacat la Curtea Constitu\u0163ional\u0103 legea, iar Curtea a decis c\u0103 actul normativ este constitu\u0163ional \u00een m\u0103sura \u00een care nu se aplic\u0103 referendumurilor organizate \u00een decurs de un an de la data intr\u0103rii \u00een vigoare a legii.<\/p>\n<\/div>\n<p> Source URL: https:\/\/www.digi24.ro\/stiri\/actualitate\/politica\/decizie-in-parlament-pragul-la-referendum-ramane-la-30-la-suta-116657<\/p>\n","protected":false},"excerpt":{"rendered":"<p>Camera Deputa\u0163ilor a adoptat, mar\u0163i, pe articole, Legea referendumului care reduce pragul de prezen\u0163\u0103 la 30 la sut\u0103, resping\u00e2nd solicitarea de reexaminare a \u015fefului statului, care cerea men\u0163inerea acestuia la 50 la sut\u0103, relateaz\u0103 Mediafax. Votul final asupra proiectului a fost dat \u00een plen, Camera Deputa\u0163ilor fiind forul decizional.\u00a0Legea a trecut cu 233 de voturi [&hellip;]<\/p>\n","protected":false},"author":1,"featured_media":221945,"comment_status":"open","ping_status":"","sticky":false,"template":"","format":"standard","meta":{"footnotes":""},"categories":[2],"tags":[11],"class_list":["post-221944","post","type-post","status-publish","format-standard","has-post-thumbnail","hentry","category-politics","tag-digi24"],"_links":{"self":[{"href":"https:\/\/analyse.optim.biz\/index.php?rest_route=\/wp\/v2\/posts\/221944","targetHints":{"allow":["GET"]}}],"collection":[{"href":"https:\/\/analyse.optim.biz\/index.php?rest_route=\/wp\/v2\/posts"}],"about":[{"href":"https:\/\/analyse.optim.biz\/index.php?rest_route=\/wp\/v2\/types\/post"}],"author":[{"embeddable":true,"href":"https:\/\/analyse.optim.biz\/index.php?rest_route=\/wp\/v2\/users\/1"}],"replies":[{"embeddable":true,"href":"https:\/\/analyse.optim.biz\/index.php?rest_route=%2Fwp%2Fv2%2Fcomments&post=221944"}],"version-history":[{"count":0,"href":"https:\/\/analyse.optim.biz\/index.php?rest_route=\/wp\/v2\/posts\/221944\/revisions"}],"wp:featuredmedia":[{"embeddable":true,"href":"https:\/\/analyse.optim.biz\/index.php?rest_route=\/wp\/v2\/media\/221945"}],"wp:attachment":[{"href":"https:\/\/analyse.optim.biz\/index.php?rest_route=%2Fwp%2Fv2%2Fmedia&parent=221944"}],"wp:term":[{"taxonomy":"category","embeddable":true,"href":"https:\/\/analyse.optim.biz\/index.php?rest_route=%2Fwp%2Fv2%2Fcategories&post=221944"},{"taxonomy":"post_tag","embeddable":true,"href":"https:\/\/analyse.optim.biz\/index.php?rest_route=%2Fwp%2Fv2%2Ftags&post=221944"}],"curies":[{"name":"wp","href":"https:\/\/api.w.org\/{rel}","templated":true}]}}