{"id":221921,"date":"2013-09-11T12:48:37","date_gmt":"2013-09-11T09:48:37","guid":{"rendered":"https:\/\/analyse.optim.biz\/?p=221921"},"modified":"2013-09-11T12:48:37","modified_gmt":"2013-09-11T09:48:37","slug":"crin-antonescu-nu-am-avut-o-decizie-si-o-discutie-in-usl-privind-proiectul-rosia-montana","status":"publish","type":"post","link":"https:\/\/analyse.optim.biz\/?p=221921","title":{"rendered":"Crin Antonescu: Nu am avut o decizie \u015fi o discu\u0163ie \u00een USL privind proiectul Ro\u015fia Montan\u0103"},"content":{"rendered":"<div class=\"entry data-app-meta data-app-meta-article\" data-embed-base-url-canonical=\"https:\/\/www.digi24.ro\/embed\/stiri\/actualitate\/politica\/crin-antonescu-nu-am-avut-o-decizie-si-o-discutie-in-usl-privind-proiectul-rosia-montana-117174\">\n<p data-index=\"1\">\u201eDac\u0103 nu am avut un angajament de vot, o decizie politic\u0103 \u00een USL, c\u00e2nd noi am anun\u0163at o <strong><a href=\"https:\/\/www.digi24.ro\/Stiri\/Digi24\/Actualitate\/Politica\/Proiectul+privind+exploatarea+de+la+Rosia+Montana+la+Comisia+Jur\" target=\"_blank\" data-skip-linkfix=\"1\" rel=\"noopener\">pozi\u0163ie<\/a><\/strong>: noi vot\u0103m contra, nu \u00een\u0163eleg de ce unii din PSD s-au sup\u0103rat. Nu v\u0103d de unde un<strong><a href=\"https:\/\/www.digi24.ro\/Stiri\/Digi24\/Actualitate\/Politica\/Rosia+Montana+devine+motiv+de+conflict+in+USL\" target=\"_blank\" data-skip-linkfix=\"1\" rel=\"noopener\">motiv de sup\u0103rare<\/a><\/strong>. Am avut noi o discu\u0163ie despre detaliile tehnice? Nu. A venit el \u00een Parlament \u015fi a spus <strong><a href=\"https:\/\/www.digi24.ro\/Stiri\/Digi24\/Actualitate\/Stiri\/Sedinta+pentru+Rosia+Montana+a+fost+anulata\" target=\"_blank\" data-skip-linkfix=\"1\" rel=\"noopener\">premierul<\/a><\/strong> c\u0103 fiecare s\u0103 decid\u0103 cum vrea? Da. <strong><a href=\"https:\/\/www.digi24.ro\/Stiri\/Digi24\/Actualitate\/Politica\/Crin+Antonescu+Proiectul+de+la+Rosia+Montana+nu+poate+fi+sustinu\" target=\"_blank\" data-skip-linkfix=\"1\" rel=\"noopener\">PNL s-a decis s\u0103 voteze \u00eempotriv\u0103<\/a><\/strong>, nu am f\u0103cut nicun fel de atac, doar am f\u0103cut acest anun\u0163. Nu aveam \u015fi nu avem nici acum niciun fel de angajament, declara\u0163ie public\u0103, c\u0103 vom vota \u00een favoarea acestui proiect de lege\u201d, a spus Crin Antonescu.<\/p>\n<p data-index=\"2\">\u201eE limpede c\u0103 nu am avut o decizie \u015fi o discu\u0163ie \u00een USL pe <strong><a href=\"https:\/\/www.digi24.ro\/Stiri\/Digi24\/Actualitate\/Stiri\/Rosia+Montana+Gabriel+Resources+cere+explicatii+Guvernului\" target=\"_blank\" data-skip-linkfix=\"1\" rel=\"noopener\">proiect<\/a><\/strong>\u015fi niciodat\u0103 cu premierul despre anagajamentele statului rom\u00e2n \u00een aceast\u0103 privin\u0163\u0103. Dac\u0103 Guvernul \u015ftie c\u0103 are ni\u015fte obliga\u0163ii atunci rezolv\u0103 aceste chestiune printr-o hot\u0103r\u00e2re de guvern. Nu dau sugestii guvernului, doar pun aceast\u0103 problem\u0103. \u00cen\u0163eleg c\u0103 dac\u0103 nu vot\u0103m pentru pl\u0103tim 20 de miliarde, iar premierul spune c\u0103 nu voteaz\u0103, iar ministrul mediului Rovana Plumb ne spune c\u0103 s-ar putea s\u0103 voteze \u015fi domnia sa contra. Nu \u00een\u0163eleg, dar, repet, nu e un atac. Poate a fost o pozi\u0163ie neclar\u0103, dar eu nu \u00een\u0163eleg\u201d, a ad\u0103ugat liderul PNL.<\/p>\n<\/div>\n<p> Source URL: https:\/\/www.digi24.ro\/stiri\/actualitate\/politica\/crin-antonescu-nu-am-avut-o-decizie-si-o-discutie-in-usl-privind-proiectul-rosia-montana-117174<\/p>\n","protected":false},"excerpt":{"rendered":"<p>\u201eDac\u0103 nu am avut un angajament de vot, o decizie politic\u0103 \u00een USL, c\u00e2nd noi am anun\u0163at o pozi\u0163ie: noi vot\u0103m contra, nu \u00een\u0163eleg de ce unii din PSD s-au sup\u0103rat. Nu v\u0103d de unde unmotiv de sup\u0103rare. Am avut noi o discu\u0163ie despre detaliile tehnice? Nu. A venit el \u00een Parlament \u015fi a spus [&hellip;]<\/p>\n","protected":false},"author":1,"featured_media":221922,"comment_status":"open","ping_status":"","sticky":false,"template":"","format":"standard","meta":{"footnotes":""},"categories":[2],"tags":[11],"class_list":["post-221921","post","type-post","status-publish","format-standard","has-post-thumbnail","hentry","category-politics","tag-digi24"],"_links":{"self":[{"href":"https:\/\/analyse.optim.biz\/index.php?rest_route=\/wp\/v2\/posts\/221921","targetHints":{"allow":["GET"]}}],"collection":[{"href":"https:\/\/analyse.optim.biz\/index.php?rest_route=\/wp\/v2\/posts"}],"about":[{"href":"https:\/\/analyse.optim.biz\/index.php?rest_route=\/wp\/v2\/types\/post"}],"author":[{"embeddable":true,"href":"https:\/\/analyse.optim.biz\/index.php?rest_route=\/wp\/v2\/users\/1"}],"replies":[{"embeddable":true,"href":"https:\/\/analyse.optim.biz\/index.php?rest_route=%2Fwp%2Fv2%2Fcomments&post=221921"}],"version-history":[{"count":0,"href":"https:\/\/analyse.optim.biz\/index.php?rest_route=\/wp\/v2\/posts\/221921\/revisions"}],"wp:featuredmedia":[{"embeddable":true,"href":"https:\/\/analyse.optim.biz\/index.php?rest_route=\/wp\/v2\/media\/221922"}],"wp:attachment":[{"href":"https:\/\/analyse.optim.biz\/index.php?rest_route=%2Fwp%2Fv2%2Fmedia&parent=221921"}],"wp:term":[{"taxonomy":"category","embeddable":true,"href":"https:\/\/analyse.optim.biz\/index.php?rest_route=%2Fwp%2Fv2%2Fcategories&post=221921"},{"taxonomy":"post_tag","embeddable":true,"href":"https:\/\/analyse.optim.biz\/index.php?rest_route=%2Fwp%2Fv2%2Ftags&post=221921"}],"curies":[{"name":"wp","href":"https:\/\/api.w.org\/{rel}","templated":true}]}}