{"id":221906,"date":"2013-09-12T13:43:21","date_gmt":"2013-09-12T10:43:21","guid":{"rendered":"https:\/\/analyse.optim.biz\/?p=221906"},"modified":"2013-09-12T13:43:21","modified_gmt":"2013-09-12T10:43:21","slug":"c-antonescu-despre-candidatura-la-cotroceni-e-indiferent-faptul-ca-psd-ma-va-sustine-sau-nu","status":"publish","type":"post","link":"https:\/\/analyse.optim.biz\/?p=221906","title":{"rendered":"C. Antonescu, despre candidatura la Cotroceni: \u201eE indiferent faptul c\u0103 PSD m\u0103 va sus\u0163ine sau nu\u201d"},"content":{"rendered":"<div class=\"entry data-app-meta data-app-meta-article\" data-embed-base-url-canonical=\"https:\/\/www.digi24.ro\/embed\/stiri\/actualitate\/politica\/c-antonescu-despre-candidatura-la-cotroceni-e-indiferent-faptul-ca-psd-ma-va-sustine-sau-nu-117725\">\n<p data-index=\"1\"><img decoding=\"async\" src=\"https:\/\/analyse.optim.biz\/wp-content\/uploads\/2024\/09\/yxnoptfizdczmdezntrkmzy3ytm0mtlhyjziowjhndbjzmzl-thumb_.jpg\" data-skip-htmlfix=\"1\" title=\"yxnoptfizdczmdezntrkmzy3ytm0mtlhyjziowjhndbjzmzl-thumb_\"><\/p>\n<p data-index=\"2\">Pre\u0219edintele Partidului Na\u021bional Liberal, Crin Antonescu, candidatul asumat \u00een prezent de USL pentru alegerile preziden\u021biale viitoare, a declarat azi, \u00eentr-un interviu pentru <a href=\"http:\/\/adevarul.ro\/news\/politica\/crin-antonescu-adevarul-live-ora-1100-puneti-i-intrebari-presedintelui-senatului-1_52316fd7c7b855ff567402eb\/index.html\" target=\"_blank\" data-skip-linkfix=\"1\" rel=\"noopener\">adevarul.ro<\/a>, c\u0103 \u0219i-a asumat aceast\u0103 candidatur\u0103 \u00een fa\u021ba cet\u0103\u021benilor, indiferent de sprijinul oferit de partenerul de alian\u021b\u0103, PSD.<\/p>\n<p data-index=\"3\">\u00centrebat ce strategie are pentru situa\u0163ia \u00een care PSD nu \u00eei va sus\u0163ine candidatura la Cotroceni, liderul PNL a r\u0103spuns: \u201eNu e \u00eentre noi, ci \u00eentre noi \u015fi aleg\u0103tori. Pornesc de la premisa bunei credin\u0163e, dar asta nu \u00eenseamn\u0103 c\u0103 sunt naiv. C\u00e2nd am asumat candidatura, am asumat-o \u00een fa\u0163a cet\u0103\u0163enilor. C\u0103 PSD va sus\u0163ine candidatura mea e problema PSD-ului. Tema este ce fel de pre\u015fedinte vom avea, ce doresc cet\u0103\u0163enii Rom\u00e2niei. E indiferent faptul c\u0103 PSD m\u0103 va sus\u0163ine sau nu, dar PSD are un angajament public.<\/p>\n<p data-index=\"4\">\u00cen aprilie 2012, Crin Antonescu a fost validat de congresele celor trei partide care formeaz\u0103 USL drept candidatul Uniunii la alegerile preziden\u0163iale.<\/p>\n<\/div>\n<p> Source URL: https:\/\/www.digi24.ro\/stiri\/actualitate\/politica\/c-antonescu-despre-candidatura-la-cotroceni-e-indiferent-faptul-ca-psd-ma-va-sustine-sau-nu-117725<\/p>\n","protected":false},"excerpt":{"rendered":"<p>Pre\u0219edintele Partidului Na\u021bional Liberal, Crin Antonescu, candidatul asumat \u00een prezent de USL pentru alegerile preziden\u021biale viitoare, a declarat azi, \u00eentr-un interviu pentru adevarul.ro, c\u0103 \u0219i-a asumat aceast\u0103 candidatur\u0103 \u00een fa\u021ba cet\u0103\u021benilor, indiferent de sprijinul oferit de partenerul de alian\u021b\u0103, PSD. \u00centrebat ce strategie are pentru situa\u0163ia \u00een care PSD nu \u00eei va sus\u0163ine candidatura la [&hellip;]<\/p>\n","protected":false},"author":1,"featured_media":221907,"comment_status":"open","ping_status":"","sticky":false,"template":"","format":"standard","meta":{"footnotes":""},"categories":[2],"tags":[11],"class_list":["post-221906","post","type-post","status-publish","format-standard","has-post-thumbnail","hentry","category-politics","tag-digi24"],"_links":{"self":[{"href":"https:\/\/analyse.optim.biz\/index.php?rest_route=\/wp\/v2\/posts\/221906","targetHints":{"allow":["GET"]}}],"collection":[{"href":"https:\/\/analyse.optim.biz\/index.php?rest_route=\/wp\/v2\/posts"}],"about":[{"href":"https:\/\/analyse.optim.biz\/index.php?rest_route=\/wp\/v2\/types\/post"}],"author":[{"embeddable":true,"href":"https:\/\/analyse.optim.biz\/index.php?rest_route=\/wp\/v2\/users\/1"}],"replies":[{"embeddable":true,"href":"https:\/\/analyse.optim.biz\/index.php?rest_route=%2Fwp%2Fv2%2Fcomments&post=221906"}],"version-history":[{"count":0,"href":"https:\/\/analyse.optim.biz\/index.php?rest_route=\/wp\/v2\/posts\/221906\/revisions"}],"wp:featuredmedia":[{"embeddable":true,"href":"https:\/\/analyse.optim.biz\/index.php?rest_route=\/wp\/v2\/media\/221907"}],"wp:attachment":[{"href":"https:\/\/analyse.optim.biz\/index.php?rest_route=%2Fwp%2Fv2%2Fmedia&parent=221906"}],"wp:term":[{"taxonomy":"category","embeddable":true,"href":"https:\/\/analyse.optim.biz\/index.php?rest_route=%2Fwp%2Fv2%2Fcategories&post=221906"},{"taxonomy":"post_tag","embeddable":true,"href":"https:\/\/analyse.optim.biz\/index.php?rest_route=%2Fwp%2Fv2%2Ftags&post=221906"}],"curies":[{"name":"wp","href":"https:\/\/api.w.org\/{rel}","templated":true}]}}