{"id":221903,"date":"2013-09-12T15:10:30","date_gmt":"2013-09-12T12:10:30","guid":{"rendered":"https:\/\/analyse.optim.biz\/?p=221903"},"modified":"2013-09-12T15:10:30","modified_gmt":"2013-09-12T12:10:30","slug":"sedinta-de-urgenta-a-usl-ponta-despre-antonescu-nu-m-ati-auzit-in-trei-ani-criticandu-l-in-public","status":"publish","type":"post","link":"https:\/\/analyse.optim.biz\/?p=221903","title":{"rendered":"\u015eedin\u0163\u0103 de urgen\u0163\u0103 a USL. Ponta, despre Antonescu: Nu m-a\u0163i auzit \u00een trei ani critic\u00e2ndu-l \u00een public"},"content":{"rendered":"<div class=\"entry data-app-meta data-app-meta-article\" data-embed-base-url-canonical=\"https:\/\/www.digi24.ro\/embed\/stiri\/actualitate\/politica\/sedinta-de-urgenta-a-usl-ponta-despre-antonescu-nu-m-ati-auzit-in-trei-ani-criticandu-l-in-public-117778\">\n<p data-index=\"1\"><img decoding=\"async\" src=\"https:\/\/analyse.optim.biz\/wp-content\/uploads\/2024\/09\/agfzad1lmmm0nzrlnme0y2i0ywexnjfjodrhodzjnmq5ngm0oa-thumb_.jpg\" data-skip-htmlfix=\"1\" title=\"agfzad1lmmm0nzrlnme0y2i0ywexnjfjodrhodzjnmq5ngm0oa-thumb_\"><\/p>\n<p data-index=\"2\"><strong>(FOTO &#8211; Mediafax)<\/strong><\/p>\n<p data-index=\"3\">Ponta a precizat, la sosire, c\u0103 \u00eent\u00e2lnirea are loc dup\u0103 ce a primit un telefon \u00een cursul serii de miercuri de la Antonescu.<\/p>\n<p data-index=\"4\">\u00centrebat de jurnali\u015fti ce vor discuta, Ponta a r\u0103spuns ironic: &#8220;O s\u0103 discut\u0103m despre ce dori\u0163i dumneavoastr\u0103&#8221;.<\/p>\n<p data-index=\"5\">Premierul Victor Ponta a precizat, anterior, \u00eentr-o conferin\u0163\u0103 de pres\u0103, c\u0103 \u00een cursul zilei se va \u00eent\u00e2lni cu liderul PNL, Crin Antonescu, <strong>&#8220;pentru buna func\u0163ionare a coali\u0163iei guvernamentale&#8221;<\/strong>, el spun\u00e2nd c\u0103 nu crede c\u0103 se pune problema ruperii actualei majorit\u0103\u0163i.<\/p>\n<p data-index=\"6\">Ponta a spus c\u0103 este nevoie de normalitate \u00een decizii at\u00e2t de importante cum este cea privind Ro\u015fia Montan\u0103.<\/p>\n<p data-index=\"7\"><strong>&#8220;Nu m-a\u0163i auzit \u00een trei ani de zile critic\u00e2ndu-l pe domnul Antonescu&#8221;<\/strong>, a spus Ponta, men\u0163ion\u00e2nd c\u0103 el a intervenit atunci c\u00e2nd un social-democrat, Olgu\u0163a Vasilescu, l-a criticat public pe liderul liberal.<\/p>\n<p data-index=\"8\">El a dat asigur\u0103ri c\u0103 va men\u0163ine o rela\u0163ie de respect \u015fi normalitate cu toate for\u0163ele politice.<\/p>\n<p data-index=\"9\">&#8220;O politic\u0103 serioas\u0103 nu se face prin polemici publice&#8221;, a spus Ponta.<\/p>\n<p data-index=\"10\">\u00centrebat dac\u0103 \u00eei repro\u015feaz\u0103 ceva lui Antonescu, Ponta a r\u0103spuns: &#8220;Nu repro\u015fez niciodat\u0103 nimic nim\u0103nui&#8221;.<\/p>\n<p data-index=\"11\">Pre\u015fedintele PNL, Crin Antonescu, a lansat, joi, <a href=\"https:\/\/www.digi24.ro\/Stiri\/Digi24\/Actualitate\/Politica\/Crin+Antonescu+Victor+Ponta+face+un+joc+parsivel\" target=\"_blank\" data-skip-linkfix=\"1\" rel=\"noopener\">un atac dur la adresa partenerului din USL, premierul Victor Ponta<\/a>, pe subiectul Ro\u015fia Montan\u0103, acuz\u00e2ndu-l c\u0103 nu \u015fi-a asumat responsabilitatea pe proiectul ini\u0163iat de Guvern, c\u0103 a fentat discu\u0163ia legat\u0103 de exproprieri \u015fi face un joc &#8220;par\u015fivel&#8221;.<\/p>\n<p data-index=\"12\">Antonescu a spus c\u0103 miercuri sear\u0103, \u00eentr-o emisiune televizat\u0103, premierul Victor Ponta a f\u0103cut o &#8220;pledoarie&#8221; pentru proiectul Ro\u015fia Montan\u0103.<\/p>\n<p data-index=\"13\">\u00cen ceea ce prive\u015fte declara\u0163iile premierului care a spus c\u0103 i-a promis so\u0163iei c\u0103 va vota \u00eempotriv\u0103, dar c\u0103 proiectul este \u00een interes na\u0163ional, liderul PNL a spus: &#8220;Eu nu pot s\u0103 comentez a\u015fa ceva (&#8230;), rela\u0163ia mea cu Victor Ponta s-a bazat \u00eentotdeauna pe onestitate, pe transparen\u0163\u0103, pe asumarea unui mod diferit de Traian B\u0103sescu \u015fi camarila lui de a face politic\u0103. Ori din punctual meu de vedere acest mod de a face politic\u0103 asumat \u00eempreun\u0103 \u00eenseamn\u0103 op\u0163iuni cinstite, la vedere, cu argumente cinstite&#8221;.<\/p>\n<p data-index=\"14\">El a men\u0163ionat c\u0103 \u00een acest caz sper\u0103 c\u0103 este vorba despre &#8220;un accident \u015fi c\u0103 lucrurile vor reveni la normal&#8221;.<\/p>\n<\/div>\n<p> Source URL: https:\/\/www.digi24.ro\/stiri\/actualitate\/politica\/sedinta-de-urgenta-a-usl-ponta-despre-antonescu-nu-m-ati-auzit-in-trei-ani-criticandu-l-in-public-117778<\/p>\n","protected":false},"excerpt":{"rendered":"<p>(FOTO &#8211; Mediafax) Ponta a precizat, la sosire, c\u0103 \u00eent\u00e2lnirea are loc dup\u0103 ce a primit un telefon \u00een cursul serii de miercuri de la Antonescu. \u00centrebat de jurnali\u015fti ce vor discuta, Ponta a r\u0103spuns ironic: &#8220;O s\u0103 discut\u0103m despre ce dori\u0163i dumneavoastr\u0103&#8221;. Premierul Victor Ponta a precizat, anterior, \u00eentr-o conferin\u0163\u0103 de pres\u0103, c\u0103 \u00een [&hellip;]<\/p>\n","protected":false},"author":1,"featured_media":221904,"comment_status":"open","ping_status":"","sticky":false,"template":"","format":"standard","meta":{"footnotes":""},"categories":[2],"tags":[11],"class_list":["post-221903","post","type-post","status-publish","format-standard","has-post-thumbnail","hentry","category-politics","tag-digi24"],"_links":{"self":[{"href":"https:\/\/analyse.optim.biz\/index.php?rest_route=\/wp\/v2\/posts\/221903","targetHints":{"allow":["GET"]}}],"collection":[{"href":"https:\/\/analyse.optim.biz\/index.php?rest_route=\/wp\/v2\/posts"}],"about":[{"href":"https:\/\/analyse.optim.biz\/index.php?rest_route=\/wp\/v2\/types\/post"}],"author":[{"embeddable":true,"href":"https:\/\/analyse.optim.biz\/index.php?rest_route=\/wp\/v2\/users\/1"}],"replies":[{"embeddable":true,"href":"https:\/\/analyse.optim.biz\/index.php?rest_route=%2Fwp%2Fv2%2Fcomments&post=221903"}],"version-history":[{"count":0,"href":"https:\/\/analyse.optim.biz\/index.php?rest_route=\/wp\/v2\/posts\/221903\/revisions"}],"wp:featuredmedia":[{"embeddable":true,"href":"https:\/\/analyse.optim.biz\/index.php?rest_route=\/wp\/v2\/media\/221904"}],"wp:attachment":[{"href":"https:\/\/analyse.optim.biz\/index.php?rest_route=%2Fwp%2Fv2%2Fmedia&parent=221903"}],"wp:term":[{"taxonomy":"category","embeddable":true,"href":"https:\/\/analyse.optim.biz\/index.php?rest_route=%2Fwp%2Fv2%2Fcategories&post=221903"},{"taxonomy":"post_tag","embeddable":true,"href":"https:\/\/analyse.optim.biz\/index.php?rest_route=%2Fwp%2Fv2%2Ftags&post=221903"}],"curies":[{"name":"wp","href":"https:\/\/api.w.org\/{rel}","templated":true}]}}