{"id":221891,"date":"2013-09-12T17:32:53","date_gmt":"2013-09-12T14:32:53","guid":{"rendered":"https:\/\/analyse.optim.biz\/?p=221891"},"modified":"2013-09-12T17:32:53","modified_gmt":"2013-09-12T14:32:53","slug":"crin-antonescu-dupa-sedinta-usl-proiectul-rosia-montana-se-va-discuta-in-comisie-speciala","status":"publish","type":"post","link":"https:\/\/analyse.optim.biz\/?p=221891","title":{"rendered":"Crin Antonescu, dup\u0103 \u015fedin\u0163a USL: Proiectul Ro\u015fia Montan\u0103 se va discuta \u00een comisie special\u0103"},"content":{"rendered":"<div class=\"entry data-app-meta data-app-meta-article\" data-embed-base-url-canonical=\"https:\/\/www.digi24.ro\/embed\/stiri\/actualitate\/politica\/crin-antonescu-dupa-sedinta-usl-proiectul-rosia-montana-se-va-discuta-in-comisie-speciala-117813\">\n<p data-index=\"1\"><img decoding=\"async\" src=\"https:\/\/analyse.optim.biz\/wp-content\/uploads\/2024\/09\/ptiwogrizty4njkyzjewzjqzngu3mjm3owjimzu4mzhj-thumb_.jpg\" data-skip-htmlfix=\"1\" title=\"ptiwogrizty4njkyzjewzjqzngu3mjm3owjimzu4mzhj-thumb_\"><\/p>\n<p data-index=\"2\"><strong>(FOTO &#8211; Mediafax)<\/strong><\/p>\n<p data-index=\"3\">\u201eAm avut o discu\u0163ie pe multe subiecte, cel mai arz\u0103tor cel privind Ro\u015fia Montan\u0103, mi-am reafirmat convingerea c\u0103 e un proiect care se asum\u0103 sau nu de c\u0103tre Guvern. PSD a convenit s\u0103 revenim la formula unei comisii speciale, s\u0103 se solicite retragerea procedurii de urgen\u0163\u0103. <strong>Pozi\u0163ia PNL r\u0103m\u00e2ne \u00een forma comunicat\u0103 deja. Pentru noi, proiectul nu prezint\u0103 suficiente garan\u0163ii s\u0103 fie asumat prin votul Parlamentului<\/strong>. Nu putem asuma noi, \u00een Parlament, ceea ce Guvernul nu \u00ee\u015fi asum\u0103\u201d, a declarat Crin Antonescu.<\/p>\n<p data-index=\"4\">\u201eE limpede c\u0103 nu am avut o decizie \u015fi o discu\u0163ie \u00een USL pe proiect \u015fi niciodat\u0103 cu premierul despre anagajamentele statului rom\u00e2n \u00een aceast\u0103 privin\u0163\u0103\u201d, a spus<strong><a href=\"https:\/\/www.digi24.ro\/Stiri\/Digi24\/Actualitate\/Politica\/C+Antonescu+Nu+am+avut+o+decizie+si+o+discutie+in+USL+privind+pr\" target=\"_blank\" data-skip-linkfix=\"1\" rel=\"noopener\"> ieri,<\/a><\/strong> liderul PNL.<\/p>\n<p data-index=\"5\"><strong>(Declara\u0163iile liderului PNL Crin Antonescu)<\/strong><\/p>\n<p data-index=\"6\">Luni, acesta anun\u0163ase<strong><a href=\"https:\/\/www.digi24.ro\/Stiri\/Digi24\/Actualitate\/Politica\/Crin+Antonescu+Proiectul+de+la+Rosia+Montana+nu+poate+fi+sustinu\" target=\"_blank\" data-skip-linkfix=\"1\" rel=\"noopener\">pozi\u021bia politic\u0103 asumat\u0103 de parlamentarii PNL<\/a><\/strong>, \u00een sensul de a vota \u00eempotriva proiectului de lege. Dup\u0103 ce a aflat de la televizor despre decizia partenerului liberal, premierul a declarat c\u0103 proiectul nu mai poate continua, av\u00e2nd \u00een vedere c\u0103 nu exist\u0103 sprijin parlamentar. \u00a0<\/p>\n<p data-index=\"7\">\u201eC\u00e2t timp exist\u0103 \u00een mod clar o majoritate \u00eempotriva proiectului Ro\u0219ia Montan\u0103, nu mai are rost s\u0103 pierdem mult timp\u201d, <strong><a href=\"https:\/\/www.digi24.ro\/Stiri\/Digi24\/Actualitate\/Stiri\/Sedinta+pentru+Rosia+Montana+a+fost+anulata\" target=\"_blank\" data-skip-linkfix=\"1\" rel=\"noopener\">spunea atunci premierul.<\/a><\/strong><\/p>\n<p data-index=\"8\">\u00cen acest context, <strong>s-a renun\u0163at la ideea constituirii unei comisii speciale<\/strong> care s\u0103 discute proiectul privind exploatarea minier\u0103 de la Ro\u0219ia Montan\u0103.<\/p>\n<p data-index=\"9\">Totodat\u0103, vicepre\u0219edintele Senatului, Cristian Dumitrescu, anun\u0163a c\u0103 proiectul privind Ro\u0219ia Montan\u0103 a intrat \u00een procedur\u0103 de urgen\u021b\u0103 \u00een Parlament.<\/p>\n<p data-index=\"10\">\u201eFormal, proiectul de lege privind Ro\u015fia Montan\u0103 este trimis Senatului, ca prim\u0103 camer\u0103 sesizat\u0103, la Biroul Permanent, m\u00e2ine, va urma cursul normal, va fi trimis Comisiei de administra\u0163ie public\u0103, cu avize, cum e nromal. Sau, <strong>a doua variant\u0103, \u00een \u015fedin\u0163a birourilor reunite s\u0103 constituim o comisie mixt\u0103, Senat \u2013 Camera Deputa\u0163ilor<\/strong>, \u00een scopul de a deschide dialogul cu cei care manifest\u0103 \u00een strad\u0103, care au pozi\u0163ii \u00een mediul online, care \u00een pres\u0103 au pledat \u00eentr-un sens sau altul. Merg spre a doua variant\u0103, pentru c\u0103 permite aceast\u0103 discu\u0163ie public\u0103, transparent\u0103 \u015fi dialog. <strong>Voi pleda pentru o durat\u0103 rezonabil\u0103, scurt\u0103<\/strong>, nu pentru cantonarea \u00een discu\u0163ii nesf\u00e2r\u015fite. Pe proiectul la rigoare, dac\u0103 se lucreaz\u0103 intens \u015fi membrii comisiei se dedic\u0103, cred c\u0103 \u00eentr-o lun\u0103 s\u0103 treac\u0103 \u015fi de Camera Deputa\u0163ilor\u201d, a declarat <strong><a href=\"https:\/\/www.digi24.ro\/Stiri\/Digi24\/Actualitate\/Stiri\/Crin+Antonescu+pentru+protestatari+Ii+felicit+pentru+ca+o+fac\" target=\"_blank\" data-skip-linkfix=\"1\" rel=\"noopener\">Crin Antonescu, duminic\u0103, invitat la Digi24<\/a>.<\/strong> \u00a0<\/p>\n<p data-index=\"11\"><strong>Precedent- comisie special\u0103 \u00eenfiin\u021bat\u0103 \u0219i \u00een 2003<\/strong><\/p>\n<p data-index=\"12\">Parlamentul aproba \u00een <strong>martie 2003 \u00eenfiin\u0163area unei comisii speciale care s\u0103 analizeze proiectul de la Ro\u015fia Montana<\/strong> \u015fi s\u0103 depun\u0103 un raport \u00een termen de dou\u0103 luni. Comisia, \u00een care erau reprezentate toate partidele parlamentare, urma s\u0103 fie condus\u0103 de c\u0103tre deputatul PSD Alexandru Sassu, secondat de parlamentari PRM \u015fi PNL. Din comisie f\u0103cea parte \u015fi Radu Berceanu. Potrivit deciziei de atunci a Parlamentului, <strong>scopul comisiei era de a formula \u201eun punct de vedere unitar \u00een ceea ce prive\u015fte aspectele economice, sociale, culturale \u015fi de mediu&#8221; de la Ro\u015fia Montana<\/strong>.<\/p>\n<p data-index=\"13\">La lucr\u0103rile comisiei urmau s\u0103 fie invita\u0163i mini\u015ftri, membri ai Academiei, ai serviciilor de informa\u0163ii \u015fi al\u0163i speciali\u015fti.<\/p>\n<p data-index=\"14\"><strong>Premierul de atunci Adrian N\u0103stase trimisese anterior o scrisoare conducerilor Camerei Deputa\u0163ilor \u015fi Senatului<\/strong> \u00een care ar\u0103ta c\u0103, av\u00eend \u00een vedere dezbaterile pe tema Proiectului de dezvoltare minier\u0103 Ro\u015fia Montan\u0103 \u015fi \u201e\u0163in\u00eend seama de necesitatea exprim\u0103rii unui punct de vedere unitar \u00een aceast\u0103 privin\u0163\u0103&#8221;, Guvernul desemnase cinci mini\u015ftri care \u201es\u0103 participe la efectuarea unei analize asupra acestei problematici&#8221;. Adrian N\u0103stase solicita conducerii Parlamentului s\u0103 analizeze oportunitatea constituirii unei comisii comune parlamentare la lucr\u0103rile c\u0103reia s\u0103 fie coopta\u0163i mini\u015ftrii desemna\u0163i de Guvern.<\/p>\n<p data-index=\"15\">\u00a0\u00a0<\/p>\n<\/div>\n<p> Source URL: https:\/\/www.digi24.ro\/stiri\/actualitate\/politica\/crin-antonescu-dupa-sedinta-usl-proiectul-rosia-montana-se-va-discuta-in-comisie-speciala-117813<\/p>\n","protected":false},"excerpt":{"rendered":"<p>(FOTO &#8211; Mediafax) \u201eAm avut o discu\u0163ie pe multe subiecte, cel mai arz\u0103tor cel privind Ro\u015fia Montan\u0103, mi-am reafirmat convingerea c\u0103 e un proiect care se asum\u0103 sau nu de c\u0103tre Guvern. PSD a convenit s\u0103 revenim la formula unei comisii speciale, s\u0103 se solicite retragerea procedurii de urgen\u0163\u0103. Pozi\u0163ia PNL r\u0103m\u00e2ne \u00een forma comunicat\u0103 [&hellip;]<\/p>\n","protected":false},"author":1,"featured_media":221892,"comment_status":"open","ping_status":"","sticky":false,"template":"","format":"standard","meta":{"footnotes":""},"categories":[2],"tags":[11],"class_list":["post-221891","post","type-post","status-publish","format-standard","has-post-thumbnail","hentry","category-politics","tag-digi24"],"_links":{"self":[{"href":"https:\/\/analyse.optim.biz\/index.php?rest_route=\/wp\/v2\/posts\/221891","targetHints":{"allow":["GET"]}}],"collection":[{"href":"https:\/\/analyse.optim.biz\/index.php?rest_route=\/wp\/v2\/posts"}],"about":[{"href":"https:\/\/analyse.optim.biz\/index.php?rest_route=\/wp\/v2\/types\/post"}],"author":[{"embeddable":true,"href":"https:\/\/analyse.optim.biz\/index.php?rest_route=\/wp\/v2\/users\/1"}],"replies":[{"embeddable":true,"href":"https:\/\/analyse.optim.biz\/index.php?rest_route=%2Fwp%2Fv2%2Fcomments&post=221891"}],"version-history":[{"count":0,"href":"https:\/\/analyse.optim.biz\/index.php?rest_route=\/wp\/v2\/posts\/221891\/revisions"}],"wp:featuredmedia":[{"embeddable":true,"href":"https:\/\/analyse.optim.biz\/index.php?rest_route=\/wp\/v2\/media\/221892"}],"wp:attachment":[{"href":"https:\/\/analyse.optim.biz\/index.php?rest_route=%2Fwp%2Fv2%2Fmedia&parent=221891"}],"wp:term":[{"taxonomy":"category","embeddable":true,"href":"https:\/\/analyse.optim.biz\/index.php?rest_route=%2Fwp%2Fv2%2Fcategories&post=221891"},{"taxonomy":"post_tag","embeddable":true,"href":"https:\/\/analyse.optim.biz\/index.php?rest_route=%2Fwp%2Fv2%2Ftags&post=221891"}],"curies":[{"name":"wp","href":"https:\/\/api.w.org\/{rel}","templated":true}]}}