{"id":221742,"date":"2013-09-16T15:48:55","date_gmt":"2013-09-16T12:48:55","guid":{"rendered":"https:\/\/analyse.optim.biz\/?p=221742"},"modified":"2013-09-16T15:48:55","modified_gmt":"2013-09-16T12:48:55","slug":"l-orban-votez-orice-motiune-de-cenzura-impotriva-lui-ponta","status":"publish","type":"post","link":"https:\/\/analyse.optim.biz\/?p=221742","title":{"rendered":"L. Orban: Votez orice mo\u0163iune de cenzur\u0103 \u00eempotriva lui Ponta"},"content":{"rendered":"<div class=\"entry data-app-meta data-app-meta-article\" data-embed-base-url-canonical=\"https:\/\/www.digi24.ro\/embed\/stiri\/actualitate\/politica\/l-orban-votez-orice-motiune-de-cenzura-impotriva-lui-ponta-119331\">\n<p data-index=\"1\"><img decoding=\"async\" src=\"https:\/\/analyse.optim.biz\/wp-content\/uploads\/2024\/09\/ywrkmmzizgrlothmmtywnzu1owu0mdiwnwu2oa-thumb_.jpg\" data-skip-htmlfix=\"1\" title=\"ywrkmmzizgrlothmmtywnzu1owu0mdiwnwu2oa-thumb_\">\u00a0<\/p>\n<p data-index=\"2\"><strong>(FOTO &#8211; Mediafax)<\/strong><\/p>\n<p data-index=\"3\">\u201eIeri, privindu-l pe Ponta, l-am v\u0103zut aievea pe\u00a0Ion Iliescu\u00a0al anilor 90, mul\u0163umind minerilor dup\u0103 reprimarea brutal\u0103 a Pie\u0163ei Universit\u0103\u0163ii. Este adev\u0103rat c\u0103 nu avea dec\u00e2t casca (nou-nou\u0163\u0103, de altfel ca \u015fi to\u0163i ceilal\u0163i asa-zi\u015fi mineri, care nu mai sunt mineri din 2006) nefiind dotat \u015fi cu l\u0103mpa\u015f sau b\u00e2t\u0103. Este adev\u0103rat c\u0103 nu a adus minerii la Bucure\u015fti, dar a f\u0103cut un lucru mult mai grav: a promis minerilor c\u0103 \u00eei ia pe parlamentari de guler \u015fi \u00eei aduce s\u0103 voteze \u00een min\u0103. Este adev\u0103rat c\u0103 nu a \u00eenfierat cu m\u00e2nie proletar\u0103 protestatarii din Pia\u0163a Universit\u0103\u0163ii, \u00eens\u0103 a f\u0103cut un lucru \u015fi mai grav, afirm\u00e2nd: nimeni nu are voie s\u0103 spun\u0103 nu\u201d, a scris Ludovic Orban pe<strong><a href=\"https:\/\/www.facebook.com\/ludovic.orban.3?fref=ts\" target=\"_blank\" data-skip-linkfix=\"1\" rel=\"noopener\"> contul s\u0103u de Facebook<\/a><\/strong>.<\/p>\n<p data-index=\"4\">El avertizeaz\u0103 c\u0103 va vota orice mo\u0163iunea de cenzur\u0103 \u00eempotriva Cabinetului Ponta.<\/p>\n<p data-index=\"5\">\u201e\u00cel anun\u0163 pe aceast\u0103 cale pe domnul Ponta c\u0103 voi vota orice mo\u0163iune de cenzur\u0103 se va depune \u00eempotriva cabinetului s\u0103u \u015fi c\u0103 voi face toate demersurile posibile pentru a \u00eemi convinge colegii liberali c\u0103 acest hibrid nereu\u015fit \u00eentre capitalismul lui Nastase (vezi PETROM, ALRO, BECHTEL etc.) \u015fi comunismul lui Iliescu trebuie s\u0103 plece din fruntea guvernului Rom\u00e2niei\u201d, a mai spus Orban.<\/p>\n<p data-index=\"6\">Vineri, deputatul PNL a cerut, \u00eentr-o postare pe Facebook referitoare la Ro\u015fia Montan\u0103, <a href=\"https:\/\/www.digi24.ro\/Stiri\/Digi24\/Actualitate\/Politica\/L+Orban+despre+Rosia+Montana+Singura+solutie+este+demisia+lui+V+\" target=\"_blank\" data-skip-linkfix=\"1\" rel=\"noopener\">demisiile \u201ede onoare\u201d ale premierului\u00a0Victor Ponta\u00a0\u015fi ministrului Dan \u015eova<\/a>.<\/p>\n<p data-index=\"7\">Minerii de la Ro\u015fia Montan\u0103, care s-au blocat \u00een subteran de cinci, respectiv trei zile, au ie\u015fit din min\u0103, duminic\u0103 sear\u0103, <a href=\"https:\/\/www.digi24.ro\/Stiri\/Digi24\/Actualitate\/Stiri\/Victor+Ponta+la+Rosia+Montana\" target=\"_blank\" data-skip-linkfix=\"1\" rel=\"noopener\">dup\u0103 aproape o or\u0103<\/a> de la momentul \u00een care premierul Victor Ponta a cobor\u00e2t la ei, primul-ministru spun\u00e2ndu-le acestora c\u0103 le va aduce Comisia parlamentar\u0103.<\/p>\n<\/div>\n<p> Source URL: https:\/\/www.digi24.ro\/stiri\/actualitate\/politica\/l-orban-votez-orice-motiune-de-cenzura-impotriva-lui-ponta-119331<\/p>\n","protected":false},"excerpt":{"rendered":"<p>\u00a0 (FOTO &#8211; Mediafax) \u201eIeri, privindu-l pe Ponta, l-am v\u0103zut aievea pe\u00a0Ion Iliescu\u00a0al anilor 90, mul\u0163umind minerilor dup\u0103 reprimarea brutal\u0103 a Pie\u0163ei Universit\u0103\u0163ii. Este adev\u0103rat c\u0103 nu avea dec\u00e2t casca (nou-nou\u0163\u0103, de altfel ca \u015fi to\u0163i ceilal\u0163i asa-zi\u015fi mineri, care nu mai sunt mineri din 2006) nefiind dotat \u015fi cu l\u0103mpa\u015f sau b\u00e2t\u0103. Este adev\u0103rat [&hellip;]<\/p>\n","protected":false},"author":1,"featured_media":221743,"comment_status":"open","ping_status":"","sticky":false,"template":"","format":"standard","meta":{"footnotes":""},"categories":[2],"tags":[11],"class_list":["post-221742","post","type-post","status-publish","format-standard","has-post-thumbnail","hentry","category-politics","tag-digi24"],"_links":{"self":[{"href":"https:\/\/analyse.optim.biz\/index.php?rest_route=\/wp\/v2\/posts\/221742","targetHints":{"allow":["GET"]}}],"collection":[{"href":"https:\/\/analyse.optim.biz\/index.php?rest_route=\/wp\/v2\/posts"}],"about":[{"href":"https:\/\/analyse.optim.biz\/index.php?rest_route=\/wp\/v2\/types\/post"}],"author":[{"embeddable":true,"href":"https:\/\/analyse.optim.biz\/index.php?rest_route=\/wp\/v2\/users\/1"}],"replies":[{"embeddable":true,"href":"https:\/\/analyse.optim.biz\/index.php?rest_route=%2Fwp%2Fv2%2Fcomments&post=221742"}],"version-history":[{"count":0,"href":"https:\/\/analyse.optim.biz\/index.php?rest_route=\/wp\/v2\/posts\/221742\/revisions"}],"wp:featuredmedia":[{"embeddable":true,"href":"https:\/\/analyse.optim.biz\/index.php?rest_route=\/wp\/v2\/media\/221743"}],"wp:attachment":[{"href":"https:\/\/analyse.optim.biz\/index.php?rest_route=%2Fwp%2Fv2%2Fmedia&parent=221742"}],"wp:term":[{"taxonomy":"category","embeddable":true,"href":"https:\/\/analyse.optim.biz\/index.php?rest_route=%2Fwp%2Fv2%2Fcategories&post=221742"},{"taxonomy":"post_tag","embeddable":true,"href":"https:\/\/analyse.optim.biz\/index.php?rest_route=%2Fwp%2Fv2%2Ftags&post=221742"}],"curies":[{"name":"wp","href":"https:\/\/api.w.org\/{rel}","templated":true}]}}