{"id":221699,"date":"2013-09-16T20:33:19","date_gmt":"2013-09-16T17:33:19","guid":{"rendered":"https:\/\/analyse.optim.biz\/?p=221699"},"modified":"2013-09-16T20:33:19","modified_gmt":"2013-09-16T17:33:19","slug":"raspunsurile-presedintelui-la-intrebarile-presei-prilej-de-ironii-la-adresa-premierului","status":"publish","type":"post","link":"https:\/\/analyse.optim.biz\/?p=221699","title":{"rendered":"R\u0103spunsurile pre\u0219edintelui la \u00eentreb\u0103rile presei, prilej de ironii la adresa premierului"},"content":{"rendered":"<div class=\"entry data-app-meta data-app-meta-article\" data-embed-base-url-canonical=\"https:\/\/www.digi24.ro\/embed\/stiri\/actualitate\/politica\/raspunsurile-presedintelui-la-intrebarile-presei-prilej-de-ironii-la-adresa-premierului-119532\">\n<p data-index=\"1\">\u0218eful statului l-a caracterizat \u201emai pu\u021bin inteligent\u201d pe Victor Ponta dec\u00e2t fostul premier Adrian N\u0103stase, al c\u0103rui stil de guvernare l-ar aplica la r\u00e2ndul s\u0103u actualul \u0219ef al Executivului.<\/p>\n<p data-index=\"2\">Rugat s\u0103 \u00ee\u0219i detalieze declara\u021bia anterioar\u0103, conform c\u0103reia <a href=\"https:\/\/www.digi24.ro\/Stiri\/Digi24\/Actualitate\/Politica\/Traian+Basescu+declaratii+Rosia+Montana+atac+Guvern\" target=\"_blank\" data-skip-linkfix=\"1\" rel=\"noopener\">\u201eVictor Ponta ar trebui s\u0103 scape de la\u0219itate \u0219i s\u0103 renun\u021be la jmecherii\u201d<\/a>, Traian B\u0103sescu a r\u0103spuns: \u201eAsta, c\u0103 s-au mai dat legi. Nu, a fost tandemul Iliescu \u2013 N\u0103stase, exact cum vrea s\u0103 fac\u0103 Ponta acum: s\u0103-\u0219i ascund\u0103 sl\u0103biciunile sub legi. \u0218i nu numai. E exact stilul de guvernare al lui Adrian N\u0103stase, cu jmecherii, cu legi, s\u0103 se acopere, s\u0103 se nu \u0219tiu ce \u0219i pe dedesubt, s\u0103 se \u00eent\u00e2mple toate minunile cu putin\u021b\u0103. La fel \u0219i cu terenuri din Insula Mare a Br\u0103ilei, date Consiliului Jude\u021bean Br\u0103ila&#8230; <strong>Este exact acela\u0219i mod de guvernare, numai c\u0103 Ponta e mai pu\u021bin inteligent<\/strong>\u201d.<\/p>\n<p data-index=\"3\">\u00centrebat dac\u0103 a transmis o notificare scris\u0103 la Palatul Victoria pe tema problemelor de cosntitu\u021bionalitate identificate \u00een proiectul de lege privind proiectul minier de la Ro\u0219ia Montan\u0103, pre\u0219edintele a r\u0103spuns c\u0103 rela\u021bia premierului pe aceast\u0103 poveste este cu Parlamentul, nu cu \u0219eful statului: <strong>\u201ePoate dac\u0103 nu ar fi luat decizia s\u0103 \u00eemi mai r\u0103spund\u0103 la telefon, poate era mai norocos, a\u0219a nu am ce s\u0103-i fac\u201d<\/strong>, a spus pre\u0219edintele, explic\u00e2nd astfel ie\u0219irea sa public\u0103.<\/p>\n<p data-index=\"4\">Mai mult, Traian B\u0103sescu a ironizat demersul premierului de a merge la Ro\u0219ia Montan\u0103 pentru a-i convinge pe minerii bloca\u021bi \u00een subteran s\u0103 renun\u021be la aceast\u0103 mi\u0219care de protest.<\/p>\n<p data-index=\"5\">\u0218eful statului a explicat c\u0103 a renun\u021bat la inten\u021bia de a merge la Ro\u0219ia Montan\u0103 \u00een momentul \u00een care a aflat c\u0103 premierul se va deplasa \u00een zon\u0103 \u0219i c\u0103 l-a felicitat, \u201e\u00een g\u00e2nd\u201d.<\/p>\n<p data-index=\"6\"><strong>\u201eV\u0103 da\u021bi seama, c\u0103 s\u0103 sco\u021bi ni\u0219te mineri dintr-o galerie turistic\u0103 e o&#8230; un efort\u201d<\/strong>, a comentat pre\u0219edintele. \u00a0 \u00a0 \u00a0 \u00a0 \u00a0 \u00a0<\/p>\n<p data-index=\"7\">Traian B\u0103sescu l-a criticat \u0219i pe Crin Antonescu:<strong> \u201eNu sunt de acord nici cu pozi\u0163ia celuilalt lider USL, domnul Antonescu, care a intrat \u0219i el \u00een jocul: vot\u0103m sau nu vot\u0103m. Ori Antonescu \u015ftie foarte bine ca e neconstitu\u0163ional proiectul de lege\u201d<\/strong>.<\/p>\n<p data-index=\"8\">Nici ministrul delegat pentru Marile Proiecte, Dan \u0218ova, nu a sc\u0103pat necriticat de \u0219eful statului, care a spus: <strong>\u201e\u0218ova ar trebui s\u0103 se duc\u0103 c\u00e2t vede cu ochii\u201d.<\/strong><\/p>\n<p data-index=\"9\">La finalul conferin\u021bei, pre\u0219edintele s-a \u0219i autoironizat, atunci c\u00e2nd a fost \u00eentrebat de ce nu a atacat la Curtea Constitu\u021bional\u0103 alte legi care vizau privatiz\u0103ri \u00een timpul mandatului lui Ion Iliescu, c\u00e2nd era \u00een Opozi\u021bie: <strong>\u201eN-aveam at\u00e2ta minte, n-aveam experien\u021ba unui pre\u0219edinte\u201d<\/strong>.<\/p>\n<\/div>\n<p> Source URL: https:\/\/www.digi24.ro\/stiri\/actualitate\/politica\/raspunsurile-presedintelui-la-intrebarile-presei-prilej-de-ironii-la-adresa-premierului-119532<\/p>\n","protected":false},"excerpt":{"rendered":"<p>\u0218eful statului l-a caracterizat \u201emai pu\u021bin inteligent\u201d pe Victor Ponta dec\u00e2t fostul premier Adrian N\u0103stase, al c\u0103rui stil de guvernare l-ar aplica la r\u00e2ndul s\u0103u actualul \u0219ef al Executivului. Rugat s\u0103 \u00ee\u0219i detalieze declara\u021bia anterioar\u0103, conform c\u0103reia \u201eVictor Ponta ar trebui s\u0103 scape de la\u0219itate \u0219i s\u0103 renun\u021be la jmecherii\u201d, Traian B\u0103sescu a r\u0103spuns: \u201eAsta, [&hellip;]<\/p>\n","protected":false},"author":1,"featured_media":221700,"comment_status":"open","ping_status":"","sticky":false,"template":"","format":"standard","meta":{"footnotes":""},"categories":[2],"tags":[11],"class_list":["post-221699","post","type-post","status-publish","format-standard","has-post-thumbnail","hentry","category-politics","tag-digi24"],"_links":{"self":[{"href":"https:\/\/analyse.optim.biz\/index.php?rest_route=\/wp\/v2\/posts\/221699","targetHints":{"allow":["GET"]}}],"collection":[{"href":"https:\/\/analyse.optim.biz\/index.php?rest_route=\/wp\/v2\/posts"}],"about":[{"href":"https:\/\/analyse.optim.biz\/index.php?rest_route=\/wp\/v2\/types\/post"}],"author":[{"embeddable":true,"href":"https:\/\/analyse.optim.biz\/index.php?rest_route=\/wp\/v2\/users\/1"}],"replies":[{"embeddable":true,"href":"https:\/\/analyse.optim.biz\/index.php?rest_route=%2Fwp%2Fv2%2Fcomments&post=221699"}],"version-history":[{"count":0,"href":"https:\/\/analyse.optim.biz\/index.php?rest_route=\/wp\/v2\/posts\/221699\/revisions"}],"wp:featuredmedia":[{"embeddable":true,"href":"https:\/\/analyse.optim.biz\/index.php?rest_route=\/wp\/v2\/media\/221700"}],"wp:attachment":[{"href":"https:\/\/analyse.optim.biz\/index.php?rest_route=%2Fwp%2Fv2%2Fmedia&parent=221699"}],"wp:term":[{"taxonomy":"category","embeddable":true,"href":"https:\/\/analyse.optim.biz\/index.php?rest_route=%2Fwp%2Fv2%2Fcategories&post=221699"},{"taxonomy":"post_tag","embeddable":true,"href":"https:\/\/analyse.optim.biz\/index.php?rest_route=%2Fwp%2Fv2%2Ftags&post=221699"}],"curies":[{"name":"wp","href":"https:\/\/api.w.org\/{rel}","templated":true}]}}