{"id":221363,"date":"2013-09-13T21:38:43","date_gmt":"2013-09-13T18:38:43","guid":{"rendered":"https:\/\/analyse.optim.biz\/?p=221363"},"modified":"2013-09-13T21:38:43","modified_gmt":"2013-09-13T18:38:43","slug":"iosif-boda-nu-putea-guvernul-ponta-sa-scape-de-un-dorel-acest-dorel-este-dan-sova","status":"publish","type":"post","link":"https:\/\/analyse.optim.biz\/?p=221363","title":{"rendered":"Iosif Boda: Nu putea Guvernul Ponta s\u0103 scape de un Dorel. Acest Dorel este Dan \u0218ova"},"content":{"rendered":"<div class=\"entry data-app-meta data-app-meta-article\" data-embed-base-url-canonical=\"https:\/\/www.digi24.ro\/embed\/stiri\/actualitate\/politica\/iosif-boda-nu-putea-guvernul-ponta-sa-scape-de-un-dorel-acest-dorel-este-dan-sova-118439\">\n<p data-index=\"1\">Cel mai mare c\u00e2\u0219tig al acestor zece zile este apari\u021bia unei noi forme de solidarizare, consider\u0103 analistul Iosif Boda.<\/p>\n<p data-index=\"2\">\u201e<span>Este o genera\u021bie t\u00e2n\u0103r\u0103 care \u00eencepe s\u0103 se trezeasc\u0103. N-am avut foarte mari speran\u021be \u00een genera\u021biile tinere pentru c\u0103 reprezentan\u021bii care au intrat \u00een politic\u0103 s-au dovedit a fi chiar mult mai pu\u021bin poten\u021bi \u0219i ap\u021bi de schimbare dec\u00e2t a fost genera\u021bia mea\u201d, a spus Iosif Boda.<\/span><\/p>\n<p data-index=\"3\">\u201e<span>Constat \u00een ultima vreme c\u0103 se \u00eenmul\u021besc Dorelii. \u0218i la V\u00e2lcea am v\u0103zut un Dorel care inund\u0103 jum\u0103tate din ora\u0219 \u0219i-i las\u0103 f\u0103r\u0103 ap\u0103 cald\u0103, \u0219i \u00een alt ora\u0219 aproape c\u0103 i-a aruncat \u00een aer pentru c\u0103 a ag\u0103\u021bat o conduct\u0103 de gaz. \u00cen Rom\u00e2nia devine la mod\u0103 s\u0103 ai c\u00e2te un Dorel \u00een diverse comunit\u0103\u021bi. Nu putea Guvernul Ponta s\u0103 scape, ca o comunitate care ne conduce, de un Dorel. Acest Dorel trebuie s\u0103 v\u0103 spun c\u0103 este Dan \u0218ova, de departe. Dup\u0103 ce un absolvent de drept la stat, la Universitatea Bucure\u0219ti, \u0219i de istorie, la stat, la Universitatea Bucure\u0219ti, face o afirma\u021bie c\u0103 pe vremea lui Antonescu niciun evreu n-a fost&#8230; (Cosmin Prelipceanu: N-a sc\u0103pat de asta? &#8211; n.r.) N-a sc\u0103pat, cu asta a \u00eenceput. Cum pute\u021bi s\u0103 v\u0103 \u00eenchipui\u021bi ca dumneavoastr\u0103 s\u0103 intra\u021bi \u00een negociere cu cineva de la care a\u021bi vrea s\u0103 cump\u0103ra\u021bi o locuin\u021b\u0103 \u0219i s\u0103 nu-i cere\u021bi contractul de v\u00e2nzare-cump\u0103rare ini\u021bial. Nu g\u0103sim contractul original de la Bechtel\u201d, a afirmat Iosif Boda.<\/span><\/p>\n<p data-index=\"4\">Acesta a f\u0103cut referire \u0219i la contractul legat de Ro\u0219ia Montan\u0103, semnat de Radu Berceanu. Analistul politic a spus c\u0103 nu a auzit pe niciun fost ministru al mediului s\u0103 spun\u0103 c\u0103 a v\u0103zut acest contract.<\/p>\n<p data-index=\"5\">\u201e<span>Niciun ministru al actualului Guvern, cu excep\u021bia domnului \u0218ova, spune c\u0103 n-a v\u0103zut (contractul \u2013 n.r.)\u201d, a mai spus Iosif Boda.<\/span><\/p>\n<p data-index=\"6\">Boda a apreciat c\u0103 aproximativ 95% nu este informat\u0103, f\u0103r\u0103 s\u0103 mai fac\u0103 referire \u0219i la faptul c\u0103 este dezinformat\u0103, \u00een ceea ce prive\u0219te Ro\u0219ia Montan\u0103.<\/p>\n<p data-index=\"7\">Scandalul creat \u00een jurul exploat\u0103rii miniere de la Ro\u015fia Montan\u0103 a scos la iveal\u0103 o serie de detalii care pun serios sub semnul \u00eentreb\u0103rii legalitatea rela\u0163iei dintre statul rom\u00e2n \u015fi compania minier\u0103. De\u015fi au promis c\u0103 toate documentele \u00eencheiate \u00eentre guvern \u015fi Gold Corporation vor fi f\u0103cute publice, <a href=\"https:\/\/www.digi24.ro\/Emisiuni\/Digi24\/Cultura+politica\/Arhiva+inregistrari\/Cultura+politica+-+12+septembrie+2013\" target=\"_blank\" data-skip-linkfix=\"1\" rel=\"noopener\">premierul Victor Ponta \u015fi ministrul Dan \u015eova nu au adus absolut nimic nou<\/a>.<\/p>\n<p data-index=\"8\">Ministrul delegat pentru Marile Proiecte, Dan \u015eova, <a href=\"https:\/\/www.digi24.ro\/Stiri\/Digi24\/Economie\/Stiri\/Actiunile+Gabriel+Resources+au+inchis+joi+in+urcare+cu+10+6+insa\" target=\"_blank\" data-skip-linkfix=\"1\" rel=\"noopener\">a declarat<\/a> c\u0103, \u00een cazul \u00een care proiectul Ro\u015fia Montan\u0103 nu va fi adoptat, Gold Corporation poate emite preten\u0163ii la desp\u0103gubiri de 2 miliarde de dolari, care \u00eenseamn\u0103 550 milioane dolari cheltuieli pe investi\u0163ii realizate \u015fi 1,5 miliarde profitul estimat.<\/p>\n<p data-index=\"9\">De asemenea, deputatul Ludovic Orban a <a href=\"https:\/\/www.digi24.ro\/Stiri\/Digi24\/Actualitate\/Politica\/L+Orban+despre+Rosia+Montana+Singura+solutie+este+demisia+lui+V+\" target=\"_blank\" data-skip-linkfix=\"1\" rel=\"noopener\">criticat<\/a> afirma\u021biile premierului Victor Ponta, \u00eent\u0103rite de Ministrul delegat pentru Marile proiecte, Dan \u0218ova, potrivit c\u0103rora compania Gabriel Resources poate da \u00een judecat\u0103 statul rom\u00e2n.<\/p>\n<\/div>\n<p> Source URL: https:\/\/www.digi24.ro\/stiri\/actualitate\/politica\/iosif-boda-nu-putea-guvernul-ponta-sa-scape-de-un-dorel-acest-dorel-este-dan-sova-118439<\/p>\n","protected":false},"excerpt":{"rendered":"<p>Cel mai mare c\u00e2\u0219tig al acestor zece zile este apari\u021bia unei noi forme de solidarizare, consider\u0103 analistul Iosif Boda. \u201eEste o genera\u021bie t\u00e2n\u0103r\u0103 care \u00eencepe s\u0103 se trezeasc\u0103. N-am avut foarte mari speran\u021be \u00een genera\u021biile tinere pentru c\u0103 reprezentan\u021bii care au intrat \u00een politic\u0103 s-au dovedit a fi chiar mult mai pu\u021bin poten\u021bi \u0219i ap\u021bi [&hellip;]<\/p>\n","protected":false},"author":1,"featured_media":221364,"comment_status":"open","ping_status":"","sticky":false,"template":"","format":"standard","meta":{"footnotes":""},"categories":[2],"tags":[11],"class_list":["post-221363","post","type-post","status-publish","format-standard","has-post-thumbnail","hentry","category-politics","tag-digi24"],"_links":{"self":[{"href":"https:\/\/analyse.optim.biz\/index.php?rest_route=\/wp\/v2\/posts\/221363","targetHints":{"allow":["GET"]}}],"collection":[{"href":"https:\/\/analyse.optim.biz\/index.php?rest_route=\/wp\/v2\/posts"}],"about":[{"href":"https:\/\/analyse.optim.biz\/index.php?rest_route=\/wp\/v2\/types\/post"}],"author":[{"embeddable":true,"href":"https:\/\/analyse.optim.biz\/index.php?rest_route=\/wp\/v2\/users\/1"}],"replies":[{"embeddable":true,"href":"https:\/\/analyse.optim.biz\/index.php?rest_route=%2Fwp%2Fv2%2Fcomments&post=221363"}],"version-history":[{"count":0,"href":"https:\/\/analyse.optim.biz\/index.php?rest_route=\/wp\/v2\/posts\/221363\/revisions"}],"wp:featuredmedia":[{"embeddable":true,"href":"https:\/\/analyse.optim.biz\/index.php?rest_route=\/wp\/v2\/media\/221364"}],"wp:attachment":[{"href":"https:\/\/analyse.optim.biz\/index.php?rest_route=%2Fwp%2Fv2%2Fmedia&parent=221363"}],"wp:term":[{"taxonomy":"category","embeddable":true,"href":"https:\/\/analyse.optim.biz\/index.php?rest_route=%2Fwp%2Fv2%2Fcategories&post=221363"},{"taxonomy":"post_tag","embeddable":true,"href":"https:\/\/analyse.optim.biz\/index.php?rest_route=%2Fwp%2Fv2%2Ftags&post=221363"}],"curies":[{"name":"wp","href":"https:\/\/api.w.org\/{rel}","templated":true}]}}