{"id":221144,"date":"2013-09-26T12:36:36","date_gmt":"2013-09-26T09:36:36","guid":{"rendered":"https:\/\/analyse.optim.biz\/?p=221144"},"modified":"2013-09-26T12:36:36","modified_gmt":"2013-09-26T09:36:36","slug":"victor-ponta-nu-vrea-amnistie-pentru-primari-premierul-nu-este-de-acord-cu-propunerea-lui-c-antonescu","status":"publish","type":"post","link":"https:\/\/analyse.optim.biz\/?p=221144","title":{"rendered":"Victor Ponta nu vrea amnistie pentru primari. Premierul nu este de acord cu propunerea lui C. Antonescu"},"content":{"rendered":"<div class=\"entry data-app-meta data-app-meta-article\" data-embed-base-url-canonical=\"https:\/\/www.digi24.ro\/embed\/stiri\/actualitate\/politica\/victor-ponta-nu-vrea-amnistie-pentru-primari-premierul-nu-este-de-acord-cu-propunerea-lui-c-antonescu-124123\">\n<p data-index=\"1\">Premierul \u00ee\u015fi men\u0163ine p\u0103rerea c\u0103 trebuie a\u015fteptate sentin\u0163ele definitive \u00een cazul tuturor ale\u015filor care au procese cu Agen\u0163ia Na\u0163ional\u0103 de Integritate.<\/p>\n<p data-index=\"2\">Deocamdat\u0103, aproximativ 150 de primari, consilieri \u015fi \u015fefi de consilii jude\u0163ene risc\u0103 s\u0103-\u015fi piard\u0103 func\u0163iile dac\u0103 vor declara\u0163i incompatibili de instan\u0163e.<\/p>\n<p data-index=\"3\">\u201e<span>Problema este dac\u0103 e constitu\u021bional s\u0103 dai o amnistie \u00een administrativ, \u00een penal este. \u201eDeci eu vreau s\u0103 a\u0219tept\u0103m s\u0103 vedem ce spun instan\u021bele. Altfel, \u0219i eu vreau s\u0103 fiu popular \u00eentre primari \u0219i s\u0103 spun c\u0103 \u00eei ap\u0103r pe to\u021bi, dar a\u0219 vrea s\u0103 o \u0219i fac, nu doar s\u0103 o spun\u201d, a declarat Victor Ponta.<\/span><\/p>\n<p data-index=\"4\">Copre\u015fedin\u0163ii USL au puncte de vedere diferite nu doar \u00een ceea ce prive\u015fte subiectul ale\u015filor locali afla\u0163i pe lista ANI. Exist\u0103 tot mai multe teme asupra c\u0103rora PSD \u015fi PNL nu se mai \u00een\u0163eleg. Acestea vor fi discutate ast\u0103zi de conducerea social-democra\u0163ilor.<\/p>\n<\/div>\n<p> Source URL: https:\/\/www.digi24.ro\/stiri\/actualitate\/politica\/victor-ponta-nu-vrea-amnistie-pentru-primari-premierul-nu-este-de-acord-cu-propunerea-lui-c-antonescu-124123<\/p>\n","protected":false},"excerpt":{"rendered":"<p>Premierul \u00ee\u015fi men\u0163ine p\u0103rerea c\u0103 trebuie a\u015fteptate sentin\u0163ele definitive \u00een cazul tuturor ale\u015filor care au procese cu Agen\u0163ia Na\u0163ional\u0103 de Integritate. Deocamdat\u0103, aproximativ 150 de primari, consilieri \u015fi \u015fefi de consilii jude\u0163ene risc\u0103 s\u0103-\u015fi piard\u0103 func\u0163iile dac\u0103 vor declara\u0163i incompatibili de instan\u0163e. \u201eProblema este dac\u0103 e constitu\u021bional s\u0103 dai o amnistie \u00een administrativ, \u00een penal [&hellip;]<\/p>\n","protected":false},"author":1,"featured_media":221145,"comment_status":"open","ping_status":"","sticky":false,"template":"","format":"standard","meta":{"footnotes":""},"categories":[2],"tags":[11],"class_list":["post-221144","post","type-post","status-publish","format-standard","has-post-thumbnail","hentry","category-politics","tag-digi24"],"_links":{"self":[{"href":"https:\/\/analyse.optim.biz\/index.php?rest_route=\/wp\/v2\/posts\/221144","targetHints":{"allow":["GET"]}}],"collection":[{"href":"https:\/\/analyse.optim.biz\/index.php?rest_route=\/wp\/v2\/posts"}],"about":[{"href":"https:\/\/analyse.optim.biz\/index.php?rest_route=\/wp\/v2\/types\/post"}],"author":[{"embeddable":true,"href":"https:\/\/analyse.optim.biz\/index.php?rest_route=\/wp\/v2\/users\/1"}],"replies":[{"embeddable":true,"href":"https:\/\/analyse.optim.biz\/index.php?rest_route=%2Fwp%2Fv2%2Fcomments&post=221144"}],"version-history":[{"count":0,"href":"https:\/\/analyse.optim.biz\/index.php?rest_route=\/wp\/v2\/posts\/221144\/revisions"}],"wp:featuredmedia":[{"embeddable":true,"href":"https:\/\/analyse.optim.biz\/index.php?rest_route=\/wp\/v2\/media\/221145"}],"wp:attachment":[{"href":"https:\/\/analyse.optim.biz\/index.php?rest_route=%2Fwp%2Fv2%2Fmedia&parent=221144"}],"wp:term":[{"taxonomy":"category","embeddable":true,"href":"https:\/\/analyse.optim.biz\/index.php?rest_route=%2Fwp%2Fv2%2Fcategories&post=221144"},{"taxonomy":"post_tag","embeddable":true,"href":"https:\/\/analyse.optim.biz\/index.php?rest_route=%2Fwp%2Fv2%2Ftags&post=221144"}],"curies":[{"name":"wp","href":"https:\/\/api.w.org\/{rel}","templated":true}]}}