{"id":221133,"date":"2013-09-26T15:43:57","date_gmt":"2013-09-26T12:43:57","guid":{"rendered":"https:\/\/analyse.optim.biz\/?p=221133"},"modified":"2013-09-26T15:43:57","modified_gmt":"2013-09-26T12:43:57","slug":"vinul-moldovenesc-incinge-spiritele-intre-palatul-victoria-si-palatul-cotroceni","status":"publish","type":"post","link":"https:\/\/analyse.optim.biz\/?p=221133","title":{"rendered":"Vinul moldovenesc \u00eencinge spiritele \u00eentre Palatul Victoria \u0219i Palatul Cotroceni"},"content":{"rendered":"<div class=\"entry data-app-meta data-app-meta-article\" data-embed-base-url-canonical=\"https:\/\/www.digi24.ro\/embed\/stiri\/actualitate\/politica\/vinul-moldovenesc-incinge-spiritele-intre-palatul-victoria-si-palatul-cotroceni-124254\">\n<p data-index=\"1\">Declara\u0163ia premierului nu a fost \u00eent\u00e2mpl\u0103toare. Victor Ponta nu a uitat controlul pe care \u015feful statului l-a f\u0103cut la \u015fantierul gazoductului Ia\u015fi-Ungheni, la sf\u00e2r\u015fitul s\u0103pt\u0103m\u00e2nii trecute.<\/p>\n<p data-index=\"2\">\u201e<span>Pre\u0219edintele o s\u0103 mearg\u0103 \u0219i el, nu \u00eel face el, dar ne inspecteaz\u0103. Ca \u0219i cu gazoductul. Nu l-a facut nou\u0103 ani, \u00eel facem noi \u0219i merge s\u0103 critice. E bine s\u0103 mearg\u0103 s\u0103 viziteze \u0219i el metroul\u201d, a declarat premierul \u00een \u0219edin\u021ba de guvern de miercuri.<\/span><\/p>\n<p data-index=\"3\"><a href=\"https:\/\/www.digi24.ro\/Stiri\/Digi24\/Actualitate\/Politica\/T+Basescu+gazoduct+Ponta+si+Leanca+spectacol\" target=\"_blank\" data-skip-linkfix=\"1\" rel=\"noopener\">Traian B\u0103sescu a sus\u0163inut<\/a> atunci c\u0103 premierul Victor Ponta a f\u0103cut din inaugurarea gazoductului un exerci\u0163iu de imagine.<\/p>\n<p data-index=\"4\">\u201ePo\u0163i s\u0103 faci spectacole de sunet \u015fi lumin\u0103 ca la Ro\u015fia Montan\u0103, c\u0103 este \u00eentre noi, bagi ni\u015fte mineri \u00eentr-o galerie turistic\u0103, \u00eei sco\u0163i \u015fi rezolvi problema, dar aici nu este turism, este geopolitic\u0103 \u015fi se uita o Europ\u0103 \u00eentreag\u0103 dac\u0103 suntem serio\u015fi sau nu\u201d, a declarat pre\u0219edintele s\u0103pt\u0103m\u00e2na trecut\u0103, c\u00e2nd a vizitat \u0219antierul de la Rediu pentru gazoductul Ia\u0219i-Ungheni.<\/p>\n<p data-index=\"5\">Premierul a profitat \u015fi de promisiunea pe care \u015feful statului le-a f\u0103cut-o moldovenilor \u00een privin\u0163a importurilor de vinuri pentru a-i da replica.<\/p>\n<p data-index=\"6\">\u201eDac\u0103 pre\u015fedintele vrea s\u0103 v\u0103 verifice, s\u0103 verifice cu vinul, s\u0103 vad\u0103 dac\u0103 chiar \u00eel cump\u0103r\u0103m. Acum se ocup\u0103 cu verific\u0103rile, dac\u0103 cu f\u0103cutul nu a putut, s\u0103 verifice, chema\u0163i-l s\u0103 verifice cum cump\u0103ram vin din Moldova\u201d.<\/p>\n<p data-index=\"7\">\u00cen urm\u0103 cu dou\u0103 s\u0103pt\u0103m\u00e2ni, Traian B\u0103sescu s-a oferit s\u0103 dea o m\u00e2n\u0103 de ajutor Moldovei, dup\u0103 ce <a href=\"https:\/\/www.digi24.ro\/Stiri\/Digi24\/Extern\/International\/Rusia+a+interzis+importul+de+vinuri+din+Republica+Moldova\" target=\"_blank\" data-skip-linkfix=\"1\" rel=\"noopener\">Rusia a anun\u0163at embargo la vinurile moldovene\u015fti<\/a>.<\/p>\n<p data-index=\"8\">Deocamdat\u0103, Rom\u00e2nia nu este o pia\u0163\u0103 pe care produc\u0103torii moldoveni s\u0103 se poat\u0103 baza. Doar 5% din importurile de vinuri ale Rom\u00e2niei vin de peste Prut. \u00censeamn\u0103 vin \u00een valoare de 2 milioane de euro pe an. Lucrurile se vor schimba \u00eens\u0103 pentru moldoveni. <a href=\"https:\/\/www.digi24.ro\/Stiri\/Digi24\/Extern\/Europa\/Comisia+Europeana+propune+deschiderea+completa+a+pietei+UE+pentr\" target=\"_blank\" data-skip-linkfix=\"1\" rel=\"noopener\">Comisia European\u0103 a decis<\/a> c\u0103 produc\u0103torii moldoveni vor putea exporta vinuri f\u0103r\u0103 limit\u0103 de cantitate \u00een UE.<\/p>\n<h5>V. Ponta: Sunt fericit de c\u00e2te ori m\u0103 critic\u0103 B\u0103sescu; eu fac, el critic\u0103<\/h5>\n<p data-index=\"9\">Premierul <strong>Victor Ponta<\/strong> a reluat, joi diminea\u021b\u0103, declara\u021biile critice la adresa pre\u0219edintelui. \u00cen debutul \u015fedin\u0163ei BPN al PSD, la care presa a avut acces, el a spus c\u0103 este fericit de c\u00e2te ori \u015feful statului, Traian B\u0103sescu, \u00eel critic\u0103.<\/p>\n<p data-index=\"10\">\u201eSunt foarte fericit de c\u00e2te ori fac ceva \u015fi m\u0103 critic\u0103 domnul pre\u015fedinte B\u0103sescu c\u0103 de ce fac. Nu a f\u0103cut gazoductul, \u00eel fac eu, m\u0103 critic\u0103, c\u0103 nu-i place. Nu a f\u0103cut el metroul, \u00eel facem noi, m\u0103 critic\u0103 c\u0103 de ce-l facem. Am deblocat toate programele europene, ne critic\u0103 de ce le-am deblocat \u015fi tot a\u015fa. \u0102sta e lucrul pe care trebuie s\u0103-l facem, nu \u015ftiu cum va fi \u00een sondaje, \u00een sus, \u00een jos, dar eu vreau s\u0103 v\u0103 rog s\u0103 ne men\u0163inem acest lucru \u015fi \u00een Parlament, \u015fi \u00een Guvern, \u015fi \u00een strucurile locale&#8221;, a spus Victor Ponta.<\/p>\n<p data-index=\"11\">El a ar\u0103tat c\u0103 alegerile pentru Parlamentul European de anul viitor vor ar\u0103ta ceea ce va aprecia electoratul \u00een privin\u0163a celor care fac \u015fi \u00een privin\u0163a celor care critic\u0103. \u201eNe-am \u00eemp\u0103r\u0163it atribu\u0163iile: noi suntem cu f\u0103cutul, ei cu criticatul. \u015ei cred c\u0103 la alegerile pentru PE se va verifica dac\u0103 asta e ceea ce apreciaz\u0103 oamenii &#8211; cine critic\u0103 \u015fi bag\u0103 be\u0163e \u00een roarte sau cine face ceva&#8221;, a spus Ponta.<\/p>\n<p data-index=\"12\">El le-a solicitat social-democra\u0163ilor s\u0103 fie partidul care face lucrurile.<\/p>\n<p data-index=\"13\">\u201eVreau s\u0103 v\u0103 rog &#8211; e un lucru pe care-l \u00eencerc\u0103m la Guvern &#8211; s\u0103-l face\u0163i \u00een teritoriu, \u00een structurile locale, \u00een Parlamentul European, \u00een Parlamentul Rom\u00e2niei: noi s\u0103 fim partidul cu lucrurile pe care le facem \u015fi ceilal\u0163i s\u0103 ne critice&#8221;, a mai spus Victor Ponta.<\/p>\n<\/div>\n<p> Source URL: https:\/\/www.digi24.ro\/stiri\/actualitate\/politica\/vinul-moldovenesc-incinge-spiritele-intre-palatul-victoria-si-palatul-cotroceni-124254<\/p>\n","protected":false},"excerpt":{"rendered":"<p>Declara\u0163ia premierului nu a fost \u00eent\u00e2mpl\u0103toare. Victor Ponta nu a uitat controlul pe care \u015feful statului l-a f\u0103cut la \u015fantierul gazoductului Ia\u015fi-Ungheni, la sf\u00e2r\u015fitul s\u0103pt\u0103m\u00e2nii trecute. \u201ePre\u0219edintele o s\u0103 mearg\u0103 \u0219i el, nu \u00eel face el, dar ne inspecteaz\u0103. Ca \u0219i cu gazoductul. Nu l-a facut nou\u0103 ani, \u00eel facem noi \u0219i merge s\u0103 critice. [&hellip;]<\/p>\n","protected":false},"author":1,"featured_media":221134,"comment_status":"open","ping_status":"","sticky":false,"template":"","format":"standard","meta":{"footnotes":""},"categories":[2],"tags":[11],"class_list":["post-221133","post","type-post","status-publish","format-standard","has-post-thumbnail","hentry","category-politics","tag-digi24"],"_links":{"self":[{"href":"https:\/\/analyse.optim.biz\/index.php?rest_route=\/wp\/v2\/posts\/221133","targetHints":{"allow":["GET"]}}],"collection":[{"href":"https:\/\/analyse.optim.biz\/index.php?rest_route=\/wp\/v2\/posts"}],"about":[{"href":"https:\/\/analyse.optim.biz\/index.php?rest_route=\/wp\/v2\/types\/post"}],"author":[{"embeddable":true,"href":"https:\/\/analyse.optim.biz\/index.php?rest_route=\/wp\/v2\/users\/1"}],"replies":[{"embeddable":true,"href":"https:\/\/analyse.optim.biz\/index.php?rest_route=%2Fwp%2Fv2%2Fcomments&post=221133"}],"version-history":[{"count":0,"href":"https:\/\/analyse.optim.biz\/index.php?rest_route=\/wp\/v2\/posts\/221133\/revisions"}],"wp:featuredmedia":[{"embeddable":true,"href":"https:\/\/analyse.optim.biz\/index.php?rest_route=\/wp\/v2\/media\/221134"}],"wp:attachment":[{"href":"https:\/\/analyse.optim.biz\/index.php?rest_route=%2Fwp%2Fv2%2Fmedia&parent=221133"}],"wp:term":[{"taxonomy":"category","embeddable":true,"href":"https:\/\/analyse.optim.biz\/index.php?rest_route=%2Fwp%2Fv2%2Fcategories&post=221133"},{"taxonomy":"post_tag","embeddable":true,"href":"https:\/\/analyse.optim.biz\/index.php?rest_route=%2Fwp%2Fv2%2Ftags&post=221133"}],"curies":[{"name":"wp","href":"https:\/\/api.w.org\/{rel}","templated":true}]}}