{"id":221126,"date":"2013-09-26T18:36:42","date_gmt":"2013-09-26T15:36:42","guid":{"rendered":"https:\/\/analyse.optim.biz\/?p=221126"},"modified":"2013-09-26T18:36:42","modified_gmt":"2013-09-26T15:36:42","slug":"m-campeanu-remaniata-pe-noul-site-al-guvernului-eroarea-a-fost-remediata-la-scurt-timp","status":"publish","type":"post","link":"https:\/\/analyse.optim.biz\/?p=221126","title":{"rendered":"M. C\u00e2mpeanu, \u201eremaniat\u0103\u201d pe noul site al Guvernului. Eroarea a fost remediat\u0103 la scurt timp"},"content":{"rendered":"<div class=\"entry data-app-meta data-app-meta-article\" data-embed-base-url-canonical=\"https:\/\/www.digi24.ro\/embed\/stiri\/actualitate\/politica\/m-campeanu-remaniata-pe-noul-site-al-guvernului-eroarea-a-fost-remediata-la-scurt-timp-124351\">\n<p data-index=\"1\"><strong><img decoding=\"async\" src=\"https:\/\/analyse.optim.biz\/wp-content\/uploads\/2024\/09\/jmhhc2g9zdzmmzhizddlymnlnzzhngy2mmzhnzlmmmnknmq3mmy-thumb_.jpg\" data-skip-htmlfix=\"1\" title=\"jmhhc2g9zdzmmzhizddlymnlnzzhngy2mmzhnzlmmmnknmq3mmy-thumb_\"><\/strong><\/p>\n<p data-index=\"2\"><strong>Actualizare 19:45:<\/strong> Administratorii noului\u00a0<a href=\"http:\/\/beta.gov.ro\/\" target=\"_blank\" data-skip-linkfix=\"1\" rel=\"noopener\">site al Guvernului<\/a> au reparat gre\u0219eala semnalat\u0103 de digi24.ro \u0219i au re\u00eentregit structura Cabinetului Ponta 2.<\/p>\n<hr>\n<p data-index=\"3\"><img decoding=\"async\" src=\"https:\/\/analyse.optim.biz\/wp-content\/uploads\/2024\/09\/jnc9odawjmhhc2g9mzdiyzgxzmuwmzk1mzdmzdjmm2fjmzc0nznmzty0ntq-thumb_.jpg\" data-skip-htmlfix=\"1\" title=\"jnc9odawjmhhc2g9mzdiyzgxzmuwmzk1mzdmzdjmm2fjmzc0nznmzty0ntq-thumb_\">\u00a0<\/p>\n<p data-index=\"4\">Deocamdat\u0103 nu se \u0219tie dac\u0103 omiterea Marianei C\u00e2mpeanu din cabinetul Ponta este o gre\u0219eal\u0103 sau ministrul urmeaz\u0103 s\u0103 fie remaniat.<\/p>\n<p data-index=\"5\">Mariana C\u00e2mpeanu a devenit ministru \u00een Cabinetul Ponta \u00een mai 2012, iar \u00een urma alegerilor de anul trecut, c\u00e2nd a devenit senator de Hunedoara, a continuat ca ministru \u00een Cabinetul Ponta 2.<\/p>\n<\/div>\n<p> Source URL: https:\/\/www.digi24.ro\/stiri\/actualitate\/politica\/m-campeanu-remaniata-pe-noul-site-al-guvernului-eroarea-a-fost-remediata-la-scurt-timp-124351<\/p>\n","protected":false},"excerpt":{"rendered":"<p>Actualizare 19:45: Administratorii noului\u00a0site al Guvernului au reparat gre\u0219eala semnalat\u0103 de digi24.ro \u0219i au re\u00eentregit structura Cabinetului Ponta 2. \u00a0 Deocamdat\u0103 nu se \u0219tie dac\u0103 omiterea Marianei C\u00e2mpeanu din cabinetul Ponta este o gre\u0219eal\u0103 sau ministrul urmeaz\u0103 s\u0103 fie remaniat. Mariana C\u00e2mpeanu a devenit ministru \u00een Cabinetul Ponta \u00een mai 2012, iar \u00een urma alegerilor [&hellip;]<\/p>\n","protected":false},"author":1,"featured_media":221127,"comment_status":"open","ping_status":"","sticky":false,"template":"","format":"standard","meta":{"footnotes":""},"categories":[2],"tags":[11],"class_list":["post-221126","post","type-post","status-publish","format-standard","has-post-thumbnail","hentry","category-politics","tag-digi24"],"_links":{"self":[{"href":"https:\/\/analyse.optim.biz\/index.php?rest_route=\/wp\/v2\/posts\/221126","targetHints":{"allow":["GET"]}}],"collection":[{"href":"https:\/\/analyse.optim.biz\/index.php?rest_route=\/wp\/v2\/posts"}],"about":[{"href":"https:\/\/analyse.optim.biz\/index.php?rest_route=\/wp\/v2\/types\/post"}],"author":[{"embeddable":true,"href":"https:\/\/analyse.optim.biz\/index.php?rest_route=\/wp\/v2\/users\/1"}],"replies":[{"embeddable":true,"href":"https:\/\/analyse.optim.biz\/index.php?rest_route=%2Fwp%2Fv2%2Fcomments&post=221126"}],"version-history":[{"count":0,"href":"https:\/\/analyse.optim.biz\/index.php?rest_route=\/wp\/v2\/posts\/221126\/revisions"}],"wp:featuredmedia":[{"embeddable":true,"href":"https:\/\/analyse.optim.biz\/index.php?rest_route=\/wp\/v2\/media\/221127"}],"wp:attachment":[{"href":"https:\/\/analyse.optim.biz\/index.php?rest_route=%2Fwp%2Fv2%2Fmedia&parent=221126"}],"wp:term":[{"taxonomy":"category","embeddable":true,"href":"https:\/\/analyse.optim.biz\/index.php?rest_route=%2Fwp%2Fv2%2Fcategories&post=221126"},{"taxonomy":"post_tag","embeddable":true,"href":"https:\/\/analyse.optim.biz\/index.php?rest_route=%2Fwp%2Fv2%2Ftags&post=221126"}],"curies":[{"name":"wp","href":"https:\/\/api.w.org\/{rel}","templated":true}]}}