{"id":221115,"date":"2013-09-26T21:02:52","date_gmt":"2013-09-26T18:02:52","guid":{"rendered":"https:\/\/analyse.optim.biz\/?p=221115"},"modified":"2013-09-26T21:02:52","modified_gmt":"2013-09-26T18:02:52","slug":"l-orban-le-cer-procurorilor-sa-dea-drumul-la-dosare-indiferent-ce-le-spun-sefii","status":"publish","type":"post","link":"https:\/\/analyse.optim.biz\/?p=221115","title":{"rendered":"L. Orban: \u201eLe cer procurorilor s\u0103 dea drumul la dosare, indiferent ce le spun \u0219efii\u201d"},"content":{"rendered":"<div class=\"entry data-app-meta data-app-meta-article\" data-embed-base-url-canonical=\"https:\/\/www.digi24.ro\/embed\/stiri\/actualitate\/politica\/l-orban-le-cer-procurorilor-sa-dea-drumul-la-dosare-indiferent-ce-le-spun-sefii-124425\">\n<p data-index=\"1\">Ludovic Orban, deputat PNL, a discutat despre <strong><a href=\"https:\/\/www.digi24.ro\/Stiri\/Digi24\/Actualitate\/Justitie\/Dan+Voiculescu+condamnat+de+Tribunalul+Bucuresti\" data-skip-linkfix=\"1\">condamnarea lui Dan Voiculescu<\/a><\/strong> \u0219i a amintit c\u0103 a fost \u00eempotriva asocierii dintre PNL \u0219i PC, \u201e\u00een primul r\u00e2nd din cauza lui Dan Voiculescu\u201d. \u201e<strong>Pentru c\u0103 a fost colaborator al Securit\u0103\u021bii, \u00eentreaga conduit\u0103 politic\u0103 a sa a fost una imoral\u0103, nu a respectat niciun fir c\u0103l\u0103uzitor dec\u00e2t interesul personal.<\/strong> Am pl\u0103tit pre\u021bul pozi\u021biei publice, nu \u00eencerc nicio satisfac\u021bie c\u0103 se dovede\u0219te c\u0103 am avut dreptate \u0219i c\u0103 cei care au sus\u021binut \u00een\u021belegerea nu au avut dreptate\u201d, a subliniat el.<\/p>\n<p data-index=\"2\">\u201eAvem aici un tip de jecm\u0103nire a banului public, o proprietate ce valoara probabil 20-25 milioane euro, numai terenul, e v\u00e2ndut\u0103 pe 100.000 de euro. Nu e nici prima, nici ultima.<strong> Au fost sute de astfel de tranzac\u021bii f\u0103cute de oficiali \u00een func\u021bie care au favorizat companii.<\/strong> Faptul c\u0103 un caz ajunge aproape de pronun\u021bare e \u00eentr-un fel un element de natur\u0103 pozitiv\u0103, dar m\u0103 g\u00e2ndesc numai la un lucru. <strong>\u00cen fruntea \u021b\u0103rii e Traian B\u0103sescu, care a ob\u021binut o cas\u0103 de la Prim\u0103ria Capitalei, unde era primar general, f\u0103c\u00e2nd fals \u0219i uz de fals, neav\u00e2nd dreptul legal, comi\u021b\u00e2nd abuz \u00een func\u021bie, \u0219i e pre\u0219edintele Rom\u00e2niei. M\u0103 g\u00e2ndesc la Monica Ridzi, care nici azi nu e condamnat\u0103.<\/strong> Sunt sute de cazuri, din toate forma\u021biunile politice, care a\u0219teapt\u0103 s\u0103 fie solu\u021bionate \u0219i care sper c\u0103 vor fi\u201d, a spus Ludovic Orban.<\/p>\n<p data-index=\"3\">\u201eAu fost subterfugii procedurale care i-au \u0219i enervat pe judec\u0103tori. Dac\u0103 un om \u00eencearc\u0103 s\u0103 se sustrag\u0103 procedurilor, nu face dec\u00e2t s\u0103 \u00eei enerveze pe judec\u0103tori\u201d, a ad\u0103ugat el, vorbind despre procesul \u00eendelungat.<\/p>\n<p data-index=\"4\">\u201e<strong>Gheorghe Mencinicopschi nu a decis numai el privatizarea. El a participat la subevaluare, dar privatizarea a fost decis\u0103 la nivelul ministerului ce administra pachetul majoritar de ac\u021biuni.<\/strong> Nu am auzit nimic despre oficiali din acel minister implica\u021bi \u00een procesul de privatizare. Nu cred c\u0103 directorul ICA a decis el\u201d, a mai spus Ludovic Orban.<\/p>\n<p data-index=\"5\">\u201eSunt foarte multe cazuri ce a\u0219teapt\u0103 s\u0103 fie rezolvate,<strong> le cer tuturor procurorilor s\u0103 nu mai \u021bin\u0103 dosarele \u00een sertar, s\u0103 le dea drumul, indiferent ce le spun \u0219efii lor, indiferent cum le cheam\u0103 pe persoanele anchetate<\/strong>\u201d, a subliniat el.<\/p>\n<\/div>\n<p> Source URL: https:\/\/www.digi24.ro\/stiri\/actualitate\/politica\/l-orban-le-cer-procurorilor-sa-dea-drumul-la-dosare-indiferent-ce-le-spun-sefii-124425<\/p>\n","protected":false},"excerpt":{"rendered":"<p>Ludovic Orban, deputat PNL, a discutat despre condamnarea lui Dan Voiculescu \u0219i a amintit c\u0103 a fost \u00eempotriva asocierii dintre PNL \u0219i PC, \u201e\u00een primul r\u00e2nd din cauza lui Dan Voiculescu\u201d. \u201ePentru c\u0103 a fost colaborator al Securit\u0103\u021bii, \u00eentreaga conduit\u0103 politic\u0103 a sa a fost una imoral\u0103, nu a respectat niciun fir c\u0103l\u0103uzitor dec\u00e2t interesul [&hellip;]<\/p>\n","protected":false},"author":1,"featured_media":221116,"comment_status":"open","ping_status":"","sticky":false,"template":"","format":"standard","meta":{"footnotes":""},"categories":[2],"tags":[11],"class_list":["post-221115","post","type-post","status-publish","format-standard","has-post-thumbnail","hentry","category-politics","tag-digi24"],"_links":{"self":[{"href":"https:\/\/analyse.optim.biz\/index.php?rest_route=\/wp\/v2\/posts\/221115","targetHints":{"allow":["GET"]}}],"collection":[{"href":"https:\/\/analyse.optim.biz\/index.php?rest_route=\/wp\/v2\/posts"}],"about":[{"href":"https:\/\/analyse.optim.biz\/index.php?rest_route=\/wp\/v2\/types\/post"}],"author":[{"embeddable":true,"href":"https:\/\/analyse.optim.biz\/index.php?rest_route=\/wp\/v2\/users\/1"}],"replies":[{"embeddable":true,"href":"https:\/\/analyse.optim.biz\/index.php?rest_route=%2Fwp%2Fv2%2Fcomments&post=221115"}],"version-history":[{"count":0,"href":"https:\/\/analyse.optim.biz\/index.php?rest_route=\/wp\/v2\/posts\/221115\/revisions"}],"wp:featuredmedia":[{"embeddable":true,"href":"https:\/\/analyse.optim.biz\/index.php?rest_route=\/wp\/v2\/media\/221116"}],"wp:attachment":[{"href":"https:\/\/analyse.optim.biz\/index.php?rest_route=%2Fwp%2Fv2%2Fmedia&parent=221115"}],"wp:term":[{"taxonomy":"category","embeddable":true,"href":"https:\/\/analyse.optim.biz\/index.php?rest_route=%2Fwp%2Fv2%2Fcategories&post=221115"},{"taxonomy":"post_tag","embeddable":true,"href":"https:\/\/analyse.optim.biz\/index.php?rest_route=%2Fwp%2Fv2%2Ftags&post=221115"}],"curies":[{"name":"wp","href":"https:\/\/api.w.org\/{rel}","templated":true}]}}