{"id":221104,"date":"2013-09-27T03:47:30","date_gmt":"2013-09-27T00:47:30","guid":{"rendered":"https:\/\/analyse.optim.biz\/?p=221104"},"modified":"2013-09-27T03:47:30","modified_gmt":"2013-09-27T00:47:30","slug":"iulian-buga-a-primit-aviz-favorabil-pentru-postul-de-ambasador-al-romaniei-in-sua","status":"publish","type":"post","link":"https:\/\/analyse.optim.biz\/?p=221104","title":{"rendered":"Iulian Buga a primit aviz favorabil pentru postul de ambasador al Rom\u00e2niei \u00een SUA"},"content":{"rendered":"<div class=\"entry data-app-meta data-app-meta-article\" data-embed-base-url-canonical=\"https:\/\/www.digi24.ro\/embed\/stiri\/actualitate\/politica\/iulian-buga-a-primit-aviz-favorabil-pentru-postul-de-ambasador-al-romaniei-in-sua-124481\">\n<p data-index=\"1\">Diplomat de carier\u0103, Iulian Buga, a fost ambasador al Rom\u00e2niei \u00een Irlanda \u015fi Olanda, \u015fi consul general al Rom\u00e2niei la Los Angeles. El a mai fost propus \u00een anul 2007 pentru ocuparea postului de ambasador la Washington de fostul ministru de Externe Adrian Cioroianu, \u00eens\u0103 pre\u015fedintele Traian B\u0103sescu nu a acceptat la acel moment, nominalizarea sa.<\/p>\n<p data-index=\"2\">Postul de ambasador al Rom\u00e2niei \u00een Statele Unite a r\u0103mas vacant pe 21 mai, c\u00e2nd \u015feful statului a semnat decretul de rechemare din func\u0163ie pentru ambasadorul Adrian-Cosmin Vieri\u0163a. \u00a0<\/p>\n<\/div>\n<p> Source URL: https:\/\/www.digi24.ro\/stiri\/actualitate\/politica\/iulian-buga-a-primit-aviz-favorabil-pentru-postul-de-ambasador-al-romaniei-in-sua-124481<\/p>\n","protected":false},"excerpt":{"rendered":"<p>Diplomat de carier\u0103, Iulian Buga, a fost ambasador al Rom\u00e2niei \u00een Irlanda \u015fi Olanda, \u015fi consul general al Rom\u00e2niei la Los Angeles. El a mai fost propus \u00een anul 2007 pentru ocuparea postului de ambasador la Washington de fostul ministru de Externe Adrian Cioroianu, \u00eens\u0103 pre\u015fedintele Traian B\u0103sescu nu a acceptat la acel moment, nominalizarea [&hellip;]<\/p>\n","protected":false},"author":1,"featured_media":221105,"comment_status":"open","ping_status":"","sticky":false,"template":"","format":"standard","meta":{"footnotes":""},"categories":[2],"tags":[11],"class_list":["post-221104","post","type-post","status-publish","format-standard","has-post-thumbnail","hentry","category-politics","tag-digi24"],"_links":{"self":[{"href":"https:\/\/analyse.optim.biz\/index.php?rest_route=\/wp\/v2\/posts\/221104","targetHints":{"allow":["GET"]}}],"collection":[{"href":"https:\/\/analyse.optim.biz\/index.php?rest_route=\/wp\/v2\/posts"}],"about":[{"href":"https:\/\/analyse.optim.biz\/index.php?rest_route=\/wp\/v2\/types\/post"}],"author":[{"embeddable":true,"href":"https:\/\/analyse.optim.biz\/index.php?rest_route=\/wp\/v2\/users\/1"}],"replies":[{"embeddable":true,"href":"https:\/\/analyse.optim.biz\/index.php?rest_route=%2Fwp%2Fv2%2Fcomments&post=221104"}],"version-history":[{"count":0,"href":"https:\/\/analyse.optim.biz\/index.php?rest_route=\/wp\/v2\/posts\/221104\/revisions"}],"wp:featuredmedia":[{"embeddable":true,"href":"https:\/\/analyse.optim.biz\/index.php?rest_route=\/wp\/v2\/media\/221105"}],"wp:attachment":[{"href":"https:\/\/analyse.optim.biz\/index.php?rest_route=%2Fwp%2Fv2%2Fmedia&parent=221104"}],"wp:term":[{"taxonomy":"category","embeddable":true,"href":"https:\/\/analyse.optim.biz\/index.php?rest_route=%2Fwp%2Fv2%2Fcategories&post=221104"},{"taxonomy":"post_tag","embeddable":true,"href":"https:\/\/analyse.optim.biz\/index.php?rest_route=%2Fwp%2Fv2%2Ftags&post=221104"}],"curies":[{"name":"wp","href":"https:\/\/api.w.org\/{rel}","templated":true}]}}