{"id":220842,"date":"2013-10-02T11:05:02","date_gmt":"2013-10-02T08:05:02","guid":{"rendered":"https:\/\/analyse.optim.biz\/?p=220842"},"modified":"2013-10-02T11:05:02","modified_gmt":"2013-10-02T08:05:02","slug":"v-blaga-predoiu-ar-fi-o-varianta-valabila-pentru-prezidentiale","status":"publish","type":"post","link":"https:\/\/analyse.optim.biz\/?p=220842","title":{"rendered":"V. Blaga: Predoiu ar fi o variant\u0103 valabil\u0103 pentru preziden\u0163iale"},"content":{"rendered":"<div class=\"entry data-app-meta data-app-meta-article\" data-embed-base-url-canonical=\"https:\/\/www.digi24.ro\/embed\/stiri\/actualitate\/politica\/v-blaga-predoiu-ar-fi-o-varianta-valabila-pentru-prezidentiale-127380\">\n<p data-index=\"1\">\u00a0<img decoding=\"async\" src=\"https:\/\/analyse.optim.biz\/wp-content\/uploads\/2024\/09\/ptgwmczoyxnopwflogeyodmxzmy3odyyztjizdk4nmvizmm5mguyzdcx-thumb_.jpg\" data-skip-htmlfix=\"1\" title=\"ptgwmczoyxnopwflogeyodmxzmy3odyyztjizdk4nmvizmm5mguyzdcx-thumb_\"><\/p>\n<p data-index=\"2\">&#8220;Cred c\u0103 domnul Predoiu ar fi o variant\u0103 valabil\u0103 pentru preziden\u0163iale \u015fi cred c\u0103 \u00een fiecare zi care trece se valideaz\u0103 ca om politic serios. El a fost tehnocrat apreciat, dar tot mai mult cre\u015fte ca om politic&#8221;, a spus Blaga, la <a href=\"http:\/\/www.gandul.info\/\" target=\"_blank\" data-skip-linkfix=\"1\" rel=\"noopener\">G\u00e2ndul<\/a> Live, r\u0103spunz\u00e2nd unei \u00eentreb\u0103ri.<\/p>\n<p data-index=\"3\">El a ad\u0103ugat c\u0103 Predoiu nu \u015fi-a anun\u0163at \u00eenc\u0103 inten\u0163ia de a se \u00eenscrie \u00een competi\u0163ia intern\u0103.<\/p>\n<p data-index=\"4\">\u00centrebat dac\u0103 Elena Udrea ar fi un candidat bun pentru preziden\u0163iale, Blaga a r\u0103spuns: &#8220;Nu decid eu, decid colegii. Prima dat\u0103 trebuie s\u0103 \u00ee\u015fi fac\u0103 o evaluare domnia sa \u015fi dup\u0103 aceea o va face partidul. E o mare responsabilitate s\u0103 te \u00eenscrii \u00eentr-o astfel de competi\u0163ie&#8221;.<\/p>\n<p data-index=\"5\">C\u00e2t prive\u015fte o posibil\u0103 tensiune printre democrat-liberali dac\u0103 Elena Udrea va intra \u00een competi\u0163ie, liderul PDL a ar\u0103tat c\u0103 nu crede c\u0103 s-ar \u00eent\u00e2mpla astfel, ar\u0103t\u00e2nd c\u0103, dac\u0103 cineva ar \u00eencerca s\u0103 deturneze dezbaterea, \u00eel va avea ca adversar.<\/p>\n<p data-index=\"6\">&#8220;Nu cred c\u0103 vor fi tensiuni. Sper \u015fi am convingerea \u00eentr-o competi\u0163ie corect\u0103 \u015fi deschis\u0103. Oricine ar vrea s\u0103 duc\u0103 dezbaterea \u00eentr-o alt\u0103 zon\u0103 \u00een afara de ceea de a convinge c\u0103 e cea mai bun\u0103 variant\u0103 pentru partid m\u0103 va avea ca adversar&#8221;, a spus Blaga, care a comentat c\u0103, din punctul s\u0103u de vedere, un candidat femeie ar putea fi sus\u0163inut de rom\u00e2ni pentru Cotroceni.<\/p>\n<p data-index=\"7\">&#8220;Dumneavoastr\u0103 a\u0163i vorbit despre Elena Udrea, dar sunt \u015fi alte doamne valoroase care ar putea \u00een competi\u0163ie \u015fi ar avea sus\u0163inere popular\u0103. Monica Macovei , de exemplu&#8221;, a spus liderul PDL.<\/p>\n<p data-index=\"8\">Vasile Blaga a ar\u0103tat totodat\u0103 c\u0103 o sus\u0163ine pe Monica Macovei pentru lista pentru europarlamentare, \u00eens\u0103, dac\u0103 aceasta va ocupa prima pozi\u0163ie, decizia apar\u0163ine partidului.<\/p>\n<p data-index=\"9\">&#8220;Eu o sus\u0163in cu toat\u0103 for\u0163a, asta (pozi\u0163ia pe list\u0103-n.r.) o vom decide \u00een partid. Nu va \u00eent\u00e2mpina nicio rezisten\u0163\u0103, o vor sus\u0163ine to\u0163i&#8221;, a spus liderul PDL, ad\u0103ug\u00e2nd c\u0103 fiecare organiza\u0163ie a democrat-liberalilor va propune c\u00e2te patru candida\u0163i pentru europarlamentare, decizia urm\u00e2nd s\u0103 fie luat\u0103 de Colegiul Director.<\/p>\n<p data-index=\"10\">C\u00e2t prive\u015fte o posibil\u0103 candidatur\u0103 a Elenei B\u0103sescu pentru un nou mandat de eurodeputat, Blaga a spus c\u0103 fiica pre\u015fedintelui nu s-a \u00eenscris \u00een curs\u0103, de\u015fi este membru PDL. &#8220;Nu \u015ftiu dac\u0103 va candida, niciodat\u0103 nu am auzit-o \u00een sensul c\u0103 \u00ee\u015fi dore\u015fte s\u0103 candideze din partea PDL. Nu \u015fi-a depus candidatura&#8221;, a ar\u0103tat liderul PDL<span>.<\/span><\/p>\n<\/div>\n<p> Source URL: https:\/\/www.digi24.ro\/stiri\/actualitate\/politica\/v-blaga-predoiu-ar-fi-o-varianta-valabila-pentru-prezidentiale-127380<\/p>\n","protected":false},"excerpt":{"rendered":"<p>\u00a0 &#8220;Cred c\u0103 domnul Predoiu ar fi o variant\u0103 valabil\u0103 pentru preziden\u0163iale \u015fi cred c\u0103 \u00een fiecare zi care trece se valideaz\u0103 ca om politic serios. El a fost tehnocrat apreciat, dar tot mai mult cre\u015fte ca om politic&#8221;, a spus Blaga, la G\u00e2ndul Live, r\u0103spunz\u00e2nd unei \u00eentreb\u0103ri. El a ad\u0103ugat c\u0103 Predoiu nu \u015fi-a [&hellip;]<\/p>\n","protected":false},"author":1,"featured_media":220843,"comment_status":"open","ping_status":"","sticky":false,"template":"","format":"standard","meta":{"footnotes":""},"categories":[2],"tags":[11],"class_list":["post-220842","post","type-post","status-publish","format-standard","has-post-thumbnail","hentry","category-politics","tag-digi24"],"_links":{"self":[{"href":"https:\/\/analyse.optim.biz\/index.php?rest_route=\/wp\/v2\/posts\/220842","targetHints":{"allow":["GET"]}}],"collection":[{"href":"https:\/\/analyse.optim.biz\/index.php?rest_route=\/wp\/v2\/posts"}],"about":[{"href":"https:\/\/analyse.optim.biz\/index.php?rest_route=\/wp\/v2\/types\/post"}],"author":[{"embeddable":true,"href":"https:\/\/analyse.optim.biz\/index.php?rest_route=\/wp\/v2\/users\/1"}],"replies":[{"embeddable":true,"href":"https:\/\/analyse.optim.biz\/index.php?rest_route=%2Fwp%2Fv2%2Fcomments&post=220842"}],"version-history":[{"count":0,"href":"https:\/\/analyse.optim.biz\/index.php?rest_route=\/wp\/v2\/posts\/220842\/revisions"}],"wp:featuredmedia":[{"embeddable":true,"href":"https:\/\/analyse.optim.biz\/index.php?rest_route=\/wp\/v2\/media\/220843"}],"wp:attachment":[{"href":"https:\/\/analyse.optim.biz\/index.php?rest_route=%2Fwp%2Fv2%2Fmedia&parent=220842"}],"wp:term":[{"taxonomy":"category","embeddable":true,"href":"https:\/\/analyse.optim.biz\/index.php?rest_route=%2Fwp%2Fv2%2Fcategories&post=220842"},{"taxonomy":"post_tag","embeddable":true,"href":"https:\/\/analyse.optim.biz\/index.php?rest_route=%2Fwp%2Fv2%2Ftags&post=220842"}],"curies":[{"name":"wp","href":"https:\/\/api.w.org\/{rel}","templated":true}]}}