{"id":220535,"date":"2013-10-05T22:17:47","date_gmt":"2013-10-05T19:17:47","guid":{"rendered":"https:\/\/analyse.optim.biz\/?p=220535"},"modified":"2013-10-05T22:17:47","modified_gmt":"2013-10-05T19:17:47","slug":"alina-mungiu-pippidi-dan-sova-este-in-conflict-de-interese-pe-fata","status":"publish","type":"post","link":"https:\/\/analyse.optim.biz\/?p=220535","title":{"rendered":"Alina Mungiu-Pippidi: Dan \u0218ova este \u00een conflict de interese pe fa\u021b\u0103"},"content":{"rendered":"<div class=\"entry data-app-meta data-app-meta-article\" data-embed-base-url-canonical=\"https:\/\/www.digi24.ro\/embed\/stiri\/actualitate\/politica\/alina-mungiu-pippidi-dan-sova-este-in-conflict-de-interese-pe-fata-129243\">\n<p data-index=\"1\">\u201eE vreo lege formal\u0103 \u00eenc\u0103lcat\u0103 de faptul c\u0103 <a href=\"https:\/\/www.digi24.ro\/Stiri\/Digi24\/Actualitate\/Stiri\/Victor+Ponta+despre+contractul+Rosia+Montana+Licenta+de+exploata\" target=\"_blank\" data-skip-linkfix=\"1\" rel=\"noopener\">ministrul Marilor Proiecte, Dan \u0218ova<\/a>, c\u0103 mama lui a fost ani de zile avocatul acestei companii (miniere \u2013 n.r.)? Nu \u0219tiu dac\u0103 mai e \u0219i acum, oricum, \u00een 2012, mama lui era avocatul acestei companii. E vreo lege \u00eenc\u0103lcat\u0103? Nu formal, pentru c\u0103 \u00een aceast\u0103 secund\u0103, \u00een care el a semnat \u0219i a ini\u021biat proiectul de lege, el \u00een aceast\u0103 secund\u0103 nu este \u00een conflict de interese. Dar anul trecut ar fi fost\u201d, a afirmat <strong>Alina Mungiu-Pippidi<\/strong>, pre\u0219edintele Societ\u0103\u021bii Academice din Rom\u00e2nia (SAR), la \u201eKilometrul 0\u201d de la <strong>Digi24<\/strong>.<\/p>\n<p data-index=\"2\">Expertul anticorup\u021bie a explicat c\u0103 exist\u0103 \u021b\u0103ri \u00een care legisla\u021bia prevede termene mai lungi, de trei ani \u00eenainte \u0219i dup\u0103 mandat, \u00een care ale\u0219ii nu trebuie s\u0103 aib\u0103 un astfel de gen de rela\u021bii, care s\u0103 duc\u0103 la constatarea unui conflict de interese.<\/p>\n<p data-index=\"3\"><strong>\u201eEste net c\u0103 este \u00een conflict de interese. \u0218i cu toate astea, premierul \u00eei \u00eencredin\u021beaz\u0103 lui s\u0103 rezolve aceast\u0103 chestiune, deci \u00eei e dat\u0103 lui la Marile Proiecte, el nu numai c\u0103 semneaz\u0103, dar se duce la comisia parlamentar\u0103, pledeaz\u0103&#8230; Acest lucru e conflict de interese pe fa\u021b\u0103\u201d<\/strong>, a declarat Alina Mungiu-Pippidi.<\/p>\n<p data-index=\"4\">Pre\u0219edintele SAR a adus ca argument pentru cazul Dan \u0218ova cercet\u0103rile procurorilor \u00een cazul parlamentarilor Varujan Vosganian \u0219i Adrean Videanu. \u201eEste o anchet\u0103 c\u0103 ar fi favorizat pe domnul Ioan Nicolae \u00eentr-o chestiune care nu era direct\u0103 de bani, era o subven\u021bie a ministerului. Este o chestiune absolut identic\u0103 cu asta cu Ro\u0219ia Montan\u0103. <strong>Deci, practic, \u0218ova, Rovana Plumb (ministrul Mediului \u2013 n.r.) \u0219i cu Barbu (ministrul Culturii \u2013 n.r.), cu proiectul ini\u021biat de ei, dac cam acela\u0219i lucru \u0219i pot fi acuza\u021bi de acelea\u0219i lucruri, c\u0103 a\u0219tia nu sunt acuza\u021bi de corup\u021bie, Videanu \u0219i Vosganian sunt acuza\u021bi de abuz \u00een serviciu \u0219i nu \u0219tiu ce. Exact acest gen de acuza\u021bie, dup\u0103 p\u0103rerea mea, se va face \u0219i contra celor care au promovat proiectul azi. Dac\u0103 nu azi, mai t\u00e2rziu<\/strong>\u201d, a spus Alina Mungiu-Pippidi.<\/p>\n<\/div>\n<p> Source URL: https:\/\/www.digi24.ro\/stiri\/actualitate\/politica\/alina-mungiu-pippidi-dan-sova-este-in-conflict-de-interese-pe-fata-129243<\/p>\n","protected":false},"excerpt":{"rendered":"<p>\u201eE vreo lege formal\u0103 \u00eenc\u0103lcat\u0103 de faptul c\u0103 ministrul Marilor Proiecte, Dan \u0218ova, c\u0103 mama lui a fost ani de zile avocatul acestei companii (miniere \u2013 n.r.)? Nu \u0219tiu dac\u0103 mai e \u0219i acum, oricum, \u00een 2012, mama lui era avocatul acestei companii. E vreo lege \u00eenc\u0103lcat\u0103? Nu formal, pentru c\u0103 \u00een aceast\u0103 secund\u0103, \u00een [&hellip;]<\/p>\n","protected":false},"author":1,"featured_media":220536,"comment_status":"open","ping_status":"","sticky":false,"template":"","format":"standard","meta":{"footnotes":""},"categories":[2],"tags":[11],"class_list":["post-220535","post","type-post","status-publish","format-standard","has-post-thumbnail","hentry","category-politics","tag-digi24"],"_links":{"self":[{"href":"https:\/\/analyse.optim.biz\/index.php?rest_route=\/wp\/v2\/posts\/220535","targetHints":{"allow":["GET"]}}],"collection":[{"href":"https:\/\/analyse.optim.biz\/index.php?rest_route=\/wp\/v2\/posts"}],"about":[{"href":"https:\/\/analyse.optim.biz\/index.php?rest_route=\/wp\/v2\/types\/post"}],"author":[{"embeddable":true,"href":"https:\/\/analyse.optim.biz\/index.php?rest_route=\/wp\/v2\/users\/1"}],"replies":[{"embeddable":true,"href":"https:\/\/analyse.optim.biz\/index.php?rest_route=%2Fwp%2Fv2%2Fcomments&post=220535"}],"version-history":[{"count":0,"href":"https:\/\/analyse.optim.biz\/index.php?rest_route=\/wp\/v2\/posts\/220535\/revisions"}],"wp:featuredmedia":[{"embeddable":true,"href":"https:\/\/analyse.optim.biz\/index.php?rest_route=\/wp\/v2\/media\/220536"}],"wp:attachment":[{"href":"https:\/\/analyse.optim.biz\/index.php?rest_route=%2Fwp%2Fv2%2Fmedia&parent=220535"}],"wp:term":[{"taxonomy":"category","embeddable":true,"href":"https:\/\/analyse.optim.biz\/index.php?rest_route=%2Fwp%2Fv2%2Fcategories&post=220535"},{"taxonomy":"post_tag","embeddable":true,"href":"https:\/\/analyse.optim.biz\/index.php?rest_route=%2Fwp%2Fv2%2Ftags&post=220535"}],"curies":[{"name":"wp","href":"https:\/\/api.w.org\/{rel}","templated":true}]}}