{"id":220524,"date":"2013-10-06T07:45:22","date_gmt":"2013-10-06T04:45:22","guid":{"rendered":"https:\/\/analyse.optim.biz\/?p=220524"},"modified":"2013-10-06T07:45:22","modified_gmt":"2013-10-06T04:45:22","slug":"istoria-esecurilor-pactelor-nationale-acordurile-semnate-de-clasa-politica-nu-au-avut-acoperire-in-realitate","status":"publish","type":"post","link":"https:\/\/analyse.optim.biz\/?p=220524","title":{"rendered":"Istoria e\u0219ecurilor pactelor na\u021bionale. Acordurile semnate de clasa politic\u0103 nu au avut acoperire \u00een realitate"},"content":{"rendered":"<div class=\"entry data-app-meta data-app-meta-article\" data-embed-base-url-canonical=\"https:\/\/www.digi24.ro\/embed\/stiri\/actualitate\/politica\/istoria-esecurilor-pactelor-nationale-acordurile-semnate-de-clasa-politica-nu-au-avut-acoperire-in-realitate-129302\">\n<p data-index=\"1\"><em><strong>Prima \u00een\u0163elegere la nivel na\u0163ional a fost semnat\u0103 \u00een 1995, la Snagov.<\/strong><\/em>Era o declara\u0163ie prin care clasa politic\u0103 spunea c\u0103 existau premise c<span>a<\/span>, \u00een anul 2000, Rom\u00e2nia s\u0103 fie preg\u0103tit\u0103 pentru aderarea la Uniunea European\u0103. Optimismul celor care \u015fi-au pus semn\u0103tura pe declara\u0163ie nu a fost justificat. Rom\u00e2nia a primit invita\u0163ia abia \u00een 2004.<\/p>\n<p data-index=\"2\"><em><strong>O alt\u0103 declara\u0163ie a fost f\u0103cut\u0103 \u00een 2001<\/strong><\/em>, tot la Snagov, \u015fi se referea la aderarea la NATO. A fost semnat\u0103 de liderii partidelor politice, reprezentan\u0163i ai sindicatelor, patronatelor \u015fi ai societ\u0103\u0163ii civile, care se angajau s\u0103 sus\u0163in\u0103 demersurile de integrare \u00een NATO.<\/p>\n<p data-index=\"3\">Declara\u0163ia a fost \u00eens\u0103 mai mult un document formal dec\u00e2t un angajament, \u00eentruc\u00e2t decizia neoficial\u0103 a invit\u0103rii Rom\u00e2niei de a adera la NATO era deja luat\u0103 \u015fi s-a materializat un an mai t\u00e2rziu.<\/p>\n<p data-index=\"4\"><em><strong>Primul pact na\u0163ional propriu-zis a fost \u00eencheiat \u00een 2008<\/strong><\/em> \u015fi se referea la educa\u0163ie. A fost semnat de to\u0163i liderii politici importan\u0163i, care se angajau la modernizarea \u015fi la finan\u0163area consistent\u0103 a \u00eenv\u0103\u0163\u0103m\u00e2ntului. Promisiunea de alocare a 6% din PIB educa\u0163iei nu a fost respectat\u0103 nici p\u00e2n\u0103 ast\u0103zi, bugetul alocat fiind de cel mult 3,22% din PIB.<\/p>\n<p data-index=\"5\">Au existat, de asemenea, propuneri pentru un pact na\u0163ional pentru politici sociale \u015fi unul pentru intrarea \u00een spa\u0163iul Schengen. Ini\u0163iate de pre\u015fedintele Traian B\u0103sescu. Niciuna din aceste sugestii nu s-a materializat, ne\u00eentrunind acordul tuturor partidelor parlamentare.<\/p>\n<\/div>\n<p> Source URL: https:\/\/www.digi24.ro\/stiri\/actualitate\/politica\/istoria-esecurilor-pactelor-nationale-acordurile-semnate-de-clasa-politica-nu-au-avut-acoperire-in-realitate-129302<\/p>\n","protected":false},"excerpt":{"rendered":"<p>Prima \u00een\u0163elegere la nivel na\u0163ional a fost semnat\u0103 \u00een 1995, la Snagov.Era o declara\u0163ie prin care clasa politic\u0103 spunea c\u0103 existau premise ca, \u00een anul 2000, Rom\u00e2nia s\u0103 fie preg\u0103tit\u0103 pentru aderarea la Uniunea European\u0103. Optimismul celor care \u015fi-au pus semn\u0103tura pe declara\u0163ie nu a fost justificat. Rom\u00e2nia a primit invita\u0163ia abia \u00een 2004. O [&hellip;]<\/p>\n","protected":false},"author":1,"featured_media":220525,"comment_status":"open","ping_status":"","sticky":false,"template":"","format":"standard","meta":{"footnotes":""},"categories":[2],"tags":[11],"class_list":["post-220524","post","type-post","status-publish","format-standard","has-post-thumbnail","hentry","category-politics","tag-digi24"],"_links":{"self":[{"href":"https:\/\/analyse.optim.biz\/index.php?rest_route=\/wp\/v2\/posts\/220524","targetHints":{"allow":["GET"]}}],"collection":[{"href":"https:\/\/analyse.optim.biz\/index.php?rest_route=\/wp\/v2\/posts"}],"about":[{"href":"https:\/\/analyse.optim.biz\/index.php?rest_route=\/wp\/v2\/types\/post"}],"author":[{"embeddable":true,"href":"https:\/\/analyse.optim.biz\/index.php?rest_route=\/wp\/v2\/users\/1"}],"replies":[{"embeddable":true,"href":"https:\/\/analyse.optim.biz\/index.php?rest_route=%2Fwp%2Fv2%2Fcomments&post=220524"}],"version-history":[{"count":0,"href":"https:\/\/analyse.optim.biz\/index.php?rest_route=\/wp\/v2\/posts\/220524\/revisions"}],"wp:featuredmedia":[{"embeddable":true,"href":"https:\/\/analyse.optim.biz\/index.php?rest_route=\/wp\/v2\/media\/220525"}],"wp:attachment":[{"href":"https:\/\/analyse.optim.biz\/index.php?rest_route=%2Fwp%2Fv2%2Fmedia&parent=220524"}],"wp:term":[{"taxonomy":"category","embeddable":true,"href":"https:\/\/analyse.optim.biz\/index.php?rest_route=%2Fwp%2Fv2%2Fcategories&post=220524"},{"taxonomy":"post_tag","embeddable":true,"href":"https:\/\/analyse.optim.biz\/index.php?rest_route=%2Fwp%2Fv2%2Ftags&post=220524"}],"curies":[{"name":"wp","href":"https:\/\/api.w.org\/{rel}","templated":true}]}}