{"id":220463,"date":"2013-10-07T10:21:01","date_gmt":"2013-10-07T07:21:01","guid":{"rendered":"https:\/\/analyse.optim.biz\/?p=220463"},"modified":"2013-10-07T10:21:01","modified_gmt":"2013-10-07T07:21:01","slug":"vot-in-senat-procurorii-nu-pot-incepe-urmarirea-penala-fata-de-varujan-vosganian","status":"publish","type":"post","link":"https:\/\/analyse.optim.biz\/?p=220463","title":{"rendered":"Vot \u00een Senat. Procurorii nu pot \u00eencepe urm\u0103rirea penal\u0103 fa\u0163\u0103 de Varujan Vosganian"},"content":{"rendered":"<div class=\"entry data-app-meta data-app-meta-article\" data-embed-base-url-canonical=\"https:\/\/www.digi24.ro\/embed\/stiri\/actualitate\/politica\/vot-in-senat-procurorii-nu-pot-incepe-urmarirea-penala-fata-de-varujan-vosganian-129567\">\n<p data-index=\"1\"><strong>ACTUALIZARE 17.58<\/strong> \u00cen urma votului cu bile, 151 de senatori \u0219i-au exprimat opinia \u00een leg\u0103tur\u0103 cu ridicarea imunit\u0103\u0163ii, \u00een sensul \u00eenceperii urm\u0103ririi penale fa\u0163\u0103 de senatorul Varujan Vosganian &#8211;\u00a0<strong>25 au votat \u201epentru\u201d \u0219i 126 \u201e\u00eempotriva\u201d<\/strong>.<\/p>\n<p data-index=\"2\"><strong>ACTUALIZARE 17.25.<\/strong> \u201eProbabil, \u00een Rom\u00e2nia, dac\u0103 la\u015fi o economie s\u0103 moar\u0103, e\u015fti patriot, dac\u0103 \u00eens\u0103 vrei s\u0103 o aju\u0163i, iat\u0103 \u00een ce situa\u0163ie ajungi. \u00cen Rom\u00e2nia dup\u0103 1990 au disp\u0103rut numeroase industrii, de camioane, de automobile de teren, de tractoare, de mase plastice, de utilaj greu, de prelucrare a neferoaselor. A disp\u0103rut toat\u0103 flota comercial\u0103 a Rom\u00e2niei, \u015fi totu\u015fi Parchetul nu a g\u0103sit niciodat\u0103 nici m\u0103car o singur\u0103 persoan\u0103 care a subminat economia na\u0163ional\u0103. <strong>Eu am luat o m\u0103sur\u0103 care a ajutat supravie\u0163uirea unei industrii \u015fi astfel am devenit subminator<\/strong>\u201d, a afirmat <strong>Varujan Vosganian, \u00een plenul Senatului.<\/strong><\/p>\n<p data-index=\"3\">De asemenea, ministrul a precizat c\u0103 a\u015fa-zisa subminare pe care a realizat-o a fost public\u0103: \u201eComplotul a fost la lumina zilei. Notele au fost aprobate \u00een Guvern \u015fi nu numai, au fost publicate pe site-ul Guvernului. \u00cent\u00e2lnirile cu sindicatele \u015fi patronatele au fost intens mediatizate, ba chiar Guvernul s-a l\u0103udat c\u0103 submineaz\u0103 economia na\u0163ional\u0103\u201d.<\/p>\n<p data-index=\"4\">\u201eAu trecut aproape doi ani de c\u00e2nd m-am pus la dispozi\u0163ia justi\u0163iei, dar nu m-a c\u0103utat nimeni\u201d, a mai precizat Vosganian.<\/p>\n<p data-index=\"5\"><strong>ACTUALIZARE 16.05<\/strong>. Senatorii PNL au anun\u0163at c\u0103 vor vota \u00eempotriva declan\u0219\u0103rii urm\u0103ririi penale, de\u0219i primele informa\u0163ii ar\u0103tau c\u0103 se vor ab\u021bine de la vot. Chiar Crin Antonescu spunea acest lucru de diminea\u021b\u0103.<\/p>\n<p data-index=\"6\"><strong>ACTUALIZARE 14.02.\u00a0<\/strong>Potrivit surselor Digi24, senatorii PSD se vor ab\u021bine, ast\u0103zi, la votul privind ridicarea imunit\u0103\u021bii ministrului Varujan Vosganian.\u00a0<\/p>\n<hr>\n<p data-index=\"7\">La \u00eenceputul acestei luni, Comisia Juridic\u0103 a Senatului a dat<strong><a href=\"https:\/\/www.digi24.ro\/Stiri\/Digi24\/Actualitate\/Justitie\/Varujan+Vosganian+a+fost+audiat+in+comisia+juridica+a+Senatului\" target=\"_blank\" data-skip-linkfix=\"1\" rel=\"noopener\">aviz negativ<\/a><\/strong>pentru \u00eenceperea urm\u0103ririi penale a lui Varujan Vosganian. \u00a0<\/p>\n<p data-index=\"8\">\u201e<span>Am pledat pentru faptul c\u0103 ceea ce am \u00eentreprins \u00een 2008 era responsabilitatea mea de ministru, care este obligat s\u0103 rezolve chestiunile sociale \u0219i s\u0103 slujeasc\u0103 \u00een interesul de ansamblu al economiei. Am considerat c\u0103 ceea ce a men\u021bionat procurorul de caz este un gest de dispre\u021b la adresa Senatului\u201d, s-a ap\u0103rat atunci ministrul Economiei.<\/span><\/p>\n<p data-index=\"9\">La \u00eenceputul lunii septembrie, Parchetul general a cerut Senatului s\u0103-i ridice imunitatea ministrului liberal, <strong><a href=\"https:\/\/www.digi24.ro\/Stiri\/Digi24\/Actualitate\/Justitie\/DIICOT+Varujan+Vosganian+si+Adriean+Videanu+sunt+cercetati+penal\" target=\"_blank\" data-skip-linkfix=\"1\" rel=\"noopener\">cercetat \u00een Dosarul Romgaz.<\/a><\/strong><\/p>\n<p data-index=\"10\">Procurorul general al Parchetului \u00ceCCJ a solicitat, \u00een 2 septembrie, Senatului \u015fi, respectiv, \u015fefului statului declan\u015farea procedurilor pentru formularea cererii de \u00eencepere a urm\u0103ririi penale \u00een cazul lui Varujan Vosganian \u015fi, respectiv, Adriean Videanu, pentru complot \u015fi subminarea economiei na\u0163ionale.<\/p>\n<\/div>\n<p> Source URL: https:\/\/www.digi24.ro\/stiri\/actualitate\/politica\/vot-in-senat-procurorii-nu-pot-incepe-urmarirea-penala-fata-de-varujan-vosganian-129567<\/p>\n","protected":false},"excerpt":{"rendered":"<p>ACTUALIZARE 17.58 \u00cen urma votului cu bile, 151 de senatori \u0219i-au exprimat opinia \u00een leg\u0103tur\u0103 cu ridicarea imunit\u0103\u0163ii, \u00een sensul \u00eenceperii urm\u0103ririi penale fa\u0163\u0103 de senatorul Varujan Vosganian &#8211;\u00a025 au votat \u201epentru\u201d \u0219i 126 \u201e\u00eempotriva\u201d. ACTUALIZARE 17.25. \u201eProbabil, \u00een Rom\u00e2nia, dac\u0103 la\u015fi o economie s\u0103 moar\u0103, e\u015fti patriot, dac\u0103 \u00eens\u0103 vrei s\u0103 o aju\u0163i, iat\u0103 [&hellip;]<\/p>\n","protected":false},"author":1,"featured_media":220464,"comment_status":"open","ping_status":"","sticky":false,"template":"","format":"standard","meta":{"footnotes":""},"categories":[2],"tags":[11],"class_list":["post-220463","post","type-post","status-publish","format-standard","has-post-thumbnail","hentry","category-politics","tag-digi24"],"_links":{"self":[{"href":"https:\/\/analyse.optim.biz\/index.php?rest_route=\/wp\/v2\/posts\/220463","targetHints":{"allow":["GET"]}}],"collection":[{"href":"https:\/\/analyse.optim.biz\/index.php?rest_route=\/wp\/v2\/posts"}],"about":[{"href":"https:\/\/analyse.optim.biz\/index.php?rest_route=\/wp\/v2\/types\/post"}],"author":[{"embeddable":true,"href":"https:\/\/analyse.optim.biz\/index.php?rest_route=\/wp\/v2\/users\/1"}],"replies":[{"embeddable":true,"href":"https:\/\/analyse.optim.biz\/index.php?rest_route=%2Fwp%2Fv2%2Fcomments&post=220463"}],"version-history":[{"count":0,"href":"https:\/\/analyse.optim.biz\/index.php?rest_route=\/wp\/v2\/posts\/220463\/revisions"}],"wp:featuredmedia":[{"embeddable":true,"href":"https:\/\/analyse.optim.biz\/index.php?rest_route=\/wp\/v2\/media\/220464"}],"wp:attachment":[{"href":"https:\/\/analyse.optim.biz\/index.php?rest_route=%2Fwp%2Fv2%2Fmedia&parent=220463"}],"wp:term":[{"taxonomy":"category","embeddable":true,"href":"https:\/\/analyse.optim.biz\/index.php?rest_route=%2Fwp%2Fv2%2Fcategories&post=220463"},{"taxonomy":"post_tag","embeddable":true,"href":"https:\/\/analyse.optim.biz\/index.php?rest_route=%2Fwp%2Fv2%2Ftags&post=220463"}],"curies":[{"name":"wp","href":"https:\/\/api.w.org\/{rel}","templated":true}]}}