{"id":220451,"date":"2013-10-07T10:31:18","date_gmt":"2013-10-07T07:31:18","guid":{"rendered":"https:\/\/analyse.optim.biz\/?p=220451"},"modified":"2013-10-07T10:31:18","modified_gmt":"2013-10-07T07:31:18","slug":"liderii-usl-fata-in-fata-c-antonescu-e-ca-in-marile-iubiri-in-fiecare-zi-se-ia-totul-de-la-inceput","status":"publish","type":"post","link":"https:\/\/analyse.optim.biz\/?p=220451","title":{"rendered":"Liderii USL, fa\u0163\u0103 \u00een fa\u0163\u0103. C. Antonescu: E ca \u00een marile iubiri, \u00een fiecare zi se ia totul de la \u00eenceput"},"content":{"rendered":"<div class=\"entry data-app-meta data-app-meta-article\" data-embed-base-url-canonical=\"https:\/\/www.digi24.ro\/embed\/stiri\/actualitate\/politica\/liderii-usl-fata-in-fata-c-antonescu-e-ca-in-marile-iubiri-in-fiecare-zi-se-ia-totul-de-la-inceput-129575\">\n<p data-index=\"1\"><img decoding=\"async\" src=\"https:\/\/analyse.optim.biz\/wp-content\/uploads\/2024\/09\/agfzad1hmtjlmtk2yjlkodbmm2q4mthmzwnjmdewymi3ntm4yq-thumb_.jpg\" data-skip-htmlfix=\"1\" title=\"agfzad1hmtjlmtk2yjlkodbmm2q4mthmzwnjmdewymi3ntm4yq-thumb_\"><\/p>\n<p data-index=\"2\"><strong>ACTUALIZARE 12.45<\/strong>. \u201eGuvernul merge, majoritatea USL \u00een Parlament nu a dat niciun rateu. Restul sunt vorbe\u201d, a declarat Victor Ponta.<\/p>\n<p data-index=\"3\">La r\u00e2ndul s\u0103u, Crin Antonescu a sus\u0163inut: \u201eA fost o \u00eent\u00e2lnire foarte normal\u0103, axat\u0103 exact pe temele anun\u0163ate\u201d.<\/p>\n<hr>\n<p data-index=\"4\">De la \u00eenceputul lunii septembrie,<strong>\u00a0<a href=\"https:\/\/www.digi24.ro\/Stiri\/Digi24\/Actualitate\/Politica\/Crin+Antonescu+Victor+Ponta+ar+fi+un+candidat+redutabil+la+prezi\" target=\"_blank\" data-skip-linkfix=\"1\" rel=\"noopener\">liderul PNL<\/a><\/strong> l-a atacat constant pe <strong><a href=\"https:\/\/www.digi24.ro\/Stiri\/Digi24\/Actualitate\/Politica\/Premierul+despre+prezidentiabilul+C+Antonescu+Nu+ma+puneti+sa+al\" target=\"_blank\" data-skip-linkfix=\"1\" rel=\"noopener\">Victor Ponta<\/a><\/strong>, iar acesta a evitat s\u0103 reac\u0163ioneze. A r\u0103spuns doar e\u015falonul doi al PSD, \u00een termeni ultimativi. A\u015fa nu mai merge, spunea pre\u015fedintele executiv al partidului, Liviu Dragnea.<\/p>\n<p data-index=\"5\">\u201eEu cred c\u0103 azi e cazul s\u0103 punem punct unei situa\u0163ii care dureaz\u0103 de ceva timp \u015fi care duce la decredibilizarea USL. Trebuia s\u0103 avem aceast\u0103 \u00eent\u00e2lnire de urgen\u0163\u0103, o avem azi \u015fi e cazul s\u0103 punem cap\u0103t situa\u0163iei. Cred c\u0103 prin men\u0163inerea unei astfel de situa\u0163ii \u00een care nu facem altceva dec\u00e2t s\u0103 \u00eentoarcem lucrurile, m\u0103 \u00eentorc \u00een 2011, c\u00e2nd s-a format USL, f\u0103ceam cu to\u0163ii eforturi \u00een teritoriu s\u0103 nu se atace unii pe al\u0163ii. Ast\u0103zi suntem \u00een situa\u0163ia \u00een care noi, la centru, ne atac\u0103m. Discu\u0163ia de azi va fi l\u0103muritoare. Dac\u0103 sunt lucruri care nu s-au spus, azi s\u0103 se spun\u0103. S\u0103 l\u0103murim toate aceste aspecte. Cel mai important lucru e ca USL s\u0103 se men\u0163in\u0103 unitatea pentru c\u0103 a\u015ftept\u0103rile sunt foarte mari\u201d, a declarat <strong>Daniel Constantin,<\/strong> la sosirea la \u00eent\u00e2lnirea USL.<\/p>\n<p data-index=\"6\"><strong>(Declara\u0163iile f\u0103cute de Daniel Constantin)<\/strong><\/p>\n<p data-index=\"7\">El a afirmat c\u0103 nu \u015ftie pe nimeni din PSD care s\u0103 vrea s\u0103 candideze la preziden\u0163iale.<\/p>\n<p data-index=\"8\">\u201eUSL merge mai departe, ce s\u0103 mai tran\u015f\u0103m? Nu m-a\u0163i auzit cu nicio critic\u0103 la adresa colegilor mei\u201d, a spus ast\u0103zi, <strong>Victor Ponta.<\/strong> \u00a0<\/p>\n<p data-index=\"9\"><strong>(Declara\u0163iile f\u0103cute de Crin Antonescu \u015fi Victor Ponta)<\/strong><\/p>\n<p data-index=\"10\">\u201eDac\u0103 pentru unii guvernarea \u00eenseamn\u0103 ciolan, de exemplu pentru <strong><a href=\"https:\/\/www.digi24.ro\/Stiri\/Digi24\/Actualitate\/Politica\/Socrul+lui+Victor+Ponta+ii+da+replica+lui+Crin+Antonescu+Ciolanu\" target=\"_blank\" data-skip-linkfix=\"1\" rel=\"noopener\">domnul S\u00e2rbu<\/a><\/strong>, pentru mine nu \u00eenseamn\u0103 ciolan, adic\u0103 sunt ni\u015fte mici nepotriviri. Putem decide la fiecare \u015fedin\u0163\u0103 dac\u0103 merge sau nu, e ca \u00een marile iubiri, \u00een fiecare zi se ia totul de la \u00eenceput\u201d, a spus, la r\u00e2ndul s\u0103u, <strong>Crin Antonescu<\/strong>.<\/p>\n<\/div>\n<p> Source URL: https:\/\/www.digi24.ro\/stiri\/actualitate\/politica\/liderii-usl-fata-in-fata-c-antonescu-e-ca-in-marile-iubiri-in-fiecare-zi-se-ia-totul-de-la-inceput-129575<\/p>\n","protected":false},"excerpt":{"rendered":"<p>ACTUALIZARE 12.45. \u201eGuvernul merge, majoritatea USL \u00een Parlament nu a dat niciun rateu. Restul sunt vorbe\u201d, a declarat Victor Ponta. La r\u00e2ndul s\u0103u, Crin Antonescu a sus\u0163inut: \u201eA fost o \u00eent\u00e2lnire foarte normal\u0103, axat\u0103 exact pe temele anun\u0163ate\u201d. De la \u00eenceputul lunii septembrie,\u00a0liderul PNL l-a atacat constant pe Victor Ponta, iar acesta a evitat s\u0103 [&hellip;]<\/p>\n","protected":false},"author":1,"featured_media":220452,"comment_status":"open","ping_status":"","sticky":false,"template":"","format":"standard","meta":{"footnotes":""},"categories":[2],"tags":[11],"class_list":["post-220451","post","type-post","status-publish","format-standard","has-post-thumbnail","hentry","category-politics","tag-digi24"],"_links":{"self":[{"href":"https:\/\/analyse.optim.biz\/index.php?rest_route=\/wp\/v2\/posts\/220451","targetHints":{"allow":["GET"]}}],"collection":[{"href":"https:\/\/analyse.optim.biz\/index.php?rest_route=\/wp\/v2\/posts"}],"about":[{"href":"https:\/\/analyse.optim.biz\/index.php?rest_route=\/wp\/v2\/types\/post"}],"author":[{"embeddable":true,"href":"https:\/\/analyse.optim.biz\/index.php?rest_route=\/wp\/v2\/users\/1"}],"replies":[{"embeddable":true,"href":"https:\/\/analyse.optim.biz\/index.php?rest_route=%2Fwp%2Fv2%2Fcomments&post=220451"}],"version-history":[{"count":0,"href":"https:\/\/analyse.optim.biz\/index.php?rest_route=\/wp\/v2\/posts\/220451\/revisions"}],"wp:featuredmedia":[{"embeddable":true,"href":"https:\/\/analyse.optim.biz\/index.php?rest_route=\/wp\/v2\/media\/220452"}],"wp:attachment":[{"href":"https:\/\/analyse.optim.biz\/index.php?rest_route=%2Fwp%2Fv2%2Fmedia&parent=220451"}],"wp:term":[{"taxonomy":"category","embeddable":true,"href":"https:\/\/analyse.optim.biz\/index.php?rest_route=%2Fwp%2Fv2%2Fcategories&post=220451"},{"taxonomy":"post_tag","embeddable":true,"href":"https:\/\/analyse.optim.biz\/index.php?rest_route=%2Fwp%2Fv2%2Ftags&post=220451"}],"curies":[{"name":"wp","href":"https:\/\/api.w.org\/{rel}","templated":true}]}}