{"id":220448,"date":"2013-10-07T15:06:53","date_gmt":"2013-10-07T12:06:53","guid":{"rendered":"https:\/\/analyse.optim.biz\/?p=220448"},"modified":"2013-10-07T15:06:53","modified_gmt":"2013-10-07T12:06:53","slug":"cezar-preda-t-basescu-a-vrut-sa-faca-un-partid-de-maicute-a-facut-pana-la-urma-un-partid-de-frustrati","status":"publish","type":"post","link":"https:\/\/analyse.optim.biz\/?p=220448","title":{"rendered":"Cezar Preda: \u201eT. B\u0103sescu a vrut s\u0103 fac\u0103 un partid de m\u0103icu\u021be. A f\u0103cut p\u00e2n\u0103 la urm\u0103 un partid de frustra\u021bi\u201d"},"content":{"rendered":"<div class=\"entry data-app-meta data-app-meta-article\" data-embed-base-url-canonical=\"https:\/\/www.digi24.ro\/embed\/stiri\/actualitate\/politica\/cezar-preda-t-basescu-a-vrut-sa-faca-un-partid-de-maicute-a-facut-pana-la-urma-un-partid-de-frustrati-129863\">\n<p data-index=\"1\"><img decoding=\"async\" src=\"https:\/\/analyse.optim.biz\/wp-content\/uploads\/2024\/09\/ptgwmczoyxnoptllowu0mdq1yze2ythjntdimjyzyjuxymu5ntuxyjdh-thumb_.jpg\" data-skip-htmlfix=\"1\" title=\"ptgwmczoyxnoptllowu0mdq1yze2ythjntdimjyzyjuxymu5ntuxyjdh-thumb_\"><\/p>\n<p data-index=\"2\">Vicepre\u015fedintele PDL, deputatul\u00a0Cezar Preda, a declarat c\u0103 din Partidul Mi\u015fcarea Popular\u0103 fac parte \u201eoameni f\u0103r\u0103 niciun Dumnezeu&#8221;, iar\u00a0Traian B\u0103sescu \u201ea \u00eencercat s\u0103 fac\u0103 un partid de m\u0103icu\u0163e, dar nu i-a ie\u015fit&#8221; \u015fi a f\u0103cut \u201eun partid de frustra\u0163i&#8221;, relateaz\u0103 Mediafax.<\/p>\n<p data-index=\"3\">El a lansat acest atac dup\u0103 ce s\u0103pt\u0103m\u00e2na trecut\u0103 pre\u015fedintele funda\u0163iei, Marian Preda, s-a aflat la Buz\u0103u pentru a lansa Mi\u015fcarea Popular\u0103, el spun\u00e2nd atunci c\u0103 Cezar Preda, care a lipsit de la eveniment, \u201eprefer\u0103 s\u0103 atace dreapta politic\u0103 dec\u00e2t s\u0103 se lupte cu cei afla\u0163i la guvernare&#8221;.<\/p>\n<p data-index=\"4\">\u201eV\u0103d c\u0103 nu poate veni nimeni la Buz\u0103u f\u0103r\u0103 s\u0103 \u00eemi pomeneasc\u0103 numele s\u0103 construiasc\u0103 \u015fi s\u0103 se lege de Cezar Preda \u015fi de cine \u015fi pe cine critic\u0103. \u015eti\u0163i cum e, vorba lui Traian B\u0103sescu, de\u015fi a \u00eencercat, nu a putut face un partid de m\u0103icu\u0163e \u015fi a c\u0103zut \u00een extrema cealalt\u0103. Nu a f\u0103cut de m\u0103icu\u0163e, a f\u0103cut de frustra\u0163i \u015fi de oameni care nu au nici un Dumnezeu, sunt pentru interesul lor personal. Asta e. At\u00e2t a putut, at\u00e2t a f\u0103cut&#8221;, a declarat Cezar Preda.<\/p>\n<\/div>\n<p> Source URL: https:\/\/www.digi24.ro\/stiri\/actualitate\/politica\/cezar-preda-t-basescu-a-vrut-sa-faca-un-partid-de-maicute-a-facut-pana-la-urma-un-partid-de-frustrati-129863<\/p>\n","protected":false},"excerpt":{"rendered":"<p>Vicepre\u015fedintele PDL, deputatul\u00a0Cezar Preda, a declarat c\u0103 din Partidul Mi\u015fcarea Popular\u0103 fac parte \u201eoameni f\u0103r\u0103 niciun Dumnezeu&#8221;, iar\u00a0Traian B\u0103sescu \u201ea \u00eencercat s\u0103 fac\u0103 un partid de m\u0103icu\u0163e, dar nu i-a ie\u015fit&#8221; \u015fi a f\u0103cut \u201eun partid de frustra\u0163i&#8221;, relateaz\u0103 Mediafax. El a lansat acest atac dup\u0103 ce s\u0103pt\u0103m\u00e2na trecut\u0103 pre\u015fedintele funda\u0163iei, Marian Preda, s-a aflat [&hellip;]<\/p>\n","protected":false},"author":1,"featured_media":220449,"comment_status":"open","ping_status":"","sticky":false,"template":"","format":"standard","meta":{"footnotes":""},"categories":[2],"tags":[11],"class_list":["post-220448","post","type-post","status-publish","format-standard","has-post-thumbnail","hentry","category-politics","tag-digi24"],"_links":{"self":[{"href":"https:\/\/analyse.optim.biz\/index.php?rest_route=\/wp\/v2\/posts\/220448","targetHints":{"allow":["GET"]}}],"collection":[{"href":"https:\/\/analyse.optim.biz\/index.php?rest_route=\/wp\/v2\/posts"}],"about":[{"href":"https:\/\/analyse.optim.biz\/index.php?rest_route=\/wp\/v2\/types\/post"}],"author":[{"embeddable":true,"href":"https:\/\/analyse.optim.biz\/index.php?rest_route=\/wp\/v2\/users\/1"}],"replies":[{"embeddable":true,"href":"https:\/\/analyse.optim.biz\/index.php?rest_route=%2Fwp%2Fv2%2Fcomments&post=220448"}],"version-history":[{"count":0,"href":"https:\/\/analyse.optim.biz\/index.php?rest_route=\/wp\/v2\/posts\/220448\/revisions"}],"wp:featuredmedia":[{"embeddable":true,"href":"https:\/\/analyse.optim.biz\/index.php?rest_route=\/wp\/v2\/media\/220449"}],"wp:attachment":[{"href":"https:\/\/analyse.optim.biz\/index.php?rest_route=%2Fwp%2Fv2%2Fmedia&parent=220448"}],"wp:term":[{"taxonomy":"category","embeddable":true,"href":"https:\/\/analyse.optim.biz\/index.php?rest_route=%2Fwp%2Fv2%2Fcategories&post=220448"},{"taxonomy":"post_tag","embeddable":true,"href":"https:\/\/analyse.optim.biz\/index.php?rest_route=%2Fwp%2Fv2%2Ftags&post=220448"}],"curies":[{"name":"wp","href":"https:\/\/api.w.org\/{rel}","templated":true}]}}