{"id":220437,"date":"2013-10-07T15:12:02","date_gmt":"2013-10-07T12:12:02","guid":{"rendered":"https:\/\/analyse.optim.biz\/?p=220437"},"modified":"2013-10-07T15:12:02","modified_gmt":"2013-10-07T12:12:02","slug":"v-ponta-isi-reproseaza-ca-a-facut-declaratii-dupa-inlocuirea-lui-l-papici","status":"publish","type":"post","link":"https:\/\/analyse.optim.biz\/?p=220437","title":{"rendered":"V. Ponta \u00ee\u0219i repro\u015feaz\u0103 c\u0103 a f\u0103cut declara\u0163ii dup\u0103 \u00eenlocuirea lui L. Papici"},"content":{"rendered":"<div class=\"entry data-app-meta data-app-meta-article\" data-embed-base-url-canonical=\"https:\/\/www.digi24.ro\/embed\/stiri\/actualitate\/politica\/v-ponta-isi-reproseaza-ca-a-facut-declaratii-dupa-inlocuirea-lui-l-papici-129866\">\n<p data-index=\"1\">\u00centrebat dac\u0103 \u00ee\u015fi repro\u015feaz\u0103 \u00een acest moment faptul c\u0103 a ie\u015fit dup\u0103 \u00eenlocuirea lui Lucian Papici cu acea declara\u0163ie, Victor Ponta a r\u0103spuns: \u201eDa. Nu trebuia s\u0103 vorbesc despre persoane\u201d.<\/p>\n<p data-index=\"2\"><strong>\u201eTrebuia s\u0103 spun \u00eens\u0103 un lucru, pentru c\u0103 \u0163ine de ministrul Justi\u0163iei \u015fi ministrul Justi\u0163iei e \u00een Cabinetul meu, \u015fi anume c\u0103 s-a respectat legea, c\u0103 sus\u0163inerile pre\u015fedintelui B\u0103sescu sunt absurde \u015fi \u00eempotriva legii, c\u0103 este inacceptabil &#8211; asta mi se pare \u00eentr-adev\u0103r inacceptabil &#8211; ca pre\u015fedintele B\u0103sescu s\u0103 dea telefoane la procurorul general \u015fi s\u0103-i spun\u0103 s\u0103 nu aplice legea. Foarte bine c\u0103 a aplicat-o, conform legii\u201d<\/strong>, a spus Victor Ponta.<\/p>\n<p data-index=\"3\">El a ar\u0103tat c\u0103 \u00eei place aceast\u0103 dezbatere \u201epolitic\u0103\u201d cu pre\u015fedintele Traian B\u0103sescu.<\/p>\n<p data-index=\"4\">\u201eMai spun un lucru, dar strict politic: \u00eemi place aceast\u0103 dezbatere politic\u0103 cu domnul pre\u015fedinte B\u0103sescu. C\u00e2nd \u0163i se termin\u0103 al doilea mandat, pleci acas\u0103. \u015ei sunt convins c\u0103 \u00een\u0163elege \u015fi el acest lucru. Ai dou\u0103 mandate, legea nu \u00ee\u0163i d\u0103 voie, sau Constitu\u0163ia \u00een cazul domnul pre\u015fedinte B\u0103sescu, s\u0103-l ai pe al treilea. La revedere!\u201d, a spus Ponta.<\/p>\n<p data-index=\"5\">\u00centrebat dac\u0103 \u00ee\u015fi asum\u0103 criticile formulate vineri de Antonescu referitoare la pozi\u0163ionarea sa deasupra legii, premierul a r\u0103spuns: \u201eMi-asum toate criticile. V-am explicat ce spune legea. Nu poate sta nimeni mai mult de dou\u0103 mandate \u00een func\u0163ie. Ministrul Justi\u0163iei, conform legii aprobate de faimoasa Macovei, face propuneri dup\u0103 ce expir\u0103 mandatele. Nu se poate face o propunere pentru un al treilea mandat, e \u00eempotriva legii\u201d.<\/p>\n<h5>Traseul declara\u021biilor<\/h5>\n<p data-index=\"6\">Duminic\u0103 dup\u0103 amiaz\u0103 au avut loc <a href=\"https:\/\/www.digi24.ro\/Stiri\/Digi24\/Actualitate\/Stiri\/Miting+pentru+sustinerea+procurorului+Lucian+Papici\" target=\"_blank\" data-skip-linkfix=\"1\" rel=\"noopener\">proteste, \u00een Bucure\u0219ti, fa\u021b\u0103 de revocarea procurorului<\/a> Lucian Papici din fruntea sec\u0163iei \u00eent\u00e2i a Direc\u0163iei Na\u0163ionale Anticorup\u0163ie.<\/p>\n<p data-index=\"7\">Premierul Victor Ponta \u015fi pre\u015fedintele Traian B\u0103sescu au avut un schimb de replici, la distan\u0163\u0103, declan\u015fate de schimbarea procurorului Lucian Papici. \u0218eful Sec\u0163iei I din DNA,\u00a0<strong>Lucian Papici<\/strong>, a c\u0103rui delegare pe func\u0163ie a fost re\u00eennoit\u0103 acum o s\u0103pt\u0103m\u00e2n\u0103,\u00a0<a href=\"https:\/\/www.digi24.ro\/Stiri\/Digi24\/Actualitate\/Justitie\/Procurorul+care+a+instrumentat+dosarul+lui+Liviu+Dragnea+a+fost+\" target=\"\" data-skip-linkfix=\"1\" rel=\"noopener\"><strong>a fost revocat<\/strong><\/a>, miercuri, de procurorul general Tiberiu Ni\u0163u. Premierul a spus c\u0103 procurorul, care instrumentase dosarul pentru fraude la referendum al vicepremierului Liviu Dragnea, era un procuror \u201eb\u0103sist\u201d.\u00a0<\/p>\n<p data-index=\"8\">Copre\u0219edintele USL,<a href=\"https:\/\/www.digi24.ro\/Stiri\/Digi24\/Actualitate\/Politica\/Crin+Antonescu+despre+scandalul+procurorilor+Ce+au+facut+V+Ponta\" target=\"_blank\" data-skip-linkfix=\"1\" rel=\"noopener\">\u00a0liberalul Crin Antonescu, a spus<\/a>, vineri, c\u0103 este inacceptabil\u0103 atitudinea colegului de coali\u021bie, premierul Victor Ponta, pe care l-a pus pe picior de egalitate cu adversarul s\u0103u, pre\u0219edintelui Traian B\u0103sescu, \u00een ceea ce prive\u0219te raportarea fa\u021b\u0103 de justi\u021bie.<\/p>\n<p data-index=\"9\">Declara\u021bia liderului PNL a tulburat \u0219i mai mult rela\u021biile \u0219i-a\u0219a tensionate din USL.\u00a0<a href=\"https:\/\/www.digi24.ro\/Stiri\/Digi24\/Actualitate\/Politica\/Victor+Ponta+Nu+raspund+in+public+la+lucruri+ce+tin+de+politica\" target=\"_blank\" data-skip-linkfix=\"1\" rel=\"noopener\">Premierul a evitat s\u0103 comenteze<\/a>, dar purt\u0103torul de cuv\u00e2nt al PSD,\u00a0<a href=\"https:\/\/www.digi24.ro\/Stiri\/Digi24\/Actualitate\/Politica\/C+Ivan+purtator+de+cuvant+PSD+Sunt+tensiuni+in+USL+din+partea+PN\" target=\"_blank\" data-skip-linkfix=\"1\" rel=\"noopener\">C\u0103t\u0103lin Ivan<\/a>, liderul senatorilor PSD,\u00a0<a href=\"https:\/\/www.digi24.ro\/Stiri\/Digi24\/Actualitate\/Politica\/Socrul+lui+Victor+Ponta+ii+da+replica+lui+Crin+Antonescu+Ciolanu\" target=\"_blank\" data-skip-linkfix=\"1\" rel=\"noopener\">Ilie S\u00e2rbu<\/a>, precum \u0219i pre\u0219edintele Camerei Deputa\u021bilor,\u00a0<a href=\"https:\/\/www.digi24.ro\/Stiri\/Digi24\/Actualitate\/Politica\/Valeriu+Zgonea+respinge+pactul+pe+justitie+propus+de+Crin+Antone\" target=\"_blank\" data-skip-linkfix=\"1\" rel=\"noopener\">Valeriu Zgonea<\/a>, au taxat ie\u0219irea partenerului de coali\u021bie.<\/p>\n<p data-index=\"10\">Situa\u021bia a declan\u0219at comentarii dinspre Bruxelles. Purt\u0103torul de cuv\u00e2nt al Comisiei Europene,\u00a0<strong>Mark Gray<\/strong>, a declarat, vineri, pentru Digi 24 c\u0103 situa\u0163ia de la DNA va fi reflectat\u0103, ca de obicei, \u00een urm\u0103torul raport MCV, dar a men\u0163ionat c\u0103 nu comenteaz\u0103 numirile individuale.<\/p>\n<p data-index=\"11\">La aceste semnale externe se adaug\u0103 reac\u021biile unor ambasade importante de la Bucure\u0219ti, cum ar fi cea a\u00a0<a href=\"https:\/\/www.digi24.ro\/Stiri\/Digi24\/Actualitate\/Politica\/Ambasada+SUA+DNA+este+o+institutie+vitala+Numirile+in+functii+sa\" target=\"_blank\" data-skip-linkfix=\"1\" rel=\"noopener\">Statelor Unite<\/a>\u00a0\u0219i cea a<a href=\"https:\/\/www.digi24.ro\/Stiri\/Digi24\/Actualitate\/Justitie\/Ambasadorul+olandez+Ar+trebui+sa+ne+abtinem+de+la+orice+interfer\" target=\"_blank\" data-skip-linkfix=\"1\" rel=\"noopener\">\u00a0Olandei<\/a>.<\/p>\n<\/div>\n<p> Source URL: https:\/\/www.digi24.ro\/stiri\/actualitate\/politica\/v-ponta-isi-reproseaza-ca-a-facut-declaratii-dupa-inlocuirea-lui-l-papici-129866<\/p>\n","protected":false},"excerpt":{"rendered":"<p>\u00centrebat dac\u0103 \u00ee\u015fi repro\u015feaz\u0103 \u00een acest moment faptul c\u0103 a ie\u015fit dup\u0103 \u00eenlocuirea lui Lucian Papici cu acea declara\u0163ie, Victor Ponta a r\u0103spuns: \u201eDa. Nu trebuia s\u0103 vorbesc despre persoane\u201d. \u201eTrebuia s\u0103 spun \u00eens\u0103 un lucru, pentru c\u0103 \u0163ine de ministrul Justi\u0163iei \u015fi ministrul Justi\u0163iei e \u00een Cabinetul meu, \u015fi anume c\u0103 s-a respectat legea, [&hellip;]<\/p>\n","protected":false},"author":1,"featured_media":220438,"comment_status":"open","ping_status":"","sticky":false,"template":"","format":"standard","meta":{"footnotes":""},"categories":[2],"tags":[11],"class_list":["post-220437","post","type-post","status-publish","format-standard","has-post-thumbnail","hentry","category-politics","tag-digi24"],"_links":{"self":[{"href":"https:\/\/analyse.optim.biz\/index.php?rest_route=\/wp\/v2\/posts\/220437","targetHints":{"allow":["GET"]}}],"collection":[{"href":"https:\/\/analyse.optim.biz\/index.php?rest_route=\/wp\/v2\/posts"}],"about":[{"href":"https:\/\/analyse.optim.biz\/index.php?rest_route=\/wp\/v2\/types\/post"}],"author":[{"embeddable":true,"href":"https:\/\/analyse.optim.biz\/index.php?rest_route=\/wp\/v2\/users\/1"}],"replies":[{"embeddable":true,"href":"https:\/\/analyse.optim.biz\/index.php?rest_route=%2Fwp%2Fv2%2Fcomments&post=220437"}],"version-history":[{"count":0,"href":"https:\/\/analyse.optim.biz\/index.php?rest_route=\/wp\/v2\/posts\/220437\/revisions"}],"wp:featuredmedia":[{"embeddable":true,"href":"https:\/\/analyse.optim.biz\/index.php?rest_route=\/wp\/v2\/media\/220438"}],"wp:attachment":[{"href":"https:\/\/analyse.optim.biz\/index.php?rest_route=%2Fwp%2Fv2%2Fmedia&parent=220437"}],"wp:term":[{"taxonomy":"category","embeddable":true,"href":"https:\/\/analyse.optim.biz\/index.php?rest_route=%2Fwp%2Fv2%2Fcategories&post=220437"},{"taxonomy":"post_tag","embeddable":true,"href":"https:\/\/analyse.optim.biz\/index.php?rest_route=%2Fwp%2Fv2%2Ftags&post=220437"}],"curies":[{"name":"wp","href":"https:\/\/api.w.org\/{rel}","templated":true}]}}