{"id":220388,"date":"2013-10-01T18:37:49","date_gmt":"2013-10-01T15:37:49","guid":{"rendered":"https:\/\/analyse.optim.biz\/?p=220388"},"modified":"2013-10-01T18:37:49","modified_gmt":"2013-10-01T15:37:49","slug":"premierul-l-a-mustrat-pe-dan-sova-cred-ca-se-informeaza-de-pe-internet","status":"publish","type":"post","link":"https:\/\/analyse.optim.biz\/?p=220388","title":{"rendered":"Premierul l-a mustrat pe Dan \u0218ova: \u201eCred c\u0103 se informeaz\u0103 de pe internet\u201d"},"content":{"rendered":"<div class=\"entry data-app-meta data-app-meta-article\" data-embed-base-url-canonical=\"https:\/\/www.digi24.ro\/embed\/stiri\/actualitate\/politica\/premierul-l-a-mustrat-pe-dan-sova-cred-ca-se-informeaza-de-pe-internet-127113\">\n<p data-index=\"1\">Dup\u0103 ce titularul portofoliului Marilor proiecte a declarat public c\u0103 a g\u0103sit aspecte penale \u00een proiectul Ro\u015fia Montan\u0103, \u015feful Guvernului a spus c\u0103 \u015eova se informeaz\u0103 de pe internet, adic\u0103 din surse nesigure, pentru c\u0103 nici el ca premier, nici Traian B\u0103sescu, \u00een calitate de pre\u015fedinte, nu au primit vreodat\u0103 inform\u0103ri despre aceste presupuse aspecte penale.<\/p>\n<p data-index=\"2\">\u201eEu nu am avut informa\u0163ii privind comiterea unor fapte penale, eu sunt \u00eens\u0103 \u00eentr-o func\u0163ie care \u00eemi d\u0103 dreptul la acces la informa\u021bii doar de un an, pre\u0219edintele de nou\u0103 ani \u0219i parc\u0103 a spus c\u0103 nu \u0219tie de nicio infrac\u021biune\u201d, a declarat el.<\/p>\n<p data-index=\"3\">\u201eCred c\u0103 s-a uitat pe Internet, \u015fti\u0163i c\u0103 se uita \u015fi Blejnar pe Internet, acum s-a uitat \u015fi Dan \u015eova. De unde s\u0103 \u015ftie el de lucruri penale?\u201d, a spus premierul.<\/p>\n<\/div>\n<p> Source URL: https:\/\/www.digi24.ro\/stiri\/actualitate\/politica\/premierul-l-a-mustrat-pe-dan-sova-cred-ca-se-informeaza-de-pe-internet-127113<\/p>\n","protected":false},"excerpt":{"rendered":"<p>Dup\u0103 ce titularul portofoliului Marilor proiecte a declarat public c\u0103 a g\u0103sit aspecte penale \u00een proiectul Ro\u015fia Montan\u0103, \u015feful Guvernului a spus c\u0103 \u015eova se informeaz\u0103 de pe internet, adic\u0103 din surse nesigure, pentru c\u0103 nici el ca premier, nici Traian B\u0103sescu, \u00een calitate de pre\u015fedinte, nu au primit vreodat\u0103 inform\u0103ri despre aceste presupuse aspecte [&hellip;]<\/p>\n","protected":false},"author":1,"featured_media":220389,"comment_status":"open","ping_status":"","sticky":false,"template":"","format":"standard","meta":{"footnotes":""},"categories":[2],"tags":[11],"class_list":["post-220388","post","type-post","status-publish","format-standard","has-post-thumbnail","hentry","category-politics","tag-digi24"],"_links":{"self":[{"href":"https:\/\/analyse.optim.biz\/index.php?rest_route=\/wp\/v2\/posts\/220388","targetHints":{"allow":["GET"]}}],"collection":[{"href":"https:\/\/analyse.optim.biz\/index.php?rest_route=\/wp\/v2\/posts"}],"about":[{"href":"https:\/\/analyse.optim.biz\/index.php?rest_route=\/wp\/v2\/types\/post"}],"author":[{"embeddable":true,"href":"https:\/\/analyse.optim.biz\/index.php?rest_route=\/wp\/v2\/users\/1"}],"replies":[{"embeddable":true,"href":"https:\/\/analyse.optim.biz\/index.php?rest_route=%2Fwp%2Fv2%2Fcomments&post=220388"}],"version-history":[{"count":0,"href":"https:\/\/analyse.optim.biz\/index.php?rest_route=\/wp\/v2\/posts\/220388\/revisions"}],"wp:featuredmedia":[{"embeddable":true,"href":"https:\/\/analyse.optim.biz\/index.php?rest_route=\/wp\/v2\/media\/220389"}],"wp:attachment":[{"href":"https:\/\/analyse.optim.biz\/index.php?rest_route=%2Fwp%2Fv2%2Fmedia&parent=220388"}],"wp:term":[{"taxonomy":"category","embeddable":true,"href":"https:\/\/analyse.optim.biz\/index.php?rest_route=%2Fwp%2Fv2%2Fcategories&post=220388"},{"taxonomy":"post_tag","embeddable":true,"href":"https:\/\/analyse.optim.biz\/index.php?rest_route=%2Fwp%2Fv2%2Ftags&post=220388"}],"curies":[{"name":"wp","href":"https:\/\/api.w.org\/{rel}","templated":true}]}}