{"id":220374,"date":"2013-10-01T21:15:26","date_gmt":"2013-10-01T18:15:26","guid":{"rendered":"https:\/\/analyse.optim.biz\/?p=220374"},"modified":"2013-10-01T21:15:26","modified_gmt":"2013-10-01T18:15:26","slug":"contre-pe-tema-descentralizarii-replica-lui-crin-antonescu-pentru-liviu-dragnea","status":"publish","type":"post","link":"https:\/\/analyse.optim.biz\/?p=220374","title":{"rendered":"Contre pe tema descentraliz\u0103rii. Replica lui Crin Antonescu pentru Liviu Dragnea"},"content":{"rendered":"<div class=\"entry data-app-meta data-app-meta-article\" data-embed-base-url-canonical=\"https:\/\/www.digi24.ro\/embed\/stiri\/actualitate\/politica\/contre-pe-tema-descentralizarii-replica-lui-crin-antonescu-pentru-liviu-dragnea-127176\">\n<p data-index=\"1\">Ultimatumul dat de Liviu Dragnea conducerii PNL, de a formula \u00een dou\u0103 s\u0103pt\u0103m\u00e2ni un r\u0103spuns la propunerea prin care zeci de direc\u0163ii din ministere vor trece \u00een subordinea autorit\u0103\u0163ilor locale, a fost primit cu ironie de Crin Antonescu.<\/p>\n<p data-index=\"2\"><strong>\u201eDori\u021bi s\u0103 facem un simpozion despre via\u021ba, opera \u0219i nemul\u021bumirile domnului Dragnea? Particip cu pl\u0103cere, dac\u0103 m\u0103 invita\u021bi, dar \u00een alt\u0103 parte. (&#8230;) Nu m\u0103 speria\u021bi a\u0219a, c\u0103 nu mai e mult p\u00e2n\u0103 pe 15 \u0219i \u00eemi pierd cump\u0103tul\u201d<\/strong>, a afirmat azi Crin Antonescu.<\/p>\n<p data-index=\"3\">Critici concrete fa\u0163\u0103 de propunerea lui Liviu Dragnea a formulat ministrul liberal de Interne, Radu Stroe.<\/p>\n<p data-index=\"4\"><strong>\u201eRom\u00e2nia este o \u021bar\u0103 s\u0103rac\u0103 \u0219i nu \u00ee\u0219i poate permite s\u0103 organizeze mai multe centre unde comanda unic\u0103 este necesar\u0103. Comanda unic\u0103 \u00een astfel de situa\u021bii este de ne\u00eenl\u0103turat, de nedat la o parte, trebuie s\u0103 r\u0103m\u00e2n\u0103 undeva oriunde, eu zic la Ministerul de Interne, dar unic\u0103 pentru toat\u0103 \u021bara\u201d<\/strong>, a spus Radu Stroe.<\/p>\n<p data-index=\"5\">Vicepremierul Liviu Dragnea a ini\u0163iat un proiect de ordonan\u0163\u0103 prin care mai multe direc\u0163ii din ministere ar trece \u00een subordinea autorit\u0103\u0163ilor locale. Sub coordonarea prim\u0103riilor ar fi cele de poli\u0163ie rutier\u0103, ordine public\u0103, de s\u0103n\u0103tate, dar \u015fi metroul bucure\u015ftean \u015fi plajele cu destina\u0163ie turistic\u0103.<\/p>\n<h5>Liviu Pop: \u201eE o \u0219ican\u0103 politic\u0103\u201d<\/h5>\n<p data-index=\"6\"><strong>\u201eE o \u0219ican\u0103 politic\u0103. Nu \u0219tiu care e miza \u00eentre domnul Antonescu \u0219i domnul Dragnea. (&#8230;) Pentru opozi\u021bie e cine rupe coali\u021bia, pentru noi nu este o prioritate ruperea coali\u021biei \u0219i nu am semnale din zona aceasta c\u0103 ar fi o prioritate\u201d<\/strong>, este de p\u0103rere senatorul PSD Liviu Pop.<\/p>\n<p data-index=\"7\">\u201eObiectivul a fost modificarea Constitu\u021biei, crearea regionaliz\u0103rii \u0219i descentraliz\u0103rii aferente. Nu s-a putut realiza acest obiectiv cu Constitu\u021bia, \u0219ti\u021bi dvs. mai bine dec\u00e2t mine de ce, urmeaz\u0103 pasul doi: modificarea legisla\u021biei care s\u0103 permit\u0103 aceast\u0103 descentralizare, cu \u021bint\u0103 pe absorb\u021bia fondurilor europene 2014 \u2013 2020\u201d, a ad\u0103ugat senatorul.<\/p>\n<p data-index=\"8\">\u201e\u0218tiu c\u00e2t de greu este de gestionat o coali\u021bie. Sunt la un moment extrem de tensionat, se bat \u00een ordonan\u021be\u201d, este de p\u0103rere senatorul PDL Gheorghe Flutur, secretar general al partidului.<\/p>\n<p data-index=\"9\"><strong>\u201eEste aberant, atunci c\u00e2nd dai peste cap tot sistemul institu\u021bional din \u021bar\u0103 s\u0103 mergi pe un proiect care este \u00een momentul de fa\u021b\u0103 asumat de c\u0103tre o singur\u0103 persoan\u0103\u201d<\/strong>, consider\u0103 Tanczos Barna, senator UDMR.<\/p>\n<\/div>\n<p> Source URL: https:\/\/www.digi24.ro\/stiri\/actualitate\/politica\/contre-pe-tema-descentralizarii-replica-lui-crin-antonescu-pentru-liviu-dragnea-127176<\/p>\n","protected":false},"excerpt":{"rendered":"<p>Ultimatumul dat de Liviu Dragnea conducerii PNL, de a formula \u00een dou\u0103 s\u0103pt\u0103m\u00e2ni un r\u0103spuns la propunerea prin care zeci de direc\u0163ii din ministere vor trece \u00een subordinea autorit\u0103\u0163ilor locale, a fost primit cu ironie de Crin Antonescu. \u201eDori\u021bi s\u0103 facem un simpozion despre via\u021ba, opera \u0219i nemul\u021bumirile domnului Dragnea? Particip cu pl\u0103cere, dac\u0103 m\u0103 [&hellip;]<\/p>\n","protected":false},"author":1,"featured_media":220375,"comment_status":"open","ping_status":"","sticky":false,"template":"","format":"standard","meta":{"footnotes":""},"categories":[2],"tags":[11],"class_list":["post-220374","post","type-post","status-publish","format-standard","has-post-thumbnail","hentry","category-politics","tag-digi24"],"_links":{"self":[{"href":"https:\/\/analyse.optim.biz\/index.php?rest_route=\/wp\/v2\/posts\/220374","targetHints":{"allow":["GET"]}}],"collection":[{"href":"https:\/\/analyse.optim.biz\/index.php?rest_route=\/wp\/v2\/posts"}],"about":[{"href":"https:\/\/analyse.optim.biz\/index.php?rest_route=\/wp\/v2\/types\/post"}],"author":[{"embeddable":true,"href":"https:\/\/analyse.optim.biz\/index.php?rest_route=\/wp\/v2\/users\/1"}],"replies":[{"embeddable":true,"href":"https:\/\/analyse.optim.biz\/index.php?rest_route=%2Fwp%2Fv2%2Fcomments&post=220374"}],"version-history":[{"count":0,"href":"https:\/\/analyse.optim.biz\/index.php?rest_route=\/wp\/v2\/posts\/220374\/revisions"}],"wp:featuredmedia":[{"embeddable":true,"href":"https:\/\/analyse.optim.biz\/index.php?rest_route=\/wp\/v2\/media\/220375"}],"wp:attachment":[{"href":"https:\/\/analyse.optim.biz\/index.php?rest_route=%2Fwp%2Fv2%2Fmedia&parent=220374"}],"wp:term":[{"taxonomy":"category","embeddable":true,"href":"https:\/\/analyse.optim.biz\/index.php?rest_route=%2Fwp%2Fv2%2Fcategories&post=220374"},{"taxonomy":"post_tag","embeddable":true,"href":"https:\/\/analyse.optim.biz\/index.php?rest_route=%2Fwp%2Fv2%2Ftags&post=220374"}],"curies":[{"name":"wp","href":"https:\/\/api.w.org\/{rel}","templated":true}]}}