{"id":219906,"date":"2013-10-14T23:01:27","date_gmt":"2013-10-14T20:01:27","guid":{"rendered":"https:\/\/analyse.optim.biz\/?p=219906"},"modified":"2013-10-14T23:01:27","modified_gmt":"2013-10-14T20:01:27","slug":"din-culisele-unei-fotografii-de-ce-radea-t-basescu-in-2011-in-mijlocul-sfantului-sinod","status":"publish","type":"post","link":"https:\/\/analyse.optim.biz\/?p=219906","title":{"rendered":"Din culisele unei fotografii. De ce r\u00e2dea T. B\u0103sescu, \u00een 2011, \u00een mijlocul Sf\u00e2ntului Sinod"},"content":{"rendered":"<div class=\"entry data-app-meta data-app-meta-article\" data-embed-base-url-canonical=\"https:\/\/www.digi24.ro\/embed\/stiri\/actualitate\/politica\/din-culisele-unei-fotografii-de-ce-radea-t-basescu-in-2011-in-mijlocul-sfantului-sinod-134406\">\n<p data-index=\"1\"><img decoding=\"async\" src=\"https:\/\/analyse.optim.biz\/wp-content\/uploads\/2024\/09\/ad03zde2mwiznzrjodzhywmzotzmntewnzzlywzkody5na-thumb_.jpg\" data-skip-htmlfix=\"1\" title=\"ad03zde2mwiznzrjodzhywmzotzmntewnzzlywzkody5na-thumb_\"><\/p>\n<p data-index=\"2\"><strong>(FOTO &#8211; Mediafax)<\/strong><\/p>\n<p data-index=\"3\">\u201eEram acolo, vizavi de trotuar. <strong>Probabil cineva a f\u0103cut un banc la care nu a \u00eendr\u0103znit s\u0103 r\u00e2d\u0103 dec\u00e2t domnul B\u0103sescu. Am fost \u00een sal\u0103, atunci, cu un sfert de or\u0103 \u00eenainte de transfomarea acelui moment \u00eentr-o fotografie celebr\u0103<\/strong>. Am fost \u00een sal\u0103, \u00een fa\u0163\u0103 e Sf\u00e2ndul Sinod, cu mitropoli\u0163ii, episcopii ortodoc\u015fi, acolo e \u015fi patriarhul Alexandriei. Discursul lui Traian B\u0103sescu \u00een interiorul bisericii &#8211; simpatia mea \u00een ceea ce \u00eel prive\u015fte e critic\u0103, nu e necondi\u0163ionat\u0103 &#8211; dar discursul s\u0103u la sanctificarea lui Andrei \u015eaguna a fost cel mai interesant \u015fi mai oportun. A vorbit de creatorul de comunitate religioas\u0103, civic\u0103, educa\u0163ional\u0103. Mi s-a p\u0103rut foarte oportun c\u0103 a existat cineva \u00een sal\u0103 &#8211; erau \u015fi Ponta, \u015fi al\u0163i politicieni \u2013 dar \u00een numele lor a vorbit Traian B\u0103sescu. El a fost singurul care a vorbit, a f\u0103cut pe scurt fi\u015fa lui Andrei \u015eaguna\u201d, a spus Emil Hurezeanu.<\/p>\n<\/div>\n<p> Source URL: https:\/\/www.digi24.ro\/stiri\/actualitate\/politica\/din-culisele-unei-fotografii-de-ce-radea-t-basescu-in-2011-in-mijlocul-sfantului-sinod-134406<\/p>\n","protected":false},"excerpt":{"rendered":"<p>(FOTO &#8211; Mediafax) \u201eEram acolo, vizavi de trotuar. Probabil cineva a f\u0103cut un banc la care nu a \u00eendr\u0103znit s\u0103 r\u00e2d\u0103 dec\u00e2t domnul B\u0103sescu. Am fost \u00een sal\u0103, atunci, cu un sfert de or\u0103 \u00eenainte de transfomarea acelui moment \u00eentr-o fotografie celebr\u0103. Am fost \u00een sal\u0103, \u00een fa\u0163\u0103 e Sf\u00e2ndul Sinod, cu mitropoli\u0163ii, episcopii ortodoc\u015fi, [&hellip;]<\/p>\n","protected":false},"author":1,"featured_media":219907,"comment_status":"open","ping_status":"","sticky":false,"template":"","format":"standard","meta":{"footnotes":""},"categories":[2],"tags":[11],"class_list":["post-219906","post","type-post","status-publish","format-standard","has-post-thumbnail","hentry","category-politics","tag-digi24"],"_links":{"self":[{"href":"https:\/\/analyse.optim.biz\/index.php?rest_route=\/wp\/v2\/posts\/219906","targetHints":{"allow":["GET"]}}],"collection":[{"href":"https:\/\/analyse.optim.biz\/index.php?rest_route=\/wp\/v2\/posts"}],"about":[{"href":"https:\/\/analyse.optim.biz\/index.php?rest_route=\/wp\/v2\/types\/post"}],"author":[{"embeddable":true,"href":"https:\/\/analyse.optim.biz\/index.php?rest_route=\/wp\/v2\/users\/1"}],"replies":[{"embeddable":true,"href":"https:\/\/analyse.optim.biz\/index.php?rest_route=%2Fwp%2Fv2%2Fcomments&post=219906"}],"version-history":[{"count":0,"href":"https:\/\/analyse.optim.biz\/index.php?rest_route=\/wp\/v2\/posts\/219906\/revisions"}],"wp:featuredmedia":[{"embeddable":true,"href":"https:\/\/analyse.optim.biz\/index.php?rest_route=\/wp\/v2\/media\/219907"}],"wp:attachment":[{"href":"https:\/\/analyse.optim.biz\/index.php?rest_route=%2Fwp%2Fv2%2Fmedia&parent=219906"}],"wp:term":[{"taxonomy":"category","embeddable":true,"href":"https:\/\/analyse.optim.biz\/index.php?rest_route=%2Fwp%2Fv2%2Fcategories&post=219906"},{"taxonomy":"post_tag","embeddable":true,"href":"https:\/\/analyse.optim.biz\/index.php?rest_route=%2Fwp%2Fv2%2Ftags&post=219906"}],"curies":[{"name":"wp","href":"https:\/\/api.w.org\/{rel}","templated":true}]}}