{"id":219844,"date":"2013-10-15T18:37:30","date_gmt":"2013-10-15T15:37:30","guid":{"rendered":"https:\/\/analyse.optim.biz\/?p=219844"},"modified":"2013-10-15T18:37:30","modified_gmt":"2013-10-15T15:37:30","slug":"cultura-politica-justitia-a-remaniat-patru-ministri-pnl","status":"publish","type":"post","link":"https:\/\/analyse.optim.biz\/?p=219844","title":{"rendered":"CULTURA POLITIC\u0102. Justi\u021bia a remaniat patru mini\u0219tri PNL"},"content":{"rendered":"<div class=\"entry data-app-meta data-app-meta-article\" data-embed-base-url-canonical=\"https:\/\/www.digi24.ro\/embed\/stiri\/actualitate\/politica\/cultura-politica-justitia-a-remaniat-patru-ministri-pnl-135057\">\n<p data-index=\"1\">Varujan Vosganian \u015fi-a proclamat \u00eens\u0103 singur nevinov\u0103\u0163ia \u015fi i-a implorat pe colegii de partid s\u0103 nu-i ridice imunitatea pentru a putea fi anchetat de procurori. Rezultatul este c\u0103, de\u015fi a demisionat din Guvern, r\u0103m\u00e2ne cu imunitatea intact\u0103, imunitate ap\u0103rat\u0103 chiar de Crin Antonescu, cel care zilele trecute poza \u00een rolul de ap\u0103r\u0103tor al independen\u0163ei justi\u0163iei.<\/p>\n<p data-index=\"2\">\u201eS\u0103 nu votam, e un coleg de-al nostru. L\u0103s\u0103m restului Senatului decizia \u015fi in felul acesta nu putem spune nici c\u0103 \u00eel socotim vinovat pe Varujan, ceea ce nu putem s\u0103 \u00eel socotim pe Varujan. Pe de alt\u0103 parte, s\u0103 nu se spun\u0103 c\u0103 am bloca demersurile Justi\u021biei\u201d, spunea Crin Antonescu.<\/p>\n<p data-index=\"3\">Varujan Vosganian nu a fost singurul caz \u00een care Crin Antonescu s-a transformat \u00een instan\u0163\u0103 penal\u0103 ad-hoc \u015fi a dat verdicte la televizor. Ovidiu Silaghi este unul similar. Drumul s\u0103u spre ministerul Transporturilor a fost blocat de un obstacol insurmontabil: un dosar penal, instrumentat de DNA, sub acuza\u0163ia de trafic de influen\u0163\u0103.<\/p>\n<p data-index=\"4\">Un dosar pe care liderul PNL nu \u00eel vede cu ochi buni, mai ales c\u0103 a ap\u0103rut dup\u0103 desemnarea acestuia pentru portofoliul de la Transporturi.<\/p>\n<p data-index=\"5\">\u201e\u00cen momentul \u00een care a fost desemnat dl. Silaghi nu exista nicun motiv, dosar , element&#8230;.asta continu\u0103 mul\u021bi confra\u021bi s\u0103 ignore\u201d, spunea Crin Antonescu.<\/p>\n<p data-index=\"6\">Un al treilea ministru pierdut de PNL este Relu Fenechiu, fostul \u015fef al Transporturilor. Situa\u0163ia lui a pus Rom\u00e2nia \u00eentr-o situa\u0163ie f\u0103r\u0103 precedent \u00een istorie: condamnarea la \u00eenchisoare cu executare a unui ministru aflat \u00een func\u0163ie. \u015ei asta pentru c\u0103 Victor Ponta \u015fi Crin Antonescu au ignorat avertismentele, venite mai ales de la Bruxelles, de a-l elimina pe Relu Fenechiu din Guvern din cauza faptului c\u0103 era trimis \u00een judecat\u0103 \u00eentr-un dosar de corup\u0163ie. Relu Fenechiu a r\u0103spuns cu arogan\u0163\u0103 la aceste cereri, \u00een vreme ce Crin Antonescu a acuzat presiuni asupra justi\u0163iei.<\/p>\n<p data-index=\"7\">\u201eNu mor caii c\u00e2nd vor c\u00e2inii! Ce s\u0103 facem? Domnul B\u0103sescu are probleme cu mine de mul\u0163i ani. O s\u0103 vedem care pic\u0103 primul\u201d, declara Relu Fenechiu \u00een martie 2013, \u00eenainte de verdictul instan\u021bei.<\/p>\n<p data-index=\"8\">\u201e<span>S-a f\u0103cut un scandal enorm, o propagand\u0103 ne\u0163\u0103rmuit\u0103 \u00een leg\u0103tur\u0103 cu prezen\u0163a lui Relu Fenechiu \u00een Guvern, ca ar fi un punct slab pentru Rom\u00e2nia. Editoriale care spun ca Relu Fenechiu trebuie condamnat ca Rom\u00e2nia sa intre \u00een Schengen \u015fi alte abera\u0163ii de genul acesta pot fi ele interpretate ca o uria\u0219\u0103 presiune asupra justi\u0163iei\u201d, spunea \u00een iunie Crin Antonescu.<\/span><\/p>\n<p data-index=\"9\">Primul dintre mini\u015ftrii PNL nevoi\u0163i s\u0103 demisioneze din cauza problemelor cu justi\u0163ia a fost Mircea Diaconu, care a plecat din guvern la o lun\u0103 de la \u00eenvestire. \u015ei asta dup\u0103 ce \u00cenalta Curte de Casa\u0163ie \u015fi Justi\u0163ie a confirmat decizia ANI c\u0103 Mircea Diaconu s-a aflat \u00een incompatibilitate, pentru c\u0103 a ocupat \u00een acela\u015fi timp func\u0163iile de senator \u015fi director al Teatrului Notara. Deczia cur\u0163ii supreme ar fi trebuit urmat\u0103 \u015fi de demisia lui Diaconu din Senat, dar acest lucru s-a produs tot la insisten\u0163ele Comisiei Europene \u015fi dup\u0103 un \u00eentreg circ pe scena politic intern\u0103.<\/p>\n<p data-index=\"10\">\u201eSunt oarecum m\u00e2ndru ca am izbutut s\u0103 devin o problem\u0103 a Rom\u00e2niei \u015fi a Uniunii Europene. Via\u021ba e un \u0219ir lung de legitima\u021bii. Sunt foarte m\u00e2ndru de profesie, sunt Mircea Diaconu \u0219i sunt m\u00e2ndru de asta \u0219i voi r\u0103m\u00e2ne cu aceast\u0103 profesie p\u00e2n\u0103 la cap\u0103t\u201d, declara Mircea Diaconu \u00een decembrie 2012.<\/p>\n<\/div>\n<p> Source URL: https:\/\/www.digi24.ro\/stiri\/actualitate\/politica\/cultura-politica-justitia-a-remaniat-patru-ministri-pnl-135057<\/p>\n","protected":false},"excerpt":{"rendered":"<p>Varujan Vosganian \u015fi-a proclamat \u00eens\u0103 singur nevinov\u0103\u0163ia \u015fi i-a implorat pe colegii de partid s\u0103 nu-i ridice imunitatea pentru a putea fi anchetat de procurori. Rezultatul este c\u0103, de\u015fi a demisionat din Guvern, r\u0103m\u00e2ne cu imunitatea intact\u0103, imunitate ap\u0103rat\u0103 chiar de Crin Antonescu, cel care zilele trecute poza \u00een rolul de ap\u0103r\u0103tor al independen\u0163ei justi\u0163iei. [&hellip;]<\/p>\n","protected":false},"author":1,"featured_media":219845,"comment_status":"open","ping_status":"","sticky":false,"template":"","format":"standard","meta":{"footnotes":""},"categories":[2],"tags":[11],"class_list":["post-219844","post","type-post","status-publish","format-standard","has-post-thumbnail","hentry","category-politics","tag-digi24"],"_links":{"self":[{"href":"https:\/\/analyse.optim.biz\/index.php?rest_route=\/wp\/v2\/posts\/219844","targetHints":{"allow":["GET"]}}],"collection":[{"href":"https:\/\/analyse.optim.biz\/index.php?rest_route=\/wp\/v2\/posts"}],"about":[{"href":"https:\/\/analyse.optim.biz\/index.php?rest_route=\/wp\/v2\/types\/post"}],"author":[{"embeddable":true,"href":"https:\/\/analyse.optim.biz\/index.php?rest_route=\/wp\/v2\/users\/1"}],"replies":[{"embeddable":true,"href":"https:\/\/analyse.optim.biz\/index.php?rest_route=%2Fwp%2Fv2%2Fcomments&post=219844"}],"version-history":[{"count":0,"href":"https:\/\/analyse.optim.biz\/index.php?rest_route=\/wp\/v2\/posts\/219844\/revisions"}],"wp:featuredmedia":[{"embeddable":true,"href":"https:\/\/analyse.optim.biz\/index.php?rest_route=\/wp\/v2\/media\/219845"}],"wp:attachment":[{"href":"https:\/\/analyse.optim.biz\/index.php?rest_route=%2Fwp%2Fv2%2Fmedia&parent=219844"}],"wp:term":[{"taxonomy":"category","embeddable":true,"href":"https:\/\/analyse.optim.biz\/index.php?rest_route=%2Fwp%2Fv2%2Fcategories&post=219844"},{"taxonomy":"post_tag","embeddable":true,"href":"https:\/\/analyse.optim.biz\/index.php?rest_route=%2Fwp%2Fv2%2Ftags&post=219844"}],"curies":[{"name":"wp","href":"https:\/\/api.w.org\/{rel}","templated":true}]}}