{"id":219833,"date":"2013-10-16T15:34:41","date_gmt":"2013-10-16T12:34:41","guid":{"rendered":"https:\/\/analyse.optim.biz\/?p=219833"},"modified":"2013-10-16T15:34:41","modified_gmt":"2013-10-16T12:34:41","slug":"andrei-gerea-investit-ministru-al-economiei-crin-antonescu-nu-a-primit-invitatie-la-cotroceni","status":"publish","type":"post","link":"https:\/\/analyse.optim.biz\/?p=219833","title":{"rendered":"Andrei Gerea, \u00eenvestit ministru al Economiei. Crin Antonescu nu a primit invita\u021bie la Cotroceni"},"content":{"rendered":"<div class=\"entry data-app-meta data-app-meta-article\" data-embed-base-url-canonical=\"https:\/\/www.digi24.ro\/embed\/stiri\/actualitate\/politica\/andrei-gerea-investit-ministru-al-economiei-crin-antonescu-nu-a-primit-invitatie-la-cotroceni-135541\">\n<p data-index=\"1\">Este un gest inedit, pentru c\u0103, p\u00e2n\u0103 acum, indiferent de conflictele care aveau loc, se respecta procedura \u0219i erau invita\u021bi la Cotroceni at\u00e2t pre\u0219edintele Camerei Deputa\u021bilor, c\u00e2t \u0219i pre\u0219edintele Senatului.<\/p>\n<p data-index=\"2\">Crin Antonescu nu a primit invita\u021bie nici prin telefon, a\u0219a cum a primit Valeriu Zgonea, nici prin scrisoare oficial\u0103.<\/p>\n<p data-index=\"3\">Un motiv ar putea fi comportamentul \u0219efului Senatului de la <a href=\"https:\/\/www.digi24.ro\/Stiri\/Digi24\/Actualitate\/Politica\/Antonescu+Plecarea+mea+a+fost+gest+nepoliticos+dar+discursul+lui%20\" target=\"_blank\" data-skip-linkfix=\"1\" rel=\"noopener\">ultima depunere de jur\u0103m\u00e2nt<\/a>, a ministrului Transporturilor Ramona M\u0103nescu, c\u00e2nd Crin Antonescu a plecat \u00eenainte de discursul lui Traian B\u0103sescu.<\/p>\n<p data-index=\"4\">\u201eAm plecat pentru a ar\u0103ta public c\u0103 pentru mine discursul ce avea s\u0103 urmeze legat de Ministerul Transporturilor din gura lui Traian B\u0103sescu nu mai poate prezenta nicio urm\u0103 de legitimitate\u201d, a sus\u0163inut atunci pre\u015fedintele PNL.<\/p>\n<h5><span>Dou\u0103 misiuni pentru noul ministru<\/span><\/h5>\n<p data-index=\"5\">Ceremonia depunerii jur\u0103m\u00e2ntului de c\u0103tre ministrul Andrei Gerea a avut loc la ora 17.00, la Palatul Cotroceni. \u201eAve\u021bi dou\u0103 misiuni: Oltchim \u0219i Cuprumin\u201d, i-a spus pre\u0219edintele noului ministru al Economiei dup\u0103 depunerea jur\u0103m\u00e2ntului. \u0218eful statului a ad\u0103ugat c\u0103 trebuie s\u0103 fie dou\u0103 procese transparente, \u00een favoarea companiilor.<\/p>\n<p data-index=\"6\">La ceremonia de la Palatul Cotroceni au luat parte premierul Victor Ponta, pre\u0219edintele Camerei Deputa\u021bilor, Valeriu Zgonea, precum \u0219i mai mul\u021bi mini\u0219trim \u00eentre care liberalii Eugen Nicol\u0103escu, Daniel Chi\u021boiu, Mariana C\u00e2mpeau \u0219i Mihai Voicu. Pre\u0219edintele Traian B\u0103sescu a dat m\u00e2na cu ei, a schimbat c\u00e2teva cuvinte cu Radu Stroe \u0219i Eugen Nicol\u0103escu, apoi cu premierul \u0219i pre\u0219edintele Camerei \u0219i a ie\u0219it din sal\u0103 r\u00e2z\u00e2nd. Urm\u0103ri\u021bi imaginile de mai sus.<\/p>\n<\/div>\n<p> Source URL: https:\/\/www.digi24.ro\/stiri\/actualitate\/politica\/andrei-gerea-investit-ministru-al-economiei-crin-antonescu-nu-a-primit-invitatie-la-cotroceni-135541<\/p>\n","protected":false},"excerpt":{"rendered":"<p>Este un gest inedit, pentru c\u0103, p\u00e2n\u0103 acum, indiferent de conflictele care aveau loc, se respecta procedura \u0219i erau invita\u021bi la Cotroceni at\u00e2t pre\u0219edintele Camerei Deputa\u021bilor, c\u00e2t \u0219i pre\u0219edintele Senatului. Crin Antonescu nu a primit invita\u021bie nici prin telefon, a\u0219a cum a primit Valeriu Zgonea, nici prin scrisoare oficial\u0103. Un motiv ar putea fi comportamentul [&hellip;]<\/p>\n","protected":false},"author":1,"featured_media":219834,"comment_status":"open","ping_status":"","sticky":false,"template":"","format":"standard","meta":{"footnotes":""},"categories":[2],"tags":[11],"class_list":["post-219833","post","type-post","status-publish","format-standard","has-post-thumbnail","hentry","category-politics","tag-digi24"],"_links":{"self":[{"href":"https:\/\/analyse.optim.biz\/index.php?rest_route=\/wp\/v2\/posts\/219833","targetHints":{"allow":["GET"]}}],"collection":[{"href":"https:\/\/analyse.optim.biz\/index.php?rest_route=\/wp\/v2\/posts"}],"about":[{"href":"https:\/\/analyse.optim.biz\/index.php?rest_route=\/wp\/v2\/types\/post"}],"author":[{"embeddable":true,"href":"https:\/\/analyse.optim.biz\/index.php?rest_route=\/wp\/v2\/users\/1"}],"replies":[{"embeddable":true,"href":"https:\/\/analyse.optim.biz\/index.php?rest_route=%2Fwp%2Fv2%2Fcomments&post=219833"}],"version-history":[{"count":0,"href":"https:\/\/analyse.optim.biz\/index.php?rest_route=\/wp\/v2\/posts\/219833\/revisions"}],"wp:featuredmedia":[{"embeddable":true,"href":"https:\/\/analyse.optim.biz\/index.php?rest_route=\/wp\/v2\/media\/219834"}],"wp:attachment":[{"href":"https:\/\/analyse.optim.biz\/index.php?rest_route=%2Fwp%2Fv2%2Fmedia&parent=219833"}],"wp:term":[{"taxonomy":"category","embeddable":true,"href":"https:\/\/analyse.optim.biz\/index.php?rest_route=%2Fwp%2Fv2%2Fcategories&post=219833"},{"taxonomy":"post_tag","embeddable":true,"href":"https:\/\/analyse.optim.biz\/index.php?rest_route=%2Fwp%2Fv2%2Ftags&post=219833"}],"curies":[{"name":"wp","href":"https:\/\/api.w.org\/{rel}","templated":true}]}}