{"id":219685,"date":"2013-10-18T16:32:56","date_gmt":"2013-10-18T13:32:56","guid":{"rendered":"https:\/\/analyse.optim.biz\/?p=219685"},"modified":"2013-10-18T16:32:56","modified_gmt":"2013-10-18T13:32:56","slug":"victor-ponta-am-decis-prelungirea-cu-30-de-zile-a-mandatului-comisiei-pentru-rosia-montana","status":"publish","type":"post","link":"https:\/\/analyse.optim.biz\/?p=219685","title":{"rendered":"Victor Ponta: Am decis prelungirea cu 30 de zile a mandatului Comisiei pentru Ro\u015fia Montan\u0103"},"content":{"rendered":"<div class=\"entry data-app-meta data-app-meta-article\" data-embed-base-url-canonical=\"https:\/\/www.digi24.ro\/embed\/stiri\/actualitate\/politica\/victor-ponta-am-decis-prelungirea-cu-30-de-zile-a-mandatului-comisiei-pentru-rosia-montana-136876\">\n<p data-index=\"1\"><img decoding=\"async\" src=\"https:\/\/analyse.optim.biz\/wp-content\/uploads\/2024\/09\/jmhhc2g9mdm1otq5ytq2nwriztflmgiznjy0zwfhytllztgxnwy-thumb_.jpg\" data-skip-htmlfix=\"1\" title=\"jmhhc2g9mdm1otq5ytq2nwriztflmgiznjy0zwfhytllztgxnwy-thumb_\"><\/p>\n<p data-index=\"2\">Pre\u0219edintele PSD, <strong>Victor Ponta<\/strong>, a anun\u021bat c\u0103 la nivelul conducerii USL s-a luat hot\u0103r\u00e2rea de a prelungi mandatul Comisiei speciale cu 30 de zile.<\/p>\n<p data-index=\"3\">La \u015fedin\u0163a USL a fost prezent \u015fi pre\u015fedintele Comisiei pentru Ro\u015fia Montan\u0103, Darius V\u00e2lcov, care a informat liderii Uniunii asupra deciziilor luate p\u00e2n\u0103 acum la nivelul comisiei.<\/p>\n<p data-index=\"4\"><strong>Darius V\u00e2lcov<\/strong> a declarat, joi, c\u0103 proiectul de lege primit de la Guvern a fost schimbat total de c\u0103tre comisie, el ar\u0103t\u00e2nd c\u0103 a fost modificat inclusiv titlul \u015fi c\u0103 proiectul nu se mai refer\u0103 la Ro\u015fia Montan\u0103, ci la exploat\u0103ri auro-argintifere \u00een general.<\/p>\n<p data-index=\"5\">\u00cen plus, el estima c\u0103 s\u0103pt\u0103m\u00e2na urm\u0103toare se va da votul pe proiectul de lege.<\/p>\n<p data-index=\"6\">Proiectul de lege a intrat \u00een Comisiei \u201ecu nou\u0103 articole \u0219i un acord\u201d, a ad\u0103ugat Darius V\u00e2lcov. <strong>\u201e\u0218apte au fost modificate radical \u0219i acordul (dintre Guvern \u0219i RMGC, n.r.) a disp\u0103rut deocamdat\u0103. Urmeaz\u0103, luni, s\u0103 dezbatem ultimele dou\u0103 articole \u0219i, probabil luni sau mar\u021bi, cu o \u00eent\u00e2rziere de dou\u0103 zile, s\u0103 d\u0103m votul pentru proiectul de lege\u201d<\/strong>, a conchis senatorul PSD, la <a href=\"https:\/\/www.digi24.ro\/Stiri\/Digi24\/Actualitate\/Stiri\/Darius+Valcov+Exploatarea+altor+minereuri+la+Rosia+Montana+nu+se\" target=\"_blank\" data-skip-linkfix=\"1\" rel=\"noopener\">Digi24<\/a>.<\/p>\n<p data-index=\"7\">Pre\u015fedintele Comisiei speciale a spus c\u0103 Acordul dintre Guvern \u015fi RMGC a fost scos din proiectul de lege trimis de Guvern.<\/p>\n<p data-index=\"8\">\u201eS-au adopt opt amendamente, de la titlul legii, care a fost modificat, \u015fi primele opt articole, care au schimbat total legea. \u00cen primul r\u00e2nd Acordul a fost scos. La articolul 1 din proiectul de lege se pomenea de un Acord. Acordul a fost respins\u201d, a spus Darius V\u00e2lcov.<\/p>\n<p data-index=\"9\">El a ar\u0103tat c\u0103 niciunul dintre amendamentele adoptate nu face referire la proiectul Ro\u015fia Montan\u0103.<\/p>\n<p data-index=\"10\">\u201eInclusiv legea s-a schimbat, deci nu vorbim de proiectul Ro\u015fia Montan\u0103, vorbim de o lege privind unele m\u0103suri pentru stimularea exploat\u0103rii minereurilor auro-argintifere din cadrul unor proiecte miniere de interes public deosebit\u201d, a spus Darius V\u00e2lcov.<\/p>\n<p data-index=\"11\">El a precizat c\u0103 membrii comisiei au considerat c\u0103 Acordul dintre Guvern \u015fi RMGC nu \u00ee\u015fi are locul \u00een legea \u00een cauz\u0103.<\/p>\n<p data-index=\"12\">Darius V\u00e2lcov a spus c\u0103, prin scoaterea Acordului dintre Guvern \u015fi RMGC, proiectul de lege la care lucreaz\u0103 Comisia pentru Ro\u015fia Montan\u0103 reprezint\u0103 \u201emai degrab\u0103 o completare a Legii minelor\u201d.<\/p>\n<p data-index=\"13\">\u201eNu este o nou\u0103 Lege a minelor. Nu modific\u0103m Legea minelor. Este mai degrab\u0103 o completare. Dar mai sunt \u015fi alte discu\u0163ii, pentru c\u0103 redeven\u0163a s-a dus la 6 la sut\u0103. \u00cen Legea minelor nu era 6 la sut\u0103. Noi avem un proiect pentru toate exploat\u0103rile de acest fel, va fi 6 la sut\u0103&#8221;, a spus V\u00e2lcov.<\/p>\n<\/div>\n<p> Source URL: https:\/\/www.digi24.ro\/stiri\/actualitate\/politica\/victor-ponta-am-decis-prelungirea-cu-30-de-zile-a-mandatului-comisiei-pentru-rosia-montana-136876<\/p>\n","protected":false},"excerpt":{"rendered":"<p>Pre\u0219edintele PSD, Victor Ponta, a anun\u021bat c\u0103 la nivelul conducerii USL s-a luat hot\u0103r\u00e2rea de a prelungi mandatul Comisiei speciale cu 30 de zile. La \u015fedin\u0163a USL a fost prezent \u015fi pre\u015fedintele Comisiei pentru Ro\u015fia Montan\u0103, Darius V\u00e2lcov, care a informat liderii Uniunii asupra deciziilor luate p\u00e2n\u0103 acum la nivelul comisiei. Darius V\u00e2lcov a declarat, [&hellip;]<\/p>\n","protected":false},"author":1,"featured_media":219686,"comment_status":"open","ping_status":"","sticky":false,"template":"","format":"standard","meta":{"footnotes":""},"categories":[2],"tags":[11],"class_list":["post-219685","post","type-post","status-publish","format-standard","has-post-thumbnail","hentry","category-politics","tag-digi24"],"_links":{"self":[{"href":"https:\/\/analyse.optim.biz\/index.php?rest_route=\/wp\/v2\/posts\/219685","targetHints":{"allow":["GET"]}}],"collection":[{"href":"https:\/\/analyse.optim.biz\/index.php?rest_route=\/wp\/v2\/posts"}],"about":[{"href":"https:\/\/analyse.optim.biz\/index.php?rest_route=\/wp\/v2\/types\/post"}],"author":[{"embeddable":true,"href":"https:\/\/analyse.optim.biz\/index.php?rest_route=\/wp\/v2\/users\/1"}],"replies":[{"embeddable":true,"href":"https:\/\/analyse.optim.biz\/index.php?rest_route=%2Fwp%2Fv2%2Fcomments&post=219685"}],"version-history":[{"count":0,"href":"https:\/\/analyse.optim.biz\/index.php?rest_route=\/wp\/v2\/posts\/219685\/revisions"}],"wp:featuredmedia":[{"embeddable":true,"href":"https:\/\/analyse.optim.biz\/index.php?rest_route=\/wp\/v2\/media\/219686"}],"wp:attachment":[{"href":"https:\/\/analyse.optim.biz\/index.php?rest_route=%2Fwp%2Fv2%2Fmedia&parent=219685"}],"wp:term":[{"taxonomy":"category","embeddable":true,"href":"https:\/\/analyse.optim.biz\/index.php?rest_route=%2Fwp%2Fv2%2Fcategories&post=219685"},{"taxonomy":"post_tag","embeddable":true,"href":"https:\/\/analyse.optim.biz\/index.php?rest_route=%2Fwp%2Fv2%2Ftags&post=219685"}],"curies":[{"name":"wp","href":"https:\/\/api.w.org\/{rel}","templated":true}]}}