{"id":219614,"date":"2013-10-19T22:27:52","date_gmt":"2013-10-19T19:27:52","guid":{"rendered":"https:\/\/analyse.optim.biz\/?p=219614"},"modified":"2013-10-19T22:27:52","modified_gmt":"2013-10-19T19:27:52","slug":"liviu-dragnea-fiecare-pesedist-poarta-in-suflet-dorinta-ca-presedintele-sa-fie-candidat-al-psd","status":"publish","type":"post","link":"https:\/\/analyse.optim.biz\/?p=219614","title":{"rendered":"Liviu Dragnea: \u201eFiecare pesedist poart\u0103 \u00een suflet dorin\u021ba ca pre\u0219edintele s\u0103 fie candidat al PSD\u201d"},"content":{"rendered":"<div class=\"entry data-app-meta data-app-meta-article\" data-embed-base-url-canonical=\"https:\/\/www.digi24.ro\/embed\/stiri\/actualitate\/politica\/liviu-dragnea-fiecare-pesedist-poarta-in-suflet-dorinta-ca-presedintele-sa-fie-candidat-al-psd-137372\">\n<p data-index=\"1\">\u201eCrin Antonescu nu trebuie s\u0103 reprezinte PSD-ul \u00eentr-o decizie pe care o ia Guvernul. <strong>C\u00e2nd vorbim de candidatura la preziden\u0163iale este vorba de candidatul USL, pe care l<span lang=\"en-US\">-am hot<\/span><\/strong><span><strong>\u0103r\u00e2t \u015fi pe care \u00eel sus\u0163inem<\/strong>\u201d, a spus ministrul Dezvolt\u0103rii Regionale \u0219i Administra\u021biei Publice.<\/span><\/p>\n<p data-index=\"2\">\u00centrebat dac\u0103 i <span lang=\"en-US\">s-a<\/span> repro\u015fat \u00een r\u00e2ndul colegilor c\u0103 PSD, cel mai mare partid din Rom\u00e2nia, nu are are propriul candidat la alegerile preziden\u0163iale, Liviu Dragnea a r\u0103spuns:<\/p>\n<p data-index=\"3\">\u201eNu este vorba de un repro\u0219. Exist\u0103 o dorin\u021b\u0103 fireasc\u0103 \u00een acest partid, care este prezent\u0103 din 2005, dup\u0103 ce Adrian N\u0103stase a pierdut alegerile nedrept, ca PSD s\u0103 propun\u0103 un candidat care s\u0103 c\u00e2\u0219tige alegerile preziden\u021biale. <strong>Este o dorin\u021b\u0103 care exist\u0103 \u00een sufletul fiec\u0103rui pesedist, dar faptul c\u0103 am adoptat o hot\u0103r\u00e2re \u00een congres, s\u0103 sus\u021binem un candidat PNL, este o decizie pe care PSD o respect\u0103. Dar fiecare pesedist poart\u0103 \u00een suflet dorin\u021ba ca pre\u0219edintele s\u0103 fie candidat al PSD\u201d<\/strong>, a precizat vicepremierul.<\/p>\n<\/div>\n<p> Source URL: https:\/\/www.digi24.ro\/stiri\/actualitate\/politica\/liviu-dragnea-fiecare-pesedist-poarta-in-suflet-dorinta-ca-presedintele-sa-fie-candidat-al-psd-137372<\/p>\n","protected":false},"excerpt":{"rendered":"<p>\u201eCrin Antonescu nu trebuie s\u0103 reprezinte PSD-ul \u00eentr-o decizie pe care o ia Guvernul. C\u00e2nd vorbim de candidatura la preziden\u0163iale este vorba de candidatul USL, pe care l-am hot\u0103r\u00e2t \u015fi pe care \u00eel sus\u0163inem\u201d, a spus ministrul Dezvolt\u0103rii Regionale \u0219i Administra\u021biei Publice. \u00centrebat dac\u0103 i s-a repro\u015fat \u00een r\u00e2ndul colegilor c\u0103 PSD, cel mai mare [&hellip;]<\/p>\n","protected":false},"author":1,"featured_media":219615,"comment_status":"open","ping_status":"","sticky":false,"template":"","format":"standard","meta":{"footnotes":""},"categories":[2],"tags":[11],"class_list":["post-219614","post","type-post","status-publish","format-standard","has-post-thumbnail","hentry","category-politics","tag-digi24"],"_links":{"self":[{"href":"https:\/\/analyse.optim.biz\/index.php?rest_route=\/wp\/v2\/posts\/219614","targetHints":{"allow":["GET"]}}],"collection":[{"href":"https:\/\/analyse.optim.biz\/index.php?rest_route=\/wp\/v2\/posts"}],"about":[{"href":"https:\/\/analyse.optim.biz\/index.php?rest_route=\/wp\/v2\/types\/post"}],"author":[{"embeddable":true,"href":"https:\/\/analyse.optim.biz\/index.php?rest_route=\/wp\/v2\/users\/1"}],"replies":[{"embeddable":true,"href":"https:\/\/analyse.optim.biz\/index.php?rest_route=%2Fwp%2Fv2%2Fcomments&post=219614"}],"version-history":[{"count":0,"href":"https:\/\/analyse.optim.biz\/index.php?rest_route=\/wp\/v2\/posts\/219614\/revisions"}],"wp:featuredmedia":[{"embeddable":true,"href":"https:\/\/analyse.optim.biz\/index.php?rest_route=\/wp\/v2\/media\/219615"}],"wp:attachment":[{"href":"https:\/\/analyse.optim.biz\/index.php?rest_route=%2Fwp%2Fv2%2Fmedia&parent=219614"}],"wp:term":[{"taxonomy":"category","embeddable":true,"href":"https:\/\/analyse.optim.biz\/index.php?rest_route=%2Fwp%2Fv2%2Fcategories&post=219614"},{"taxonomy":"post_tag","embeddable":true,"href":"https:\/\/analyse.optim.biz\/index.php?rest_route=%2Fwp%2Fv2%2Ftags&post=219614"}],"curies":[{"name":"wp","href":"https:\/\/api.w.org\/{rel}","templated":true}]}}