{"id":219534,"date":"2013-10-21T18:55:42","date_gmt":"2013-10-21T15:55:42","guid":{"rendered":"https:\/\/analyse.optim.biz\/?p=219534"},"modified":"2013-10-21T18:55:42","modified_gmt":"2013-10-21T15:55:42","slug":"cultura-politica-din-delegatia-lui-victor-ponta-in-sua-fac-parte-numai-ministri-psd","status":"publish","type":"post","link":"https:\/\/analyse.optim.biz\/?p=219534","title":{"rendered":"CULTURA POLITIC\u0102. Din delega\u021bia lui Victor Ponta \u00een SUA fac parte numai mini\u0219tri PSD"},"content":{"rendered":"<div class=\"entry data-app-meta data-app-meta-article\" data-embed-base-url-canonical=\"https:\/\/www.digi24.ro\/embed\/stiri\/actualitate\/politica\/cultura-politica-din-delegatia-lui-victor-ponta-in-sua-fac-parte-numai-ministri-psd-138315\">\n<p data-index=\"1\">Este o deplasare de trei zile cu puternice accente economice, \u00een cadrul c\u0103reia prim-ministrul de la Bucure\u015fti va trebui s\u0103 dea o serie de explica\u0163ii:<\/p>\n<p data-index=\"2\">1. De ce <strong>compania Chevron<\/strong> nu poate demara lucr\u0103rile \u00een privin\u0163a gazelor de \u015fist a\u015fa cum a convenit cu guvernul rom\u00e2n.<\/p>\n<p data-index=\"3\">2. de ce procedura de privatizare a CFR Marf\u0103 a fost f\u0103cut\u0103 \u00een a\u015fa fel \u00eenc\u00e2t compania american\u0103 <strong>Omnitrax<\/strong>, ca de altfel orice alt\u0103 companie \u00een afar\u0103 de GFR-ul lui Gruia Stoica, a fost eliminat\u0103 din competi\u0163ie sau<\/p>\n<p data-index=\"4\">3. cum mai st\u0103 treaba pe la Bucure\u015fti cu respectarea statului de drept.<\/p>\n<p data-index=\"5\">R\u0103mas acas\u0103, tovar\u0103\u015ful de alian\u0163\u0103 al lui Victor Ponta, liberalul <strong>Crin Antonescu<\/strong>, \u00eei atrage \u00eens\u0103 aten\u0163ia colegului s\u0103u c\u0103 \u00een urma acestei vizite exist\u0103 riscul ca \u00een Rom\u00e2nia s\u0103 se nasc\u0103 un <strong>curent antiamerican<\/strong>.<\/p>\n<p data-index=\"6\">\u201eExist\u0103 ideea ca relatia Rom\u00e2niei cu SUA e dirijat\u0103 de mari companii, Chevron in acest caz, lucruri care nu pot fi contrazise doar a\u0219a, ignor\u00e2ndu-le. Oamenii pot s\u0103 aib\u0103 \u00eendoieli \u0219i de aceea <strong>Guvernul trebuie s\u0103 fac\u0103 o dare de seam\u0103 foarte clar\u0103 \u00een fa\u021ba cet\u0103\u021benilor<\/strong>&#8220;, a declarat liderul liberal \u00eentr-o emisiune televizat\u0103.<\/p>\n<p data-index=\"7\">A\u015fadar, Crin Antonescu \u00eei cere lui Victor Ponta o dare de seam\u0103 cu tot ceea ce a f\u0103cut \u00een Statele Unite. O dare de seam\u0103 de care liderul PNL are nevoie poate \u015fi pentru c\u0103 nu are cine altcineva s\u0103 \u00eel informeze, deoarece <strong>niciun ministru liberal nu a fost luat de Victor Ponta \u00een avion<\/strong>.<\/p>\n<p data-index=\"8\">Din delega\u0163ia premierului fac parte ministrul de externe, Titus Corla\u0163ean, ministrul Energiei, Constan\u0163in Ni\u0163\u0103, ministrul mediului, Rovana Plumb, \u015fi ministrul Educa\u0163iei, Remus Pricopie. To\u0163i, a\u015fadar, din partea Partidului Social-Democrat.<\/p>\n<\/div>\n<p> Source URL: https:\/\/www.digi24.ro\/stiri\/actualitate\/politica\/cultura-politica-din-delegatia-lui-victor-ponta-in-sua-fac-parte-numai-ministri-psd-138315<\/p>\n","protected":false},"excerpt":{"rendered":"<p>Este o deplasare de trei zile cu puternice accente economice, \u00een cadrul c\u0103reia prim-ministrul de la Bucure\u015fti va trebui s\u0103 dea o serie de explica\u0163ii: 1. De ce compania Chevron nu poate demara lucr\u0103rile \u00een privin\u0163a gazelor de \u015fist a\u015fa cum a convenit cu guvernul rom\u00e2n. 2. de ce procedura de privatizare a CFR Marf\u0103 [&hellip;]<\/p>\n","protected":false},"author":1,"featured_media":219535,"comment_status":"open","ping_status":"","sticky":false,"template":"","format":"standard","meta":{"footnotes":""},"categories":[2],"tags":[11],"class_list":["post-219534","post","type-post","status-publish","format-standard","has-post-thumbnail","hentry","category-politics","tag-digi24"],"_links":{"self":[{"href":"https:\/\/analyse.optim.biz\/index.php?rest_route=\/wp\/v2\/posts\/219534","targetHints":{"allow":["GET"]}}],"collection":[{"href":"https:\/\/analyse.optim.biz\/index.php?rest_route=\/wp\/v2\/posts"}],"about":[{"href":"https:\/\/analyse.optim.biz\/index.php?rest_route=\/wp\/v2\/types\/post"}],"author":[{"embeddable":true,"href":"https:\/\/analyse.optim.biz\/index.php?rest_route=\/wp\/v2\/users\/1"}],"replies":[{"embeddable":true,"href":"https:\/\/analyse.optim.biz\/index.php?rest_route=%2Fwp%2Fv2%2Fcomments&post=219534"}],"version-history":[{"count":0,"href":"https:\/\/analyse.optim.biz\/index.php?rest_route=\/wp\/v2\/posts\/219534\/revisions"}],"wp:featuredmedia":[{"embeddable":true,"href":"https:\/\/analyse.optim.biz\/index.php?rest_route=\/wp\/v2\/media\/219535"}],"wp:attachment":[{"href":"https:\/\/analyse.optim.biz\/index.php?rest_route=%2Fwp%2Fv2%2Fmedia&parent=219534"}],"wp:term":[{"taxonomy":"category","embeddable":true,"href":"https:\/\/analyse.optim.biz\/index.php?rest_route=%2Fwp%2Fv2%2Fcategories&post=219534"},{"taxonomy":"post_tag","embeddable":true,"href":"https:\/\/analyse.optim.biz\/index.php?rest_route=%2Fwp%2Fv2%2Ftags&post=219534"}],"curies":[{"name":"wp","href":"https:\/\/api.w.org\/{rel}","templated":true}]}}