{"id":219483,"date":"2013-10-22T17:59:32","date_gmt":"2013-10-22T14:59:32","guid":{"rendered":"https:\/\/analyse.optim.biz\/?p=219483"},"modified":"2013-10-22T17:59:32","modified_gmt":"2013-10-22T14:59:32","slug":"l-dragnea-un-sef-de-asa-zis-serviciu-secret-spune-in-targ-ca-fac-descentralizare-ca-sa-acopar-greseli","status":"publish","type":"post","link":"https:\/\/analyse.optim.biz\/?p=219483","title":{"rendered":"L.Dragnea: Un \u015fef de a\u015fa-zis serviciu secret spune \u00een t\u00e2rg c\u0103 fac descentralizare ca s\u0103 acop\u0103r gre\u015feli"},"content":{"rendered":"<div class=\"entry data-app-meta data-app-meta-article\" data-embed-base-url-canonical=\"https:\/\/www.digi24.ro\/embed\/stiri\/actualitate\/politica\/l-dragnea-un-sef-de-asa-zis-serviciu-secret-spune-in-targ-ca-fac-descentralizare-ca-sa-acopar-greseli-138967\">\n<p data-index=\"1\">\u00a0<img decoding=\"async\" src=\"https:\/\/analyse.optim.biz\/wp-content\/uploads\/2024\/09\/cgcmdz04mdamagfzad1mnwrmmtjhywy4mgmxzde0yzjjnju4zda3mjq0zdq0oq-thumb_.jpg\" data-skip-htmlfix=\"1\" title=\"cgcmdz04mdamagfzad1mnwrmmtjhywy4mgmxzde0yzjjnju4zda3mjq0zdq0oq-thumb_\"><\/p>\n<p data-index=\"2\">\u201e<span>Cert este c\u0103 UDMR sus\u0163ine procesul de descentralizare \u015fi USL sus\u0163ine procesul de descentralizare, spre deosebire de institu\u0163ii \u015fi al\u0163i \u015fefi de institu\u0163ii, care nu sus\u0163in acest proces. De exemplu, este un \u015fef de a\u015fa-zis serviciu secret din Rom\u00e2nia care umbl\u0103 prin t\u00e2rg spun\u00e2nd c\u0103 eu vreau s\u0103 fac procesul de descentralizare ca s\u0103 acop\u0103r nu \u015ftiu ce gre\u015feli care s-au f\u0103cut \u00een plata unor ajutoare sociale sau ceva de genul \u0103sta. Eu \u00eel rog, ca s\u0103 nu folosesc cuv\u00e2ntul somez, s\u0103 ias\u0103 public \u015fi s\u0103 spun\u0103 pentru c\u0103, dac\u0103 nu, \u00een dou\u0103-trei zile ies eu \u015fi spun despre cine este vorba\u201d, a spus Liviu Dragnea, dup\u0103 o \u00eent\u00e2lnire cu parlamentari UDMR pe tema descentraliz\u0103rii, informeaz\u0103 Mediafax..<\/span><\/p>\n<p data-index=\"3\">El a precizat c\u0103 s-a s\u0103turat de atitudinea \u201esecurist\u0103\u201d a unora.<\/p>\n<p data-index=\"4\">Dragnea a spus c\u0103 este vorba despre un \u015fef de serviciu \u201ela nivel na\u0163ional\u201d.<\/p>\n<p data-index=\"5\">\u201e\u00cen 2-3 zile v\u0103 spun. S\u0103 nu crede\u0163i am f\u0103cut declara\u0163ia aiurea\u201d, a ad\u0103ugat Dragnea.<\/p>\n<p data-index=\"6\">El a spus, \u00een momentul \u00een care jurnali\u015ftii i-au replicat c\u0103 sunt doi-trei \u015fefi de servicii secrete \u00een Rom\u00e2nia, c\u0103 exist\u0103 \u201emai mul\u0163i care zic c\u0103 sunt de la ni\u015fte servicii a\u015fa-zis secrete\u201d.<\/p>\n<p data-index=\"7\">Ministrul a spus c\u0103 respectivul \u015fef de \u201ea\u015fa-zis serviciu secret bate c\u00e2mpii\u201d, \u201eb\u00e2rfe\u015fte\u201d \u015fi \u201emerge cu intriga\u201d, Dragnea ar\u0103t\u00e2nd c\u0103 \u00eei las\u0103 acestuia la dispozi\u0163ie trei zile pentru a vedea dac\u0103 are onoare s\u0103 spun\u0103 lucrurile public.<\/p>\n<p data-index=\"8\">\u201eBate c\u00e2mpii, dar joi cel mai t\u00e2rziu v\u0103 spun. E un seminar pe la Banca Na\u0163ional\u0103, c\u00e2nd ies de acolo v\u0103 spun, dac\u0103 \u00eentre timp nu iese dumnealui, pentru c\u0103 face o acuza\u0163ie foarte grav\u0103\u201d, a spus Dragnea.<\/p>\n<p data-index=\"9\">El a spus c\u0103 respectivul \u015fef obi\u015fnuie\u015fte de ani de zile s\u0103 fac\u0103 acuza\u0163ii grave \u00een ceea ce \u00eel prive\u015fte. \u00centrebat de ce a\u015fteapt\u0103 trei zile, Dragnea a precizat: \u201eCa s\u0103-i dau posibilitatea s\u0103 vedem dac\u0103 are onoare s\u0103 ias\u0103 s\u0103 spun\u0103. Pentru c\u0103 e vorba de acuza\u0163ii foarte grave pe care le face \u015fi pe care obi\u015fnui\u015fte s\u0103 le fac\u0103 de ani de zile \u015fi \u00een ceea c\u0103 m\u0103 prive\u015fte \u015fi \u00een ceea ce prive\u015fte pe al\u0163ii \u015fi nu mai vreau s\u0103 existe \u00een Rom\u00e2nia o astfel de atitudine securist\u0103, nu numai \u00een ce m\u0103 prive\u015fte pe mine\u201d.<\/p>\n<p data-index=\"10\">Dragnea a ad\u0103ugat c\u0103 \u0163ara nu poate fi \u00eens\u0103n\u0103to\u015fit\u0103 dac\u0103 \u015fefi de institu\u0163ii \u201eb\u00e2rfesc sau merg cu intriga\u201d.<\/p>\n<p data-index=\"11\">Ministrul a \u0163inut s\u0103 precizeze c\u0103 acuza\u0163iile nu i-au fost transmise personal.<\/p>\n<\/div>\n<p> Source URL: https:\/\/www.digi24.ro\/stiri\/actualitate\/politica\/l-dragnea-un-sef-de-asa-zis-serviciu-secret-spune-in-targ-ca-fac-descentralizare-ca-sa-acopar-greseli-138967<\/p>\n","protected":false},"excerpt":{"rendered":"<p>\u00a0 \u201eCert este c\u0103 UDMR sus\u0163ine procesul de descentralizare \u015fi USL sus\u0163ine procesul de descentralizare, spre deosebire de institu\u0163ii \u015fi al\u0163i \u015fefi de institu\u0163ii, care nu sus\u0163in acest proces. De exemplu, este un \u015fef de a\u015fa-zis serviciu secret din Rom\u00e2nia care umbl\u0103 prin t\u00e2rg spun\u00e2nd c\u0103 eu vreau s\u0103 fac procesul de descentralizare ca s\u0103 [&hellip;]<\/p>\n","protected":false},"author":1,"featured_media":219484,"comment_status":"open","ping_status":"","sticky":false,"template":"","format":"standard","meta":{"footnotes":""},"categories":[2],"tags":[11],"class_list":["post-219483","post","type-post","status-publish","format-standard","has-post-thumbnail","hentry","category-politics","tag-digi24"],"_links":{"self":[{"href":"https:\/\/analyse.optim.biz\/index.php?rest_route=\/wp\/v2\/posts\/219483","targetHints":{"allow":["GET"]}}],"collection":[{"href":"https:\/\/analyse.optim.biz\/index.php?rest_route=\/wp\/v2\/posts"}],"about":[{"href":"https:\/\/analyse.optim.biz\/index.php?rest_route=\/wp\/v2\/types\/post"}],"author":[{"embeddable":true,"href":"https:\/\/analyse.optim.biz\/index.php?rest_route=\/wp\/v2\/users\/1"}],"replies":[{"embeddable":true,"href":"https:\/\/analyse.optim.biz\/index.php?rest_route=%2Fwp%2Fv2%2Fcomments&post=219483"}],"version-history":[{"count":0,"href":"https:\/\/analyse.optim.biz\/index.php?rest_route=\/wp\/v2\/posts\/219483\/revisions"}],"wp:featuredmedia":[{"embeddable":true,"href":"https:\/\/analyse.optim.biz\/index.php?rest_route=\/wp\/v2\/media\/219484"}],"wp:attachment":[{"href":"https:\/\/analyse.optim.biz\/index.php?rest_route=%2Fwp%2Fv2%2Fmedia&parent=219483"}],"wp:term":[{"taxonomy":"category","embeddable":true,"href":"https:\/\/analyse.optim.biz\/index.php?rest_route=%2Fwp%2Fv2%2Fcategories&post=219483"},{"taxonomy":"post_tag","embeddable":true,"href":"https:\/\/analyse.optim.biz\/index.php?rest_route=%2Fwp%2Fv2%2Ftags&post=219483"}],"curies":[{"name":"wp","href":"https:\/\/api.w.org\/{rel}","templated":true}]}}