{"id":219004,"date":"2013-10-22T10:55:08","date_gmt":"2013-10-22T07:55:08","guid":{"rendered":"https:\/\/analyse.optim.biz\/?p=219004"},"modified":"2013-10-22T10:55:08","modified_gmt":"2013-10-22T07:55:08","slug":"comisia-rosia-montana-mandat-prelungit-comisia-poate-lucra-pana-pe-10-noiembrie","status":"publish","type":"post","link":"https:\/\/analyse.optim.biz\/?p=219004","title":{"rendered":"Comisia Ro\u0219ia Montan\u0103, mandat prelungit. Comisia poate lucra p\u00e2n\u0103 pe 10 noiembrie"},"content":{"rendered":"<div class=\"entry data-app-meta data-app-meta-article\" data-embed-base-url-canonical=\"https:\/\/www.digi24.ro\/embed\/stiri\/actualitate\/politica\/comisia-rosia-montana-mandat-prelungit-comisia-poate-lucra-pana-pe-10-noiembrie-138589\">\n<p data-index=\"1\">A fost <a href=\"https:\/\/www.digi24.ro\/Stiri\/Digi24\/Actualitate\/Politica\/Crin+Antonescu+PNL+va+respinge+raportul+Comisiei+pentru+Rosia+Mo\" target=\"_blank\" data-skip-linkfix=\"1\" rel=\"noopener\">o mare disput\u0103 \u00eentre PSD \u0219i PNL<\/a> legat\u0103 de prelungirea acestui termen, dup\u0103 ce liberalii s-au \u00eempotrivit. Totu\u0219i, ast\u0103zi, \u00een plenul reunit al Camerei Deputa\u021bilor \u0219i Senatului s-a votat pentru prelungirea acestui termen.<\/p>\n<p data-index=\"2\">Rezultatul votului a fost urm\u0103torul: <span lang=\"en-US\">17 voturi <\/span>\u00eempotriv\u0103, venite de la PDL \u0219i PP-DD \u0219i opt ab\u021bineri de la minorit\u0103\u021bi \u0219i UDMR. \u00cen rest, toate partidele au fost de acord cu prelungirea termenului.<\/p>\n<p data-index=\"3\">Liberalii au contestat \u00eens\u0103 obiectul de activitate al acestei comisii \u00een continuare, \u00een condi\u021biile \u00een care acordul de privind exploatarea de la Ro\u0219ia Montan\u0103 a fost scos din aceast\u0103 lege. Liberalii spuneau c\u0103 ar trebui s\u0103 fie \u00eenfiin\u021bat\u0103 o alt\u0103 comisie, care s\u0103 discute o cu totul alt\u0103 lege legat\u0103 de exploat\u0103rile de aur \u0219i argint din Rom\u00e2nia.<\/p>\n<p data-index=\"4\">Pentru c\u0103 nu au reu\u0219it s\u0103 \u00ee\u0219i conving\u0103 partenerii de coali\u021bie, pe social-democra\u021bi, cei din PNL au spus c\u0103 vor vota prelungirea acestui termen, dorit at\u00e2t de mult de PSD, dar c\u0103 \u00ee\u0219i men\u021bin pozi\u021bia \u0219i vor fi \u00eempotriva legii care se va dezbate \u00een aceast\u0103 comisie.<\/p>\n<p data-index=\"5\">\u201e<span>Ceea ce doream \u0219i atunci, \u015fi acum era s\u0103 clarific\u0103m urm\u0103torul lucru: mandatul acestei comisii. Ea a fost creat\u0103 \u0219i mandatat\u0103 pentru a aviza un anumit proiect de lege, proiectul ini\u021biat de guvern, pe care noi nu \u00eel sus\u021binem\u201d, a declarat pre\u0219edintele liberal, <strong>Crin Antonescu<\/strong>. <\/span><\/p>\n<p data-index=\"6\">\u00centrebat dac\u0103 liberalii vor continua s\u0103 participe la \u015fedin\u0163ele comisiei pentru Ro\u015fia Montan\u0103 \u00een urm\u0103toarele dou\u0103 s\u0103pt\u0103m\u00e2ni, copre\u0219edintele USL a r\u0103spuns: \u201eDa, sigur, nu avem niciun motiv s\u0103 nu particip\u0103m, dar punctul nostru de vedere este clar \u0219i cunoscut de foarte mult\u0103 vreme\u201d. \u00a0<\/p>\n<\/div>\n<p> Source URL: https:\/\/www.digi24.ro\/stiri\/actualitate\/politica\/comisia-rosia-montana-mandat-prelungit-comisia-poate-lucra-pana-pe-10-noiembrie-138589<\/p>\n","protected":false},"excerpt":{"rendered":"<p>A fost o mare disput\u0103 \u00eentre PSD \u0219i PNL legat\u0103 de prelungirea acestui termen, dup\u0103 ce liberalii s-au \u00eempotrivit. Totu\u0219i, ast\u0103zi, \u00een plenul reunit al Camerei Deputa\u021bilor \u0219i Senatului s-a votat pentru prelungirea acestui termen. Rezultatul votului a fost urm\u0103torul: 17 voturi \u00eempotriv\u0103, venite de la PDL \u0219i PP-DD \u0219i opt ab\u021bineri de la minorit\u0103\u021bi [&hellip;]<\/p>\n","protected":false},"author":1,"featured_media":219005,"comment_status":"open","ping_status":"","sticky":false,"template":"","format":"standard","meta":{"footnotes":""},"categories":[2],"tags":[11],"class_list":["post-219004","post","type-post","status-publish","format-standard","has-post-thumbnail","hentry","category-politics","tag-digi24"],"_links":{"self":[{"href":"https:\/\/analyse.optim.biz\/index.php?rest_route=\/wp\/v2\/posts\/219004","targetHints":{"allow":["GET"]}}],"collection":[{"href":"https:\/\/analyse.optim.biz\/index.php?rest_route=\/wp\/v2\/posts"}],"about":[{"href":"https:\/\/analyse.optim.biz\/index.php?rest_route=\/wp\/v2\/types\/post"}],"author":[{"embeddable":true,"href":"https:\/\/analyse.optim.biz\/index.php?rest_route=\/wp\/v2\/users\/1"}],"replies":[{"embeddable":true,"href":"https:\/\/analyse.optim.biz\/index.php?rest_route=%2Fwp%2Fv2%2Fcomments&post=219004"}],"version-history":[{"count":0,"href":"https:\/\/analyse.optim.biz\/index.php?rest_route=\/wp\/v2\/posts\/219004\/revisions"}],"wp:featuredmedia":[{"embeddable":true,"href":"https:\/\/analyse.optim.biz\/index.php?rest_route=\/wp\/v2\/media\/219005"}],"wp:attachment":[{"href":"https:\/\/analyse.optim.biz\/index.php?rest_route=%2Fwp%2Fv2%2Fmedia&parent=219004"}],"wp:term":[{"taxonomy":"category","embeddable":true,"href":"https:\/\/analyse.optim.biz\/index.php?rest_route=%2Fwp%2Fv2%2Fcategories&post=219004"},{"taxonomy":"post_tag","embeddable":true,"href":"https:\/\/analyse.optim.biz\/index.php?rest_route=%2Fwp%2Fv2%2Ftags&post=219004"}],"curies":[{"name":"wp","href":"https:\/\/api.w.org\/{rel}","templated":true}]}}