{"id":218993,"date":"2013-10-22T12:47:46","date_gmt":"2013-10-22T09:47:46","guid":{"rendered":"https:\/\/analyse.optim.biz\/?p=218993"},"modified":"2013-10-22T12:47:46","modified_gmt":"2013-10-22T09:47:46","slug":"schimbare-de-atitudine-ion-iliescu-le-ia-apararea-traseistilor","status":"publish","type":"post","link":"https:\/\/analyse.optim.biz\/?p=218993","title":{"rendered":"Schimbare de atitudine. Ion Iliescu le ia ap\u0103rarea trasei\u0219tilor"},"content":{"rendered":"<div class=\"entry data-app-meta data-app-meta-article\" data-embed-base-url-canonical=\"https:\/\/www.digi24.ro\/embed\/stiri\/actualitate\/politica\/schimbare-de-atitudine-ion-iliescu-le-ia-apararea-traseistilor-138690\">\n<p data-index=\"1\">Pre\u015fedintele de onoare al PSD, Ion Iliescu a devenit avocatul politicienilor trasei\u015fti. Fostul \u0219ef al statului sus\u0163ine c\u0103 partidele sunt de vin\u0103 dac\u0103 membrii lor migreaz\u0103 la forma\u0163iunile aflate la guvernare.<\/p>\n<p data-index=\"2\">Ion Iliescu avea, \u00eens\u0103, o alt\u0103 opinie despre cei care au dezertat \u00een 2010 din PSD pentru a pune bazele UNPR. Atunci \u00eei numea tr\u0103d\u0103tori \u015fi cerea partidului s\u0103 nu-i primesc\u0103 niciodat\u0103 \u00eenapoi. Acum, ace\u015ftia sunt alia\u0163ii PSD, iar pre\u015fedintele lor, Gabriel Oprea, este vicepremier.<\/p>\n<p data-index=\"3\"><strong>\u201eUn partid serios nu-\u0219i pierde militan\u021bii. C\u00e2nd nu are suficient\u0103 substan\u021b\u0103 \u0219i r\u0103d\u0103cini \u00ee\u0219i pierde militan\u021bii. M\u0103 uit \u0219i \u00een Occident, sunt \u0163\u0103ri cu o tradi\u021bie mai mare de via\u0163\u0103 de partid \u0219i exist\u0103 astfel de&#8230; Nu trebuie dramatizate lucrurile&#8230;\u201d<\/strong>, a afirmat Ion Iliescu.<\/p>\n<p data-index=\"4\">\u00cen urm\u0103 cu trei ani, c\u00e2nd PSD, aflat \u00een opozi\u0163ie, se confrunta cu dezert\u0103ri pe band\u0103 rulant\u0103, Ion Iliescu avea o cu totul alt\u0103 abordare.<\/p>\n<p data-index=\"5\"><strong>\u201eDin p\u0103cate, am avut \u015fi de ast\u0103 dat\u0103 fali\u0163ii no\u015ftri, care au dat bir cu fugi\u0163ii (&#8230;) S\u0103 nu vin\u0103 \u00eenapoi (&#8230;) S\u0103 nu mai c\u0103ut\u0103m fripturi\u015fti din \u0103\u015ftia (&#8230;) Au tr\u0103dat. Au fost ale\u015fi pentru ceva \u015fi slujesc alt\u0103 cauz\u0103 azi\u201d<\/strong>, spunea, \u00een decembrie 2010, pre\u015fedintele de onoare al PSD.<\/p>\n<p data-index=\"6\">Social-democra\u0163ii \u201eau racolat\u201d p\u00e2n\u0103 acum 15 parlamentari din opozi\u0163ie, majoritatea de la PPDD.<\/p>\n<\/div>\n<p> Source URL: https:\/\/www.digi24.ro\/stiri\/actualitate\/politica\/schimbare-de-atitudine-ion-iliescu-le-ia-apararea-traseistilor-138690<\/p>\n","protected":false},"excerpt":{"rendered":"<p>Pre\u015fedintele de onoare al PSD, Ion Iliescu a devenit avocatul politicienilor trasei\u015fti. Fostul \u0219ef al statului sus\u0163ine c\u0103 partidele sunt de vin\u0103 dac\u0103 membrii lor migreaz\u0103 la forma\u0163iunile aflate la guvernare. Ion Iliescu avea, \u00eens\u0103, o alt\u0103 opinie despre cei care au dezertat \u00een 2010 din PSD pentru a pune bazele UNPR. Atunci \u00eei numea [&hellip;]<\/p>\n","protected":false},"author":1,"featured_media":218994,"comment_status":"open","ping_status":"","sticky":false,"template":"","format":"standard","meta":{"footnotes":""},"categories":[2],"tags":[11],"class_list":["post-218993","post","type-post","status-publish","format-standard","has-post-thumbnail","hentry","category-politics","tag-digi24"],"_links":{"self":[{"href":"https:\/\/analyse.optim.biz\/index.php?rest_route=\/wp\/v2\/posts\/218993","targetHints":{"allow":["GET"]}}],"collection":[{"href":"https:\/\/analyse.optim.biz\/index.php?rest_route=\/wp\/v2\/posts"}],"about":[{"href":"https:\/\/analyse.optim.biz\/index.php?rest_route=\/wp\/v2\/types\/post"}],"author":[{"embeddable":true,"href":"https:\/\/analyse.optim.biz\/index.php?rest_route=\/wp\/v2\/users\/1"}],"replies":[{"embeddable":true,"href":"https:\/\/analyse.optim.biz\/index.php?rest_route=%2Fwp%2Fv2%2Fcomments&post=218993"}],"version-history":[{"count":0,"href":"https:\/\/analyse.optim.biz\/index.php?rest_route=\/wp\/v2\/posts\/218993\/revisions"}],"wp:featuredmedia":[{"embeddable":true,"href":"https:\/\/analyse.optim.biz\/index.php?rest_route=\/wp\/v2\/media\/218994"}],"wp:attachment":[{"href":"https:\/\/analyse.optim.biz\/index.php?rest_route=%2Fwp%2Fv2%2Fmedia&parent=218993"}],"wp:term":[{"taxonomy":"category","embeddable":true,"href":"https:\/\/analyse.optim.biz\/index.php?rest_route=%2Fwp%2Fv2%2Fcategories&post=218993"},{"taxonomy":"post_tag","embeddable":true,"href":"https:\/\/analyse.optim.biz\/index.php?rest_route=%2Fwp%2Fv2%2Ftags&post=218993"}],"curies":[{"name":"wp","href":"https:\/\/api.w.org\/{rel}","templated":true}]}}