{"id":218982,"date":"2013-10-22T14:53:21","date_gmt":"2013-10-22T11:53:21","guid":{"rendered":"https:\/\/analyse.optim.biz\/?p=218982"},"modified":"2013-10-22T14:53:21","modified_gmt":"2013-10-22T11:53:21","slug":"romanul-care-l-a-luat-pe-da-in-brate-dan-zamfirescu-a-votat-pentru-inclusiv-amendamente-care-se-contraziceau","status":"publish","type":"post","link":"https:\/\/analyse.optim.biz\/?p=218982","title":{"rendered":"Rom\u00e2nul care l-a luat pe DA \u00een bra\u0163e. Dan Zamfirescu a votat \u201epentru\u201d inclusiv amendamente care se contraziceau"},"content":{"rendered":"<div class=\"entry data-app-meta data-app-meta-article\" data-embed-base-url-canonical=\"https:\/\/www.digi24.ro\/embed\/stiri\/actualitate\/politica\/romanul-care-l-a-luat-pe-da-in-brate-dan-zamfirescu-a-votat-pentru-inclusiv-amendamente-care-se-contraziceau-138748\">\n<p data-index=\"1\">Spre uimirea ziari\u015ftilor str\u0103ini, demnitarul rom\u00e2n a fost \u00eentotdeauna de acord cu orice proiect sau amendament, chiar dac\u0103 adesea acestea se b\u0103teau cap \u00een cap.<\/p>\n<p data-index=\"2\">\u00cen total, peste 540 de proiecte au primit votul favorabil al lui Dan Zamfirescu. Jurnali\u015ftii de la s\u0103pt\u0103m\u00e2nalul german Der Spiegel \u00eel suspecteaz\u0103 pe europarlamentarul rom\u00e2n c\u0103 voteaz\u0103 f\u0103r\u0103 s\u0103 se documenteze \u015fi c\u0103 <strong>vine la lucr\u0103ri doar pentru a \u00eencasa diurna de 150 de euro pentru fiecare \u015fedin\u0163\u0103, care se adaug\u0103 indemniza\u0163iei lunare de 8.000 de euro.<\/strong><\/p>\n<p data-index=\"3\"><strong>\u201eLa cea mai controversat\u0103 dezbatere a anului din Parlamentul European, cea referitoare la noile legi privind reglementarea industriei tutunului, au fost discutate 63 de amendamente din partea europarlamentarilor. Dar indiferent de propunerile acestora, exista o singur\u0103 constant\u0103: Dan Dumitru Zamfirescu\u201d<\/strong>, scriu jurnali\u015ftii de la <a href=\"http:\/\/www.spiegel.de\/spiegel\/\" target=\"_blank\" data-skip-linkfix=\"1\" rel=\"noopener\"><strong>Der Spiegel,<\/strong><\/a> \u00een edi\u0163ia sa online.<\/p>\n<p data-index=\"4\">Dan Zamfirescu a votat \u201epentru\u201d chiar \u015fi \u00een cazul unor prevederi care se contraziceau evident. De pild\u0103, <strong>rom\u00e2nul a fost de acord \u015fi ca avertiz\u0103rile \u015fi imaginile \u015focante s\u0103 acopere doar 50% dintr-un pachet de \u0163ig\u0103ri, dar \u015fi ca aceste aten\u0163ion\u0103ri s\u0103 ocupe 65%.<\/strong> \u00cen plus, Dan Zamfirescu \u015fi-a dat votul favorabil pentru prevederile care stabileau c\u0103 produc\u0103torii de \u0163ig\u0103ri pot s\u0103 aleag\u0103 unde s\u0103 plaseze pe pachet aceste imagini, dar \u015fi pentru cele referitoare la inserarea imaginilor \u015focante \u00een partea de jos a pachetului.<\/p>\n<p data-index=\"5\"><strong>\u201eDac\u0103 Parlamentul voteaz\u0103 legi ce vizeaz\u0103 \u015fomajul \u00een r\u00e2ndul tinerilor, protejarea \u0163iparului european sau rela\u0163iile comerciale cu Taiwan, domnul de pe locul 787, ultimul r\u00e2nd din dreapta, este invariabil &#8220;Pentru&#8221;<\/strong>\u201d, ironizeaz\u0103 Der Spiegel activitatea europarlamentarului rom\u00e2n.<\/p>\n<p data-index=\"6\">C\u00e2nd au reu\u015fit s\u0103-l prind\u0103 la telefon, reporterii germani au primit o explica\u0163ie n\u0103ucitoare de la eurodeputaul rom\u00e2n: <strong>\u201eSpun \u00eentotdeauna DA pentru c\u0103 sunt de acord cu toate propunerile. Nu-mi amintesc c\u00e2nd am spus ultima dat\u0103 NU\u201d.<\/strong><\/p>\n<p data-index=\"7\">Dan Dumitru Zamfirescu a devenit europarlamentar \u00een februarie 2013, c\u00e2nd PRM l-a desemnat \u00een locul lui George Becali, care a ales s\u0103 devin\u0103 deputat \u00een Parlamentul Rom\u00e2niei. \u00cen CV-ul noului europaralmentar figureaz\u0103 o sentin\u0163\u0103 definitiv\u0103 \u015fi irevocabil\u0103 care atest\u0103 c\u0103 a f\u0103cut poli\u0163ie politic\u0103 \u00een fosta calitate de lucr\u0103tor al Securit\u0103\u0163ii comuniste.<\/p>\n<\/div>\n<p> Source URL: https:\/\/www.digi24.ro\/stiri\/actualitate\/politica\/romanul-care-l-a-luat-pe-da-in-brate-dan-zamfirescu-a-votat-pentru-inclusiv-amendamente-care-se-contraziceau-138748<\/p>\n","protected":false},"excerpt":{"rendered":"<p>Spre uimirea ziari\u015ftilor str\u0103ini, demnitarul rom\u00e2n a fost \u00eentotdeauna de acord cu orice proiect sau amendament, chiar dac\u0103 adesea acestea se b\u0103teau cap \u00een cap. \u00cen total, peste 540 de proiecte au primit votul favorabil al lui Dan Zamfirescu. Jurnali\u015ftii de la s\u0103pt\u0103m\u00e2nalul german Der Spiegel \u00eel suspecteaz\u0103 pe europarlamentarul rom\u00e2n c\u0103 voteaz\u0103 f\u0103r\u0103 s\u0103 [&hellip;]<\/p>\n","protected":false},"author":1,"featured_media":218983,"comment_status":"open","ping_status":"","sticky":false,"template":"","format":"standard","meta":{"footnotes":""},"categories":[2],"tags":[11],"class_list":["post-218982","post","type-post","status-publish","format-standard","has-post-thumbnail","hentry","category-politics","tag-digi24"],"_links":{"self":[{"href":"https:\/\/analyse.optim.biz\/index.php?rest_route=\/wp\/v2\/posts\/218982","targetHints":{"allow":["GET"]}}],"collection":[{"href":"https:\/\/analyse.optim.biz\/index.php?rest_route=\/wp\/v2\/posts"}],"about":[{"href":"https:\/\/analyse.optim.biz\/index.php?rest_route=\/wp\/v2\/types\/post"}],"author":[{"embeddable":true,"href":"https:\/\/analyse.optim.biz\/index.php?rest_route=\/wp\/v2\/users\/1"}],"replies":[{"embeddable":true,"href":"https:\/\/analyse.optim.biz\/index.php?rest_route=%2Fwp%2Fv2%2Fcomments&post=218982"}],"version-history":[{"count":0,"href":"https:\/\/analyse.optim.biz\/index.php?rest_route=\/wp\/v2\/posts\/218982\/revisions"}],"wp:featuredmedia":[{"embeddable":true,"href":"https:\/\/analyse.optim.biz\/index.php?rest_route=\/wp\/v2\/media\/218983"}],"wp:attachment":[{"href":"https:\/\/analyse.optim.biz\/index.php?rest_route=%2Fwp%2Fv2%2Fmedia&parent=218982"}],"wp:term":[{"taxonomy":"category","embeddable":true,"href":"https:\/\/analyse.optim.biz\/index.php?rest_route=%2Fwp%2Fv2%2Fcategories&post=218982"},{"taxonomy":"post_tag","embeddable":true,"href":"https:\/\/analyse.optim.biz\/index.php?rest_route=%2Fwp%2Fv2%2Ftags&post=218982"}],"curies":[{"name":"wp","href":"https:\/\/api.w.org\/{rel}","templated":true}]}}