{"id":218829,"date":"2013-11-06T14:07:24","date_gmt":"2013-11-06T11:07:24","guid":{"rendered":"https:\/\/analyse.optim.biz\/?p=218829"},"modified":"2013-11-06T14:07:24","modified_gmt":"2013-11-06T11:07:24","slug":"victor-ponta-presedintele-a-vandut-interesele-romaniei","status":"publish","type":"post","link":"https:\/\/analyse.optim.biz\/?p=218829","title":{"rendered":"Victor Ponta: \u201ePre\u015fedintele a v\u00e2ndut interesele Rom\u00e2niei\u201d"},"content":{"rendered":"<div class=\"entry data-app-meta data-app-meta-article\" data-embed-base-url-canonical=\"https:\/\/www.digi24.ro\/embed\/stiri\/actualitate\/politica\/victor-ponta-presedintele-a-vandut-interesele-romaniei-147320\">\n<p data-index=\"1\"><img decoding=\"async\" src=\"https:\/\/analyse.optim.biz\/wp-content\/uploads\/2024\/09\/odawjmhhc2g9zmrindcxngmxzgyzyje4n2jinjdjoda0ogqxzmflodm-thumb_.jpg\" data-skip-htmlfix=\"1\" title=\"odawjmhhc2g9zmrindcxngmxzgyzyje4n2jinjdjoda0ogqxzmflodm-thumb_\"><\/p>\n<p data-index=\"2\">Victor Ponta a f\u0103cut aceste declara\u0163ii \u00een \u015fedin\u0163a de guvern, dup\u0103 ce Curtea Constitu\u0163ional\u0103 a respins, miercuri, cu majoritate de voturi, constesta\u0163ia formulat\u0103 de pre\u015fedintele Traian B\u0103sescu privind legea care reglementeaz\u0103 reprezentarea Rom\u00e2niei la Consiliul European, informeaz\u0103 Mediafax.<\/p>\n<p data-index=\"3\">\u201eAm v\u0103zut o decizie de ast\u0103zi a Cur\u0163ii Constitu\u0163ionale. Problema nu este cine merge la Consiliu, c\u0103 merge pre\u015fedintele, merge primul-ministru, problema este dac\u0103 acolo te ba\u0163i pentru Rom\u00e2nia sau dac\u0103 acolo vinzi Rom\u00e2nia ca s\u0103-\u015fi p\u0103strezi tu ni\u015fte prietenii personale \u00een caz de nevoie.<em><strong> Ori, eu cred c\u0103 pre\u015fedintele a v\u00e2ndut interesele Rom\u00e2niei \u015fi c\u00e2nd a negociat deficitul, \u015fi c\u00e2nd a negociat fondurile europene, iar despre agenda digital\u0103 (tema ultimei reuniuni a Consiliului UE-n.r.) b\u0103nuiesc c\u0103 nu a deschis gura la Consiliul European c\u0103 nu \u015ftia<\/strong><\/em>\u201d, a declarat Victor Ponta.<\/p>\n<p data-index=\"4\">El a sus\u0163inut totodat\u0103 c\u0103 Rom\u00e2nia va avea la dispozi\u0163ie mai pu\u0163ine fonduri europene \u00een perioada 2014-2020 deoarece a\u015fa a negociat pre\u015fedintele, f\u0103r\u0103 niciun mandat, \u015fi c\u0103 exist\u0103 obliga\u0163ia \u00eencadr\u0103rii \u00een limita unui deficit extrem de mic tot pentru c\u0103 pre\u015fedintele a angajat \u00een acest sens \u0163ara f\u0103r\u0103 s\u0103 \u00eentrebe pe nimeni, \u00een 2011, alte\u00a0state neav\u00e2nd aceast\u0103 obliga\u0163ie.<\/p>\n<p data-index=\"5\">Premierul le-a cerut, totodat\u0103, ministrului Ap\u0103r\u0103rii \u015fi ministrului Economiei s\u0103 realizeze o strategie pentru urm\u0103torii ani \u00een domeniul ap\u0103r\u0103rii, ar\u0103t\u00e2nd c\u0103, \u00een decembrie, va exista o discu\u0163ie la nivelul UE despre industria de ap\u0103rare, la care pre\u015fedintele nu va spune nimic deoarece \u201enu \u015ftie sau nu-l intereseaz\u0103\u201d.<\/p>\n<p data-index=\"6\">Curtea Constitu\u0163ional\u0103\u00a0a respins, miercuri, cu majoritate de voturi,<a href=\"https:\/\/www.digi24.ro\/Stiri\/Digi24\/Actualitate\/Stiri\/CCR+decide+daca+presedintele+sau+premierul+merge+la+Consiliul+Eu\" target=\"_blank\" data-skip-linkfix=\"1\" rel=\"noopener\"><strong> constesta\u0163ia formulat\u0103<\/strong><\/a> de pre\u015fedintele Traian B\u0103sescu\u00a0privind legea care reglementeaz\u0103 reprezentarea Rom\u00e2niei la Consiliul European.<\/p>\n<h5><span>Premierul: FMI \u015fi T. B\u0103sescu doresc impozitarea drepturilor de autor<\/span><\/h5>\n<p data-index=\"7\">Premierul Victor Ponta sus\u0163ine c\u0103 Fondul Monetar Interna\u0163ional (FMI) \u015fi pre\u015fedintele Traian B\u0103sescu sunt cei care doresc impozitarea drepturilor de autor \u015fi a persoanelor fizice autorizate (PFA), dar c\u0103 Guvernul nu a acceptat o astfel de m\u0103sur\u0103.<\/p>\n<p data-index=\"8\">\u201e<span>E o solicitare permanent\u0103 nu doar a celor de la FMI, ci \u015fi a unora dintre politicienii rom\u00e2ni &#8211; am v\u0103zut \u015fi pe pre\u015fedinte ast\u0103zi &#8211; s\u0103 impozit\u0103m PFA-urile, drepturile de autor, s\u0103 impozit\u0103m familiile pentru s\u0103n\u0103tate. Asta este g\u00e2ndirea lor, nu \u015ftiu dac\u0103 e bun\u0103 sau rea, dar noi nu am fost de acord cu ea \u015fi faptul c\u0103 pre\u015fedintele e de acord dovede\u015fte, p\u00e2n\u0103 la urm\u0103, cui vrea r\u0103ul \u00een perioada urm\u0103toare, dar nu am acceptat acest lucru\u201d, a spus V. Ponta \u00een \u015fedin\u0163a de guvern.<\/span><\/p>\n<p data-index=\"9\"><em><strong>Guvernul va p\u0103stra actualul sistem pentru contribu\u0163iile de asigur\u0103ri sociale aferente veniturilor din drepturi de autor, precum \u015fi pentru veniturile ob\u0163inute de persoanele fizice autorizate,<\/strong><\/em> a declarat, luni, ministrul Finan\u0163elor,\u00a0Daniel Chi\u0163oiu, la finalul negocierilor cu Fondul Monetar Interna\u0163ional.<\/p>\n<\/div>\n<p> Source URL: https:\/\/www.digi24.ro\/stiri\/actualitate\/politica\/victor-ponta-presedintele-a-vandut-interesele-romaniei-147320<\/p>\n","protected":false},"excerpt":{"rendered":"<p>Victor Ponta a f\u0103cut aceste declara\u0163ii \u00een \u015fedin\u0163a de guvern, dup\u0103 ce Curtea Constitu\u0163ional\u0103 a respins, miercuri, cu majoritate de voturi, constesta\u0163ia formulat\u0103 de pre\u015fedintele Traian B\u0103sescu privind legea care reglementeaz\u0103 reprezentarea Rom\u00e2niei la Consiliul European, informeaz\u0103 Mediafax. \u201eAm v\u0103zut o decizie de ast\u0103zi a Cur\u0163ii Constitu\u0163ionale. Problema nu este cine merge la Consiliu, c\u0103 [&hellip;]<\/p>\n","protected":false},"author":1,"featured_media":218830,"comment_status":"open","ping_status":"","sticky":false,"template":"","format":"standard","meta":{"footnotes":""},"categories":[2],"tags":[11],"class_list":["post-218829","post","type-post","status-publish","format-standard","has-post-thumbnail","hentry","category-politics","tag-digi24"],"_links":{"self":[{"href":"https:\/\/analyse.optim.biz\/index.php?rest_route=\/wp\/v2\/posts\/218829","targetHints":{"allow":["GET"]}}],"collection":[{"href":"https:\/\/analyse.optim.biz\/index.php?rest_route=\/wp\/v2\/posts"}],"about":[{"href":"https:\/\/analyse.optim.biz\/index.php?rest_route=\/wp\/v2\/types\/post"}],"author":[{"embeddable":true,"href":"https:\/\/analyse.optim.biz\/index.php?rest_route=\/wp\/v2\/users\/1"}],"replies":[{"embeddable":true,"href":"https:\/\/analyse.optim.biz\/index.php?rest_route=%2Fwp%2Fv2%2Fcomments&post=218829"}],"version-history":[{"count":0,"href":"https:\/\/analyse.optim.biz\/index.php?rest_route=\/wp\/v2\/posts\/218829\/revisions"}],"wp:featuredmedia":[{"embeddable":true,"href":"https:\/\/analyse.optim.biz\/index.php?rest_route=\/wp\/v2\/media\/218830"}],"wp:attachment":[{"href":"https:\/\/analyse.optim.biz\/index.php?rest_route=%2Fwp%2Fv2%2Fmedia&parent=218829"}],"wp:term":[{"taxonomy":"category","embeddable":true,"href":"https:\/\/analyse.optim.biz\/index.php?rest_route=%2Fwp%2Fv2%2Fcategories&post=218829"},{"taxonomy":"post_tag","embeddable":true,"href":"https:\/\/analyse.optim.biz\/index.php?rest_route=%2Fwp%2Fv2%2Ftags&post=218829"}],"curies":[{"name":"wp","href":"https:\/\/api.w.org\/{rel}","templated":true}]}}