{"id":218751,"date":"2013-11-07T23:57:26","date_gmt":"2013-11-07T20:57:26","guid":{"rendered":"https:\/\/analyse.optim.biz\/?p=218751"},"modified":"2013-11-07T23:57:26","modified_gmt":"2013-11-07T20:57:26","slug":"dan-sova-mihai-razvan-ungureanu-si-catalin-predoiu-au-sanse-la-prezidentiale-cat-are-si-remus-cernea","status":"publish","type":"post","link":"https:\/\/analyse.optim.biz\/?p=218751","title":{"rendered":"Dan \u015eova: Mihai R\u0103zvan Ungureanu \u015fi C\u0103t\u0103lin Predoiu au \u015fanse la preziden\u0163iale c\u00e2t are \u015fi Remus Cernea"},"content":{"rendered":"<div class=\"entry data-app-meta data-app-meta-article\" data-embed-base-url-canonical=\"https:\/\/www.digi24.ro\/embed\/stiri\/actualitate\/politica\/dan-sova-mihai-razvan-ungureanu-si-catalin-predoiu-au-sanse-la-prezidentiale-cat-are-si-remus-cernea-148331\">\n<p data-index=\"1\">Dan \u015eova s-a referit la rezultatele unui sondaj referitor la \u015fansele la pre\u015fedin\u0163ie care \u00eel situeaz\u0103 pe Victor Ponta pe primul loc cu 32%, de\u015fi nu este candidat la fotoliul de la Cotroceni. Premierul este urmat de Crin Antonescu (25%), Mihai R\u0103zvan Ungureanu (20%), C\u0103t\u0103lin Predoiu (9%) \u015fi Elena Udrea (8%).<\/p>\n<p data-index=\"2\">\u201eFaptul c\u0103 Victor Ponta este pe primul loc exprim\u0103 c\u0103 performan\u0163a guvernamental\u0103 este foarte apreciat\u0103, stiu c\u00e2t munce\u015fte \u015fi c\u00e2t\u0103 bun\u0103 &#8211; credin\u0163\u0103 este acolo. Avem o decizie \u00een congres \u015fi un candidat la pre\u015fedin\u0163ie asumat \u2013 Crin Antonescu. C\u0103t\u0103lin Predoiu \u015fi Mihai R\u0103zvan Ungureanu, nu-i v\u00e2d pe niciunul ca fiind un contracandidat, au acelea\u015fi \u015fanse la pre\u015fedin\u0163ie cum are \u015fi Remus Cernea. Nu le dau nicio \u015fans\u0103 \u00eempotriva candidatului USL\u201d, a declarat Dan \u015eova.<\/p>\n<\/div>\n<p> Source URL: https:\/\/www.digi24.ro\/stiri\/actualitate\/politica\/dan-sova-mihai-razvan-ungureanu-si-catalin-predoiu-au-sanse-la-prezidentiale-cat-are-si-remus-cernea-148331<\/p>\n","protected":false},"excerpt":{"rendered":"<p>Dan \u015eova s-a referit la rezultatele unui sondaj referitor la \u015fansele la pre\u015fedin\u0163ie care \u00eel situeaz\u0103 pe Victor Ponta pe primul loc cu 32%, de\u015fi nu este candidat la fotoliul de la Cotroceni. Premierul este urmat de Crin Antonescu (25%), Mihai R\u0103zvan Ungureanu (20%), C\u0103t\u0103lin Predoiu (9%) \u015fi Elena Udrea (8%). \u201eFaptul c\u0103 Victor Ponta [&hellip;]<\/p>\n","protected":false},"author":1,"featured_media":218752,"comment_status":"open","ping_status":"","sticky":false,"template":"","format":"standard","meta":{"footnotes":""},"categories":[2],"tags":[11],"class_list":["post-218751","post","type-post","status-publish","format-standard","has-post-thumbnail","hentry","category-politics","tag-digi24"],"_links":{"self":[{"href":"https:\/\/analyse.optim.biz\/index.php?rest_route=\/wp\/v2\/posts\/218751","targetHints":{"allow":["GET"]}}],"collection":[{"href":"https:\/\/analyse.optim.biz\/index.php?rest_route=\/wp\/v2\/posts"}],"about":[{"href":"https:\/\/analyse.optim.biz\/index.php?rest_route=\/wp\/v2\/types\/post"}],"author":[{"embeddable":true,"href":"https:\/\/analyse.optim.biz\/index.php?rest_route=\/wp\/v2\/users\/1"}],"replies":[{"embeddable":true,"href":"https:\/\/analyse.optim.biz\/index.php?rest_route=%2Fwp%2Fv2%2Fcomments&post=218751"}],"version-history":[{"count":0,"href":"https:\/\/analyse.optim.biz\/index.php?rest_route=\/wp\/v2\/posts\/218751\/revisions"}],"wp:featuredmedia":[{"embeddable":true,"href":"https:\/\/analyse.optim.biz\/index.php?rest_route=\/wp\/v2\/media\/218752"}],"wp:attachment":[{"href":"https:\/\/analyse.optim.biz\/index.php?rest_route=%2Fwp%2Fv2%2Fmedia&parent=218751"}],"wp:term":[{"taxonomy":"category","embeddable":true,"href":"https:\/\/analyse.optim.biz\/index.php?rest_route=%2Fwp%2Fv2%2Fcategories&post=218751"},{"taxonomy":"post_tag","embeddable":true,"href":"https:\/\/analyse.optim.biz\/index.php?rest_route=%2Fwp%2Fv2%2Ftags&post=218751"}],"curies":[{"name":"wp","href":"https:\/\/api.w.org\/{rel}","templated":true}]}}