{"id":218748,"date":"2013-11-08T00:24:08","date_gmt":"2013-11-07T21:24:08","guid":{"rendered":"https:\/\/analyse.optim.biz\/?p=218748"},"modified":"2013-11-08T00:24:08","modified_gmt":"2013-11-07T21:24:08","slug":"presedintele-cj-harghita-solicit-guvernului-sa-aprobe-folosirea-steagului-secuiesc","status":"publish","type":"post","link":"https:\/\/analyse.optim.biz\/?p=218748","title":{"rendered":"Pre\u015fedintele CJ Harghita: Solicit Guvernului s\u0103 aprobe folosirea steagului secuiesc"},"content":{"rendered":"<div class=\"entry data-app-meta data-app-meta-article\" data-embed-base-url-canonical=\"https:\/\/www.digi24.ro\/embed\/stiri\/actualitate\/politica\/presedintele-cj-harghita-solicit-guvernului-sa-aprobe-folosirea-steagului-secuiesc-148336\">\n<p data-index=\"1\"><img decoding=\"async\" src=\"https:\/\/analyse.optim.biz\/wp-content\/uploads\/2024\/09\/ztyzmji4njc2ymvhnwnlywuwngywzdvhotm3mjrk-thumb_.jpg\" data-skip-htmlfix=\"1\" title=\"ztyzmji4njc2ymvhnwnlywuwngywzdvhotm3mjrk-thumb_\">\u00a0<\/p>\n<p data-index=\"2\"><strong>\u00a0 \u00a0 \u00a0 \u00a0 \u00a0 \u00a0 \u00a0 \u00a0 \u00a0 \u00a0 \u00a0 \u00a0 \u00a0 \u00a0 \u00a0 \u00a0 \u00a0 \u00a0 \u00a0 \u00a0 \u00a0 \u00a0 \u00a0 \u00a0 \u00a0 \u00a0 \u00a0 \u00a0 \u00a0 \u00a0 \u00a0 \u00a0 \u00a0 \u00a0 \u00a0 \u00a0 \u00a0 \u00a0 \u00a0 \u00a0 \u00a0 \u00a0 \u00a0 \u00a0 \u00a0 \u00a0 \u00a0 \u00a0 \u00a0 \u00a0 \u00a0 \u00a0 \u00a0 \u00a0 \u00a0 \u00a0 \u00a0 \u00a0 \u00a0 \u00a0 \u00a0 \u00a0 \u00a0 \u00a0 \u00a0 \u00a0 \u00a0 \u00a0 \u00a0 \u00a0 \u00a0 \u00a0Foto: borbolycsaba.ro<\/strong><\/p>\n<p data-index=\"3\">Borboly Csaba, a declarat c\u0103 utilizarea steagului secuiesc trebuie s\u0103 fie rezolvat\u0103 \u00een condi\u0163iile legii, a\u015fa cum a fost solu\u0163ionat\u0103 \u015fi problema pl\u0103cu\u0163elor bilingve, informeaz\u0103 Mediafax.<\/p>\n<p data-index=\"4\">Potrivit acestuia, folosirea simbolurilor locale este permis\u0103 peste tot \u00een Uniunea European\u0103 \u015fi responsabilitatea \u00een acest caz revine Guvernului Rom\u00e2niei, &#8220;care nu are curajul&#8221; s\u0103 aprobe sau s\u0103 interzic\u0103, printr-un articol de lege, utilizarea steagului secuiesc, ascunz\u00e2ndu-se \u00een spatele prefec\u0163ilor, Poli\u0163iei \u015fi instan\u0163elor judec\u0103tore\u015fti.<\/p>\n<h5>Guvernul nu are curaj s\u0103-\u015fi asume interzicerea simbolurilor locale<\/h5>\n<p data-index=\"5\">\u201e<strong>Am g\u0103sit problema de fond, Guvernul nu are curajul s\u0103 spun\u0103 clar, este posibil\u0103 folosirea simbolurilor locale sau nu \u015fi chiar se ascunde \u00een spatele prefec\u0163ilor, Poli\u0163iei, al instan\u0163elor \u015fi nu are curaj s\u0103 \u00ee\u015fi asume, dac\u0103 vrea, interzicerea simbolurilor locale.<\/strong> Pentru c\u0103 o astfel de lege nu exist\u0103 \u015fi, dac\u0103 mergem conform Codului Civil, ce nu este interzis prin lege se poate practica, folosi. A\u015fa este \u00een via\u0163\u0103, pentru c\u0103 nu avem lege pentru tot, cum s\u0103 deschidem o u\u015f\u0103, ce s\u0103 facem \u00een fiecare moment al unei zile&#8221;, a spus<strong> Borboly Csaba.<\/strong><\/p>\n<p data-index=\"6\">&#8220;Solicit Guvernului s\u0103 fie aprobat\u0103, prin Hot\u0103r\u00e2re de Guvern, situa\u0163ia folosirii simbolurile locale. <strong>Printr-un singur articol, dac\u0103 Guvernul vrea s\u0103 interzic\u0103, s\u0103 scrie c\u0103 este interzis \u015fi gata. Dar dac\u0103 nu, atunci s\u0103 spun\u0103 c\u0103 se pot folosi, ca \u015fi \u00een alte state europene<\/strong>&#8220;, a precizat Borboly.<\/p>\n<p data-index=\"7\">\u00cen opinia acestuia, interzicerea folosirii simbolurilor secuilor &#8220;ar aduce Rom\u00e2niei o lumin\u0103 foarte proast\u0103&#8221;, \u015fi &#8220;men\u0163inerea acestei situa\u0163ii nu este \u00een interesul nim\u0103nui&#8221;, \u00eentruc\u00e2t folosirea simbolurilor locale este o practic\u0103 european\u0103.<\/p>\n<p data-index=\"8\">&#8220;<strong>Niciun steag nu este arborat \u00eempotriva nim\u0103nui \u015fi steagul secuiesc, ori vrem, ori nu vrem, reprezint\u0103 \u015fi este un simbol al acestei regiuni. Opinia rom\u00e2neasc\u0103 trebuie s\u0103 \u00een\u0163eleag\u0103 c\u0103 folosirea simbolurilor locale este o practic\u0103 european\u0103, \u00ee<\/strong>n mai multe jude\u0163e din Rom\u00e2nia sunt folosite simbolurile locale \u015fi pot s\u0103 enum\u0103r Gorj, Timi\u015f, Cluj, Maramure\u015f, Alba etc&#8221;, a men\u0163ionat pre\u015fedintele CJ Harghita.<\/p>\n<\/div>\n<p> Source URL: https:\/\/www.digi24.ro\/stiri\/actualitate\/politica\/presedintele-cj-harghita-solicit-guvernului-sa-aprobe-folosirea-steagului-secuiesc-148336<\/p>\n","protected":false},"excerpt":{"rendered":"<p>\u00a0 \u00a0 \u00a0 \u00a0 \u00a0 \u00a0 \u00a0 \u00a0 \u00a0 \u00a0 \u00a0 \u00a0 \u00a0 \u00a0 \u00a0 \u00a0 \u00a0 \u00a0 \u00a0 \u00a0 \u00a0 \u00a0 \u00a0 \u00a0 \u00a0 \u00a0 \u00a0 \u00a0 \u00a0 \u00a0 \u00a0 \u00a0 \u00a0 \u00a0 \u00a0 \u00a0 \u00a0 \u00a0 \u00a0 \u00a0 \u00a0 \u00a0 \u00a0 \u00a0 \u00a0 \u00a0 \u00a0 \u00a0 \u00a0 \u00a0 \u00a0 \u00a0 \u00a0 \u00a0 \u00a0 [&hellip;]<\/p>\n","protected":false},"author":1,"featured_media":218749,"comment_status":"open","ping_status":"","sticky":false,"template":"","format":"standard","meta":{"footnotes":""},"categories":[2],"tags":[11],"class_list":["post-218748","post","type-post","status-publish","format-standard","has-post-thumbnail","hentry","category-politics","tag-digi24"],"_links":{"self":[{"href":"https:\/\/analyse.optim.biz\/index.php?rest_route=\/wp\/v2\/posts\/218748","targetHints":{"allow":["GET"]}}],"collection":[{"href":"https:\/\/analyse.optim.biz\/index.php?rest_route=\/wp\/v2\/posts"}],"about":[{"href":"https:\/\/analyse.optim.biz\/index.php?rest_route=\/wp\/v2\/types\/post"}],"author":[{"embeddable":true,"href":"https:\/\/analyse.optim.biz\/index.php?rest_route=\/wp\/v2\/users\/1"}],"replies":[{"embeddable":true,"href":"https:\/\/analyse.optim.biz\/index.php?rest_route=%2Fwp%2Fv2%2Fcomments&post=218748"}],"version-history":[{"count":0,"href":"https:\/\/analyse.optim.biz\/index.php?rest_route=\/wp\/v2\/posts\/218748\/revisions"}],"wp:featuredmedia":[{"embeddable":true,"href":"https:\/\/analyse.optim.biz\/index.php?rest_route=\/wp\/v2\/media\/218749"}],"wp:attachment":[{"href":"https:\/\/analyse.optim.biz\/index.php?rest_route=%2Fwp%2Fv2%2Fmedia&parent=218748"}],"wp:term":[{"taxonomy":"category","embeddable":true,"href":"https:\/\/analyse.optim.biz\/index.php?rest_route=%2Fwp%2Fv2%2Fcategories&post=218748"},{"taxonomy":"post_tag","embeddable":true,"href":"https:\/\/analyse.optim.biz\/index.php?rest_route=%2Fwp%2Fv2%2Ftags&post=218748"}],"curies":[{"name":"wp","href":"https:\/\/api.w.org\/{rel}","templated":true}]}}