{"id":218737,"date":"2013-11-08T12:26:43","date_gmt":"2013-11-08T09:26:43","guid":{"rendered":"https:\/\/analyse.optim.biz\/?p=218737"},"modified":"2013-11-08T12:26:43","modified_gmt":"2013-11-08T09:26:43","slug":"v-ponta-catre-un-jurnalist-digi24-care-l-a-intrebat-de-noile-taxe-nu-stiam-ca-aveti-vreun-stalp-acasa","status":"publish","type":"post","link":"https:\/\/analyse.optim.biz\/?p=218737","title":{"rendered":"V. Ponta, c\u0103tre un jurnalist Digi24 care l-a \u00eentrebat de noile taxe: \u201eNu \u0219tiam c\u0103 ave\u021bi vreun st\u00e2lp acas\u0103\u201d"},"content":{"rendered":"<div class=\"entry data-app-meta data-app-meta-article\" data-embed-base-url-canonical=\"https:\/\/www.digi24.ro\/embed\/stiri\/actualitate\/politica\/v-ponta-catre-un-jurnalist-digi24-care-l-a-intrebat-de-noile-taxe-nu-stiam-ca-aveti-vreun-stalp-acasa-148555\">\n<p data-index=\"1\"><em><strong>\u201eNu \u0219tiam c\u0103 ave\u021bi vreun st\u00e2lp acas\u0103 dumneavoastr\u0103\u201d, i-a spus jurnalistului premierul, care particip\u0103, ast\u0103zi, la ac\u021biunile premerg\u0103toare Consiliului Na\u021bional al PSD.<\/strong><\/em><\/p>\n<p data-index=\"2\">\u201eLa Consiliul Na\u021bional discut\u0103m, pe ateliere, despre toate domeniile importante, despre care e opinia PSD ca principal partid de guvern\u0103m\u00e2nt \u00een cadrul USL, de asemnea, ca partid care de\u021bine cei mai multi ale\u0219i locali. Fiecare lucru \u00een parte \u00eel putem discuta la atelier, la Guvern, la USL\u201d, a mai spus Victor Ponta.<\/p>\n<p data-index=\"3\">\u201eM-am bucurat \u0219i ast\u0103zi s\u0103 v\u0103d c\u0103 proiectele importante pentru Rom\u00e2nia, cum e \u0219i metroul, cum sunt autostr\u0103zile, merg mai departe. C\u0103 apar tot timpul sup\u0103r\u0103ri din partea cealalt\u0103 e normal\u201d, a ad\u0103ugat prim-ministrul.<\/p>\n<p data-index=\"4\"><em><strong>Potrivit acestuia, proiectul de buget pe 2014 \u201eeste \u00een lucru, va fi discutat s\u0103pt\u0103m\u00e2na viitoare, dar Parlamentul \u00eel dezbate \u0219i adopt\u0103\u201d.<\/strong><\/em><\/p>\n<p data-index=\"5\">De\u0219i Executivul a anun\u021bat majorarea accizelor la carburan\u021bi cu 40 de bani pe litru \u0219i impozitarea sondelor, a st\u00e2lpilor curent sau a barajelor, nu a calculat impactul acestor m\u0103suri pentru consumatori.<\/p>\n<p data-index=\"6\">\u00cen timp ce companiile spun c\u0103 totul va fi transferat \u00een facturi,<a href=\"https:\/\/www.digi24.ro\/Stiri\/Digi24\/Actualitate\/Social\/Ce+efect+vor+avea+noile+taxe+si+noul+mod+de+calculare+a+accizei+\" target=\"_blank\" data-skip-linkfix=\"1\" rel=\"noopener\"><strong> Guvernul minimalizeaz\u0103 impactul<\/strong><\/a>scumpirilor.<\/p>\n<p data-index=\"7\">\u201e<span>Aceste taxe sunt recunoscute integral \u00een tarife\u201d, sus\u021bine Ion Lungu, pre\u0219edintele Asocia\u021biei Furnizorilor de Energie Electric\u0103.<\/span><\/p>\n<p data-index=\"8\">\u201e<span>Nu poate s\u0103 conduc\u0103 ni\u015fte taxe pe nu \u015ftiu ce st\u00e2lp sau mai \u015ftiu eu care s\u0103 conduc\u0103 la o cre\u015ftere extraordinar\u0103 a pre\u0163ului energiei electrice\u201d,\u00a0spune ministrul Energiei, Constantin Ni\u021b\u0103. <\/span><\/p>\n<p data-index=\"9\">Timp de dou\u0103 zile, activul PSD este mobilizat la Bucure\u015fti pentru cel mai important eveniment al partidului, dup\u0103 Congresul din aprilie. Ast\u0103zi, social-democra\u0163ii au programate la Palatul Parlamentului mai multe ac\u0163iuni premerg\u0103toare Consiliului Na\u0163ional.<\/p>\n<\/div>\n<p> Source URL: https:\/\/www.digi24.ro\/stiri\/actualitate\/politica\/v-ponta-catre-un-jurnalist-digi24-care-l-a-intrebat-de-noile-taxe-nu-stiam-ca-aveti-vreun-stalp-acasa-148555<\/p>\n","protected":false},"excerpt":{"rendered":"<p>\u201eNu \u0219tiam c\u0103 ave\u021bi vreun st\u00e2lp acas\u0103 dumneavoastr\u0103\u201d, i-a spus jurnalistului premierul, care particip\u0103, ast\u0103zi, la ac\u021biunile premerg\u0103toare Consiliului Na\u021bional al PSD. \u201eLa Consiliul Na\u021bional discut\u0103m, pe ateliere, despre toate domeniile importante, despre care e opinia PSD ca principal partid de guvern\u0103m\u00e2nt \u00een cadrul USL, de asemnea, ca partid care de\u021bine cei mai multi ale\u0219i [&hellip;]<\/p>\n","protected":false},"author":1,"featured_media":218738,"comment_status":"open","ping_status":"","sticky":false,"template":"","format":"standard","meta":{"footnotes":""},"categories":[2],"tags":[11],"class_list":["post-218737","post","type-post","status-publish","format-standard","has-post-thumbnail","hentry","category-politics","tag-digi24"],"_links":{"self":[{"href":"https:\/\/analyse.optim.biz\/index.php?rest_route=\/wp\/v2\/posts\/218737","targetHints":{"allow":["GET"]}}],"collection":[{"href":"https:\/\/analyse.optim.biz\/index.php?rest_route=\/wp\/v2\/posts"}],"about":[{"href":"https:\/\/analyse.optim.biz\/index.php?rest_route=\/wp\/v2\/types\/post"}],"author":[{"embeddable":true,"href":"https:\/\/analyse.optim.biz\/index.php?rest_route=\/wp\/v2\/users\/1"}],"replies":[{"embeddable":true,"href":"https:\/\/analyse.optim.biz\/index.php?rest_route=%2Fwp%2Fv2%2Fcomments&post=218737"}],"version-history":[{"count":0,"href":"https:\/\/analyse.optim.biz\/index.php?rest_route=\/wp\/v2\/posts\/218737\/revisions"}],"wp:featuredmedia":[{"embeddable":true,"href":"https:\/\/analyse.optim.biz\/index.php?rest_route=\/wp\/v2\/media\/218738"}],"wp:attachment":[{"href":"https:\/\/analyse.optim.biz\/index.php?rest_route=%2Fwp%2Fv2%2Fmedia&parent=218737"}],"wp:term":[{"taxonomy":"category","embeddable":true,"href":"https:\/\/analyse.optim.biz\/index.php?rest_route=%2Fwp%2Fv2%2Fcategories&post=218737"},{"taxonomy":"post_tag","embeddable":true,"href":"https:\/\/analyse.optim.biz\/index.php?rest_route=%2Fwp%2Fv2%2Ftags&post=218737"}],"curies":[{"name":"wp","href":"https:\/\/api.w.org\/{rel}","templated":true}]}}