{"id":218497,"date":"2013-11-11T22:30:29","date_gmt":"2013-11-11T19:30:29","guid":{"rendered":"https:\/\/analyse.optim.biz\/?p=218497"},"modified":"2013-11-11T22:30:29","modified_gmt":"2013-11-11T19:30:29","slug":"t-basescu-nu-are-incredere-in-c-predoiu-e-mult-prea-flexibil-si-impaciuitor","status":"publish","type":"post","link":"https:\/\/analyse.optim.biz\/?p=218497","title":{"rendered":"T. B\u0103sescu nu are \u00eencredere \u00een C. Predoiu: \u201eE mult prea flexibil \u0219i \u00eemp\u0103ciuitor\u201d"},"content":{"rendered":"<div class=\"entry data-app-meta data-app-meta-article\" data-embed-base-url-canonical=\"https:\/\/www.digi24.ro\/embed\/stiri\/actualitate\/politica\/t-basescu-nu-are-incredere-in-c-predoiu-e-mult-prea-flexibil-si-impaciuitor-150182\">\n<p data-index=\"1\">Despre actuala propunere a PDL, C\u0103t\u0103lin Predoiu, \u015feful statului a declarat, \u00eentr-o<a href=\"http:\/\/www.b1.ro\/\" target=\"_blank\" data-skip-linkfix=\"1\" rel=\"noopener\"> emisiune televizat\u0103<\/a>, c\u0103 nu are o personalitate puternic\u0103, av\u00e2nd \u00een vedere c\u0103 s-a \u00een\u0163eles suspect de bine cu toate guvernele \u015fi cu to\u0163i premierii cu care a colaborat.<\/p>\n<p data-index=\"2\">\u201eE un om \u00een care nu am \u00eencredere. I-am v\u0103zut flexibilitatea c\u00e2nd era \u00een guvernul liberal, s-a \u00een\u021beles \u0219i cu mine:<em><strong> hai, treci de la liberali \u00een guvernul PDL!<\/strong><\/em> C\u00e2nd i-a spus Ponta:<em><strong> Ai putea r\u0103m\u00e2ne \u00een guvern<\/strong><\/em>, a fost de acord, dar nu a fost de acord Crin Antonescu. E mult prea flexibil \u0219i \u00eemp\u0103ciuitor\u201d, a declarat Traian B\u0103sescu.<\/p>\n<p data-index=\"3\">\u201eRom\u00e2nia are nevoie, cel pu\u021bin \u00eenc\u0103 un mandat, de un pre\u0219edinte care s\u0103 nu fac\u0103 compromisuri\u201d, ad\u0103ugat \u0219eful statului. \u00a0\u00a0<\/p>\n<\/div>\n<p> Source URL: https:\/\/www.digi24.ro\/stiri\/actualitate\/politica\/t-basescu-nu-are-incredere-in-c-predoiu-e-mult-prea-flexibil-si-impaciuitor-150182<\/p>\n","protected":false},"excerpt":{"rendered":"<p>Despre actuala propunere a PDL, C\u0103t\u0103lin Predoiu, \u015feful statului a declarat, \u00eentr-o emisiune televizat\u0103, c\u0103 nu are o personalitate puternic\u0103, av\u00e2nd \u00een vedere c\u0103 s-a \u00een\u0163eles suspect de bine cu toate guvernele \u015fi cu to\u0163i premierii cu care a colaborat. \u201eE un om \u00een care nu am \u00eencredere. I-am v\u0103zut flexibilitatea c\u00e2nd era \u00een guvernul [&hellip;]<\/p>\n","protected":false},"author":1,"featured_media":218498,"comment_status":"open","ping_status":"","sticky":false,"template":"","format":"standard","meta":{"footnotes":""},"categories":[2],"tags":[11],"class_list":["post-218497","post","type-post","status-publish","format-standard","has-post-thumbnail","hentry","category-politics","tag-digi24"],"_links":{"self":[{"href":"https:\/\/analyse.optim.biz\/index.php?rest_route=\/wp\/v2\/posts\/218497","targetHints":{"allow":["GET"]}}],"collection":[{"href":"https:\/\/analyse.optim.biz\/index.php?rest_route=\/wp\/v2\/posts"}],"about":[{"href":"https:\/\/analyse.optim.biz\/index.php?rest_route=\/wp\/v2\/types\/post"}],"author":[{"embeddable":true,"href":"https:\/\/analyse.optim.biz\/index.php?rest_route=\/wp\/v2\/users\/1"}],"replies":[{"embeddable":true,"href":"https:\/\/analyse.optim.biz\/index.php?rest_route=%2Fwp%2Fv2%2Fcomments&post=218497"}],"version-history":[{"count":0,"href":"https:\/\/analyse.optim.biz\/index.php?rest_route=\/wp\/v2\/posts\/218497\/revisions"}],"wp:featuredmedia":[{"embeddable":true,"href":"https:\/\/analyse.optim.biz\/index.php?rest_route=\/wp\/v2\/media\/218498"}],"wp:attachment":[{"href":"https:\/\/analyse.optim.biz\/index.php?rest_route=%2Fwp%2Fv2%2Fmedia&parent=218497"}],"wp:term":[{"taxonomy":"category","embeddable":true,"href":"https:\/\/analyse.optim.biz\/index.php?rest_route=%2Fwp%2Fv2%2Fcategories&post=218497"},{"taxonomy":"post_tag","embeddable":true,"href":"https:\/\/analyse.optim.biz\/index.php?rest_route=%2Fwp%2Fv2%2Ftags&post=218497"}],"curies":[{"name":"wp","href":"https:\/\/api.w.org\/{rel}","templated":true}]}}