{"id":218494,"date":"2013-11-12T01:17:50","date_gmt":"2013-11-11T22:17:50","guid":{"rendered":"https:\/\/analyse.optim.biz\/?p=218494"},"modified":"2013-11-12T01:17:50","modified_gmt":"2013-11-11T22:17:50","slug":"t-basescu-daca-se-rupe-usl-ponta-pierde-prezidentialele-dreapta-l-ar-sustine-pe-antonescu-in-turul-doi","status":"publish","type":"post","link":"https:\/\/analyse.optim.biz\/?p=218494","title":{"rendered":"T.B\u0103sescu: Dac\u0103 se rupe USL, Ponta pierde preziden\u0163ialele. Dreapta l-ar sus\u0163ine pe Antonescu \u00een turul doi"},"content":{"rendered":"<div class=\"entry data-app-meta data-app-meta-article\" data-embed-base-url-canonical=\"https:\/\/www.digi24.ro\/embed\/stiri\/actualitate\/politica\/t-basescu-daca-se-rupe-usl-ponta-pierde-prezidentialele-dreapta-l-ar-sustine-pe-antonescu-in-turul-doi-150220\">\n<p data-index=\"1\">\u00a0<img decoding=\"async\" src=\"https:\/\/analyse.optim.biz\/wp-content\/uploads\/2024\/09\/mgi1n2iyowu3mgvinte4zde2ndgwntezn2e0y2njnje-thumb_.jpg\" data-skip-htmlfix=\"1\" title=\"mgi1n2iyowu3mgvinte4zde2ndgwntezn2e0y2njnje-thumb_\"><\/p>\n<p data-index=\"2\">\u201e<span>PSD nu poate da Rom\u00e2niei pre\u015fedintele, mai ales c\u00e2nd personajul este Victor Ponta. Dup\u0103 mine, PSD singur nu poate da pre\u015fedinte, iar dac\u0103 se rup (partidele din USL &#8211; n.red.), PNL are o \u015fans\u0103 \u00een plus ca s\u0103 dea pre\u015fedinte, pentru c\u0103, cu\u00a0Crin Antonescu\u00a0\u00een turul doi, \u015fi celelalte candidaturi de dreapta se vor str\u00e2nge \u00een spatele lui\u201d, a declarat Traian B\u0103sescu.<\/span><\/p>\n<p data-index=\"3\">\u00cens\u0103, pre\u0219edintele a afirmat c\u0103, \u00een opinia sa, USL nu se va rupe.<\/p>\n<p data-index=\"4\">\u201eDac\u0103 nu sunt inteligen\u0163i, rup alian\u0163a\u201d, a spus B\u0103sescu.<\/p>\n<p data-index=\"5\">\u00centrebat cum le va fi celor din PSD cu Crin Antonescu pre\u015fedinte, B\u0103sescu a r\u0103spuns: \u201eMai r\u0103u dec\u00e2t cu mine\u201d.<\/p>\n<p data-index=\"6\">El a afirmat c\u0103 un \u201ecandidat plagiator\u201d\u00a0va ob\u0163ine la preziden\u0163iale mai pu\u0163in dec\u00e2t partidul, care acum are, din informa\u0163iile sale, 35-38%.<\/p>\n<p data-index=\"7\">Potrivit lui B\u0103sescu, singura \u015fans\u0103 a PSD este negocierea cu PNL, pentru o eventual\u0103 rocad\u0103, astfel \u00eenc\u00e2t s\u0103 poat\u0103 da pre\u015fedintele \u0163\u0103rii.<\/p>\n<p data-index=\"8\">Legat de varianta \u00een care PSD candideaz\u0103 la preziden\u0163iale separat de PNL, Traian B\u0103sescu a spus c\u0103 \u00een spatele candidatului dreptei care intr\u0103 \u00een turul doi, inclusiv Antonescu, se vor uni toate partidele \u015fi partidule\u0163ele care sunt de dreapta.<\/p>\n<p data-index=\"9\">El a mai spus c\u0103 este de preferat Crin Antonescu unui plagiator.<\/p>\n<p data-index=\"10\">\u201eSunt dispus s\u0103-l \u00eenv\u0103\u0163 ce s\u0103 fac\u0103\u201d, a spus B\u0103sescu, r\u00e2z\u00e2nd,\u00a0despre candidatul Crin Antonescu ajuns \u00een turul doi.<\/p>\n<p data-index=\"11\">R\u0103spunz\u00e2nd unei \u00eentreb\u0103ri, el a precizat totu\u015fi c\u0103 este o glum\u0103, pentru c\u0103 nu crede c\u0103 liberalul ar fi dispus s\u0103 \u00eei asculte sfaturile.<\/p>\n<\/div>\n<p> Source URL: https:\/\/www.digi24.ro\/stiri\/actualitate\/politica\/t-basescu-daca-se-rupe-usl-ponta-pierde-prezidentialele-dreapta-l-ar-sustine-pe-antonescu-in-turul-doi-150220<\/p>\n","protected":false},"excerpt":{"rendered":"<p>\u00a0 \u201ePSD nu poate da Rom\u00e2niei pre\u015fedintele, mai ales c\u00e2nd personajul este Victor Ponta. Dup\u0103 mine, PSD singur nu poate da pre\u015fedinte, iar dac\u0103 se rup (partidele din USL &#8211; n.red.), PNL are o \u015fans\u0103 \u00een plus ca s\u0103 dea pre\u015fedinte, pentru c\u0103, cu\u00a0Crin Antonescu\u00a0\u00een turul doi, \u015fi celelalte candidaturi de dreapta se vor str\u00e2nge [&hellip;]<\/p>\n","protected":false},"author":1,"featured_media":218495,"comment_status":"open","ping_status":"","sticky":false,"template":"","format":"standard","meta":{"footnotes":""},"categories":[2],"tags":[11],"class_list":["post-218494","post","type-post","status-publish","format-standard","has-post-thumbnail","hentry","category-politics","tag-digi24"],"_links":{"self":[{"href":"https:\/\/analyse.optim.biz\/index.php?rest_route=\/wp\/v2\/posts\/218494","targetHints":{"allow":["GET"]}}],"collection":[{"href":"https:\/\/analyse.optim.biz\/index.php?rest_route=\/wp\/v2\/posts"}],"about":[{"href":"https:\/\/analyse.optim.biz\/index.php?rest_route=\/wp\/v2\/types\/post"}],"author":[{"embeddable":true,"href":"https:\/\/analyse.optim.biz\/index.php?rest_route=\/wp\/v2\/users\/1"}],"replies":[{"embeddable":true,"href":"https:\/\/analyse.optim.biz\/index.php?rest_route=%2Fwp%2Fv2%2Fcomments&post=218494"}],"version-history":[{"count":0,"href":"https:\/\/analyse.optim.biz\/index.php?rest_route=\/wp\/v2\/posts\/218494\/revisions"}],"wp:featuredmedia":[{"embeddable":true,"href":"https:\/\/analyse.optim.biz\/index.php?rest_route=\/wp\/v2\/media\/218495"}],"wp:attachment":[{"href":"https:\/\/analyse.optim.biz\/index.php?rest_route=%2Fwp%2Fv2%2Fmedia&parent=218494"}],"wp:term":[{"taxonomy":"category","embeddable":true,"href":"https:\/\/analyse.optim.biz\/index.php?rest_route=%2Fwp%2Fv2%2Fcategories&post=218494"},{"taxonomy":"post_tag","embeddable":true,"href":"https:\/\/analyse.optim.biz\/index.php?rest_route=%2Fwp%2Fv2%2Ftags&post=218494"}],"curies":[{"name":"wp","href":"https:\/\/api.w.org\/{rel}","templated":true}]}}