{"id":218460,"date":"2013-11-13T00:30:43","date_gmt":"2013-11-12T21:30:43","guid":{"rendered":"https:\/\/analyse.optim.biz\/?p=218460"},"modified":"2013-11-13T00:30:43","modified_gmt":"2013-11-12T21:30:43","slug":"victor-ponta-raspunde-acuzatiilor-presedintelui-nu-am-avut-un-complot-cu-s-r-stanescu","status":"publish","type":"post","link":"https:\/\/analyse.optim.biz\/?p=218460","title":{"rendered":"Victor Ponta r\u0103spunde acuza\u021biilor pre\u0219edintelui: Nu am avut un complot cu S.R.St\u0103nescu"},"content":{"rendered":"<div class=\"entry data-app-meta data-app-meta-article\" data-embed-base-url-canonical=\"https:\/\/www.digi24.ro\/embed\/stiri\/actualitate\/politica\/victor-ponta-raspunde-acuzatiilor-presedintelui-nu-am-avut-un-complot-cu-s-r-stanescu-151033\">\n<p data-index=\"1\">Premierul sus\u0163ine c\u0103 nu are o rela\u0163ie foarte apropiat\u0103 cu Sorin Ro\u015fca St\u0103nescu \u015fi c\u0103 nu a vorbit deloc cu acesta \u00een 2013.<\/p>\n<p data-index=\"2\">\u201eEste o prostie! Nu am avut o rela\u0163ie foarte apropiat\u0103 cu Sorin Ro\u015fca St\u0103nescu \u015fi nici nu am vorbit \u00een acest an cu acesta. Nu po\u0163i s\u0103 pui niciun fel de baz\u0103 \u015fi nu po\u0163i s\u0103 dai nici m\u0103car doi bani pe ce spune pre\u015fedintele B\u0103sescu\u201d, a spus Victor Ponta.<\/p>\n<p data-index=\"3\">Senatorul PNL a avut o declara\u0163ie politic\u0103 \u00een care acuza faptul c\u0103, \u00een 2004, c\u00e2nd Traian B\u0103sescu a c\u00e2\u015ftigat pentru prima dat\u0103 alegerile preziden\u0163iale, \u00een conturile de campanie ale Alian\u0163ei D.A. ar fi intrat aproximativ 7 milioane de dolari americani, care nu au fost declara\u0163i.<\/p>\n<p data-index=\"4\">Conducerea PNL a decis luni, \u00een \u015fedin\u0163a BPN, <a href=\"https:\/\/www.digi24.ro\/Stiri\/Digi24\/Actualitate\/Politica\/Liberalii+discuta+astazi+excluderea+din+partid+a+senatorului+Sor\" data-skip-linkfix=\"1\">excluderea din partid a senatorului Sorin Ro\u015fca St\u0103nescu<\/a> dup\u0103 ce pre\u015fedintele PNL, Crin Antonescu, a anun\u0163at aceast\u0103 propunere, \u00een urma acuzelor publice adresate de acesta pre\u015fedintelui Traian B\u0103sescu.<\/p>\n<\/div>\n<p> Source URL: https:\/\/www.digi24.ro\/stiri\/actualitate\/politica\/victor-ponta-raspunde-acuzatiilor-presedintelui-nu-am-avut-un-complot-cu-s-r-stanescu-151033<\/p>\n","protected":false},"excerpt":{"rendered":"<p>Premierul sus\u0163ine c\u0103 nu are o rela\u0163ie foarte apropiat\u0103 cu Sorin Ro\u015fca St\u0103nescu \u015fi c\u0103 nu a vorbit deloc cu acesta \u00een 2013. \u201eEste o prostie! Nu am avut o rela\u0163ie foarte apropiat\u0103 cu Sorin Ro\u015fca St\u0103nescu \u015fi nici nu am vorbit \u00een acest an cu acesta. Nu po\u0163i s\u0103 pui niciun fel de baz\u0103 [&hellip;]<\/p>\n","protected":false},"author":1,"featured_media":218461,"comment_status":"open","ping_status":"","sticky":false,"template":"","format":"standard","meta":{"footnotes":""},"categories":[2],"tags":[11],"class_list":["post-218460","post","type-post","status-publish","format-standard","has-post-thumbnail","hentry","category-politics","tag-digi24"],"_links":{"self":[{"href":"https:\/\/analyse.optim.biz\/index.php?rest_route=\/wp\/v2\/posts\/218460","targetHints":{"allow":["GET"]}}],"collection":[{"href":"https:\/\/analyse.optim.biz\/index.php?rest_route=\/wp\/v2\/posts"}],"about":[{"href":"https:\/\/analyse.optim.biz\/index.php?rest_route=\/wp\/v2\/types\/post"}],"author":[{"embeddable":true,"href":"https:\/\/analyse.optim.biz\/index.php?rest_route=\/wp\/v2\/users\/1"}],"replies":[{"embeddable":true,"href":"https:\/\/analyse.optim.biz\/index.php?rest_route=%2Fwp%2Fv2%2Fcomments&post=218460"}],"version-history":[{"count":0,"href":"https:\/\/analyse.optim.biz\/index.php?rest_route=\/wp\/v2\/posts\/218460\/revisions"}],"wp:featuredmedia":[{"embeddable":true,"href":"https:\/\/analyse.optim.biz\/index.php?rest_route=\/wp\/v2\/media\/218461"}],"wp:attachment":[{"href":"https:\/\/analyse.optim.biz\/index.php?rest_route=%2Fwp%2Fv2%2Fmedia&parent=218460"}],"wp:term":[{"taxonomy":"category","embeddable":true,"href":"https:\/\/analyse.optim.biz\/index.php?rest_route=%2Fwp%2Fv2%2Fcategories&post=218460"},{"taxonomy":"post_tag","embeddable":true,"href":"https:\/\/analyse.optim.biz\/index.php?rest_route=%2Fwp%2Fv2%2Ftags&post=218460"}],"curies":[{"name":"wp","href":"https:\/\/api.w.org\/{rel}","templated":true}]}}