{"id":218238,"date":"2013-11-17T06:02:41","date_gmt":"2013-11-17T03:02:41","guid":{"rendered":"https:\/\/analyse.optim.biz\/?p=218238"},"modified":"2013-11-17T06:02:41","modified_gmt":"2013-11-17T03:02:41","slug":"mariana-campeanu-premierul-trebuie-sa-si-mai-pondereze-din-entuziasm","status":"publish","type":"post","link":"https:\/\/analyse.optim.biz\/?p=218238","title":{"rendered":"Mariana C\u00e2mpeanu: Premierul trebuie s\u0103-\u0219i mai pondereze din entuziasm"},"content":{"rendered":"<div class=\"entry data-app-meta data-app-meta-article\" data-embed-base-url-canonical=\"https:\/\/www.digi24.ro\/embed\/stiri\/actualitate\/politica\/mariana-campeanu-premierul-trebuie-sa-si-mai-pondereze-din-entuziasm-153191\">\n<p data-index=\"1\">\u201e<span>Are prea mult entuziasm \u0219i trebuie s\u0103 \u00eel pondereze pu\u021bin, \u00een a\u0219a fel \u00eenc\u00e2t s\u0103 fac\u0103 \u00eent\u00e2i o analiz\u0103 mai profund\u0103 \u00eenainte de a lua o m\u0103sur\u0103 sau de a r\u0103spunde unei \u00eentreb\u0103ri. Este t\u00e2n\u0103r, are putere, e impetuos \u0219i vrea s\u0103 fac\u0103 totul peste noapte \u0219i nu se poate \u00eentotdeauna\u201d, a spus Mariana C\u00e2mpeanu, ministrul muncii.<\/span><\/p>\n<\/div>\n<p> Source URL: https:\/\/www.digi24.ro\/stiri\/actualitate\/politica\/mariana-campeanu-premierul-trebuie-sa-si-mai-pondereze-din-entuziasm-153191<\/p>\n","protected":false},"excerpt":{"rendered":"<p>\u201eAre prea mult entuziasm \u0219i trebuie s\u0103 \u00eel pondereze pu\u021bin, \u00een a\u0219a fel \u00eenc\u00e2t s\u0103 fac\u0103 \u00eent\u00e2i o analiz\u0103 mai profund\u0103 \u00eenainte de a lua o m\u0103sur\u0103 sau de a r\u0103spunde unei \u00eentreb\u0103ri. Este t\u00e2n\u0103r, are putere, e impetuos \u0219i vrea s\u0103 fac\u0103 totul peste noapte \u0219i nu se poate \u00eentotdeauna\u201d, a spus Mariana C\u00e2mpeanu, [&hellip;]<\/p>\n","protected":false},"author":1,"featured_media":218239,"comment_status":"open","ping_status":"","sticky":false,"template":"","format":"standard","meta":{"footnotes":""},"categories":[2],"tags":[11],"class_list":["post-218238","post","type-post","status-publish","format-standard","has-post-thumbnail","hentry","category-politics","tag-digi24"],"_links":{"self":[{"href":"https:\/\/analyse.optim.biz\/index.php?rest_route=\/wp\/v2\/posts\/218238","targetHints":{"allow":["GET"]}}],"collection":[{"href":"https:\/\/analyse.optim.biz\/index.php?rest_route=\/wp\/v2\/posts"}],"about":[{"href":"https:\/\/analyse.optim.biz\/index.php?rest_route=\/wp\/v2\/types\/post"}],"author":[{"embeddable":true,"href":"https:\/\/analyse.optim.biz\/index.php?rest_route=\/wp\/v2\/users\/1"}],"replies":[{"embeddable":true,"href":"https:\/\/analyse.optim.biz\/index.php?rest_route=%2Fwp%2Fv2%2Fcomments&post=218238"}],"version-history":[{"count":0,"href":"https:\/\/analyse.optim.biz\/index.php?rest_route=\/wp\/v2\/posts\/218238\/revisions"}],"wp:featuredmedia":[{"embeddable":true,"href":"https:\/\/analyse.optim.biz\/index.php?rest_route=\/wp\/v2\/media\/218239"}],"wp:attachment":[{"href":"https:\/\/analyse.optim.biz\/index.php?rest_route=%2Fwp%2Fv2%2Fmedia&parent=218238"}],"wp:term":[{"taxonomy":"category","embeddable":true,"href":"https:\/\/analyse.optim.biz\/index.php?rest_route=%2Fwp%2Fv2%2Fcategories&post=218238"},{"taxonomy":"post_tag","embeddable":true,"href":"https:\/\/analyse.optim.biz\/index.php?rest_route=%2Fwp%2Fv2%2Ftags&post=218238"}],"curies":[{"name":"wp","href":"https:\/\/api.w.org\/{rel}","templated":true}]}}