{"id":218146,"date":"2013-11-18T14:06:53","date_gmt":"2013-11-18T11:06:53","guid":{"rendered":"https:\/\/analyse.optim.biz\/?p=218146"},"modified":"2013-11-18T14:06:53","modified_gmt":"2013-11-18T11:06:53","slug":"c-antonescu-relatia-cu-pc-nu-mai-exista-d-constantin-daca-nu-mai-vrea-sustinerea-pc-nu-i-problema","status":"publish","type":"post","link":"https:\/\/analyse.optim.biz\/?p=218146","title":{"rendered":"C. Antonescu: Rela\u021bia cu PC nu mai exist\u0103. D. Constantin: Dac\u0103 nu mai vrea sus\u0163inerea PC, nu-i problem\u0103"},"content":{"rendered":"<div class=\"entry data-app-meta data-app-meta-article\" data-embed-base-url-canonical=\"https:\/\/www.digi24.ro\/embed\/stiri\/actualitate\/politica\/c-antonescu-relatia-cu-pc-nu-mai-exista-d-constantin-daca-nu-mai-vrea-sustinerea-pc-nu-i-problema-153768\">\n<p data-index=\"1\"><img decoding=\"async\" src=\"https:\/\/analyse.optim.biz\/wp-content\/uploads\/2024\/09\/jnc9odawjmhhc2g9njk3zja0ytzkztvmntg0zmuzntg0otdknmfhowi2ntk-thumb_.jpg\" data-skip-htmlfix=\"1\" title=\"jnc9odawjmhhc2g9njk3zja0ytzkztvmntg0zmuzntg0otdknmfhowi2ntk-thumb_\"><\/p>\n<p data-index=\"2\">\u201e<strong>Nu e nimic de discutat despre rela\u021bia cu PC, pentru c\u0103 aceast\u0103 rela\u021bie nu mai exist\u0103<\/strong>\u201d, a spus liderul liberal.<\/p>\n<p data-index=\"3\">\u201eNu l-am rupt (protocolul \u2013 n.r.), o s\u0103 vedem din punct de vedere juridic. ACD nu mai exist\u0103, nu mai exista de mult. De facto, rela\u0163ia cu PC nu mai exist\u0103 \u00een sensul unei alian\u0163e ACD\u201d, a declarat Crin Antonescu.<\/p>\n<p data-index=\"4\">Declara\u021bia liderului PNL vine dup\u0103 ce, zilele trecute,\u00a0<a href=\"https:\/\/www.digi24.ro\/Stiri\/Digi24\/Actualitate\/Politica\/PNL+este+criticat+si+de+PSD+si+de+PC\" target=\"_blank\" data-skip-linkfix=\"1\" rel=\"noopener\">PNL a fost criticat \u00een interiorul USL \u015fi de social-democra\u0163i, \u015fi de conservatori<\/a>. Dan Voiculescu i-a acuzat pe liberali de tr\u0103dare \u015fi c\u0103 ar \u00eencerca s\u0103 se apropie de pre\u015fedintele Traian B\u0103sescu \u015fi de PDL, vicepremierul Liviu Dragnea i-a avertizat c\u0103 PSD are o limit\u0103 la atacurile liberale.<\/p>\n<p data-index=\"5\">\u201eDomnul Dan Voiculescu \u0219i nimeni altcineva nu \u00ee\u0219i pot permite s\u0103 vorbeasca la adresa PNL astfel. Cu at\u00e2t mai mult acuza\u021bia lui Dan Voiculescu de ast\u0103zi este aberant\u0103 \u0219i mincinoas\u0103. Faptul c\u0103 \u00een cazul Ro\u0219ia Montan\u0103 sau \u00een cazul negocierii procurorilor cu domnul B\u0103sescu noi am fost pe alt\u0103 pozi\u021bie dec\u00e2t PSD nu \u00eenseamn\u0103 deloc ca suntem \u00een opozi\u021bie\u201d, a spus Crin Antonescu, pre\u0219edintele PNL, s\u00e2mb\u0103t\u0103 seara, la <a href=\"https:\/\/www.digi24.ro\/Stiri\/Digi24\/Actualitate\/Politica\/Antonescu+despre+acuzatia+lui+Dan+Voiculescu+Este+aberanta+si+mi\" target=\"_blank\" data-skip-linkfix=\"1\" rel=\"noopener\">\u201eKilometrul 0\u201d de la Digi24<\/a>.<\/p>\n<h5>Daniel Constantin: Dac\u0103 C. Antonescu nu mai dore\u015fte sus\u0163inerea PC, nu-i nicio problem\u0103<\/h5>\n<p data-index=\"6\">\u201eDomnul Crin Antonescu are responsablitatea de a nu mai c\u0103dea \u00een capcana acestor declara\u021bii, are alt\u0103 responsabilitate\u201d, a declarat Daniel Constantin.<\/p>\n<p data-index=\"7\">\u201eNoi niciodat\u0103 nu am pus \u00een pericol unitatea Uniunii Social Democrate\u201d, a precizat azi liderul PC.<\/p>\n<p data-index=\"8\">\u201eNoi \u00eencerc\u0103m s\u0103 \u00eel sus\u021binem (pe Crin Antonescu la prezidendiale \u2013 n.r.), dac\u0103 vrea. Nu o putem face \u00eempotriva voin\u021bei lui. Dac\u0103 nu mai dore\u0219te sus\u021binerea PC, nu-i nicio problem\u0103\u201d, a spus copre\u0219edintele USL, subliniind c\u0103 e important ca Uniunea s\u0103 aib\u0103 un candidat comun.<\/p>\n<h5>Precedente, \u00een sens invers<\/h5>\n<p data-index=\"9\">\u00cen luna iunie, Daniel Constantin, pre\u0219edintele PC, sus\u021binea c\u0103 a scris \u00een martie conducerii PNL despre func\u0163ionarea ACD, dar nu i s-a r\u0103spuns.<\/p>\n<p data-index=\"10\">Liderul conservator Daniel Constantin a declarat c\u0103 este \u201eo stare de regret\u201d privind nefunc\u0163ionarea Alian\u021bei de Centru Dreapta (ACD) \u015fi c\u0103 nu \u015ftie de ce aceast\u0103 pozi\u0163ie ar fi surprins pe cineva. El a men\u0163ionat c\u0103 a fost trimis\u0103 \u015fi o scrisoare PNL la sf\u00e2r\u015fitul lui martie.<\/p>\n<p data-index=\"11\">Afirrma\u021biile veneau dup\u0103 un anun\u0163 f\u0103cut la sf\u00e2r\u0219itul unei \u015fedin\u0163e a Partidului Conservator, a c\u0103rui conducere considera c\u0103 protocolul alian\u0163ei cu PNL, Alian\u021ba de Centru Dreapta (ACD), nu func\u0163ioneaz\u0103 \u015fi a anun\u0163at c\u0103 pe viitor pozi\u0163iile PC sunt ale partidului, care face parte din USL ca partid distinct.<\/p>\n<p data-index=\"12\">\u201e<strong>\u00cens\u0103, exist\u0103 aceast\u0103 stare &#8230; nu a fost o amenin\u0163are, a\u015fa cum s-a spus, nu a fost o nemul\u0163umire, este o stare de regret c\u0103 nu func\u0163ioneaz\u0103 \u015fi de ce spun c\u0103 nu trebuia s\u0103 surpind\u0103 pe nimeni, pentru c\u0103 am discutat \u00een nenum\u0103rate r\u00e2nduri cu colegii din PNL aceste lucruri.<\/strong> Mai mult dec\u00e2t at\u00e2t, am \u015fi trimis o scrisoare c\u0103tre conducerea PNL \u00eenc\u0103 din data de 28 a III-a 2013 \u00een care anun\u0163am c\u0103 sunt anumite probleme \u015fi c\u0103 ar fi bine s\u0103 avem o reuniune de urgen\u0163\u0103 s\u0103 clarific\u0103m toate aceste probleme. \u00centruc\u00e2t din 28 a III-a p\u00e2n\u0103 \u00een prezent nu am primit niciun r\u0103spuns, am considerat c\u0103 \u00eentr-adev\u0103r&#8230; \u00een aceast\u0103 scrisoare, noi spuneam c\u0103 exist\u0103 probleme de func\u0163ionare, de nerespectare a protocolului din ACD \u015fi ar fi bine s\u0103 remediem aceste probleme. \u00centruc\u00e2t nu am primit niciun r\u0103spuns, am considerat c\u0103 acest protocol \u00eentr-adev\u0103r nu func\u0163ioneaz\u0103 \u015fi ca atare&#8230; Repet, nu vrem s\u0103 creem \u015fi nu a vrem s\u0103 amplific\u0103m aceast\u0103 discu\u0163ie, dar pur \u015fi simplu cred c\u0103 este foarte important \u015fi pentru noi, dar \u015fi pentru PNL ca de acum \u00eenainte toate lucrurile s\u0103 fie discutate de fiecare \u00een numele fiec\u0103rui partid\u201d, a continuat el.<\/p>\n<p data-index=\"13\">Daniel Constantin a men\u0163ionat c\u0103 o alt\u0103 chestiune este legat\u0103 de faptul c\u0103 nu exist\u0103 protocol de func\u0163ionare \u00een ACD \u00eentre PNL \u015fi PC \u00een 28 de jude\u0163e din 41. \u201eDin acest punct de vedere, nu cred c\u0103 putea s\u0103 mire pe cineva o astfel de pozi\u0163ie\u201d, a ad\u0103ugat el.<\/p>\n<p data-index=\"14\">\u201eNoi aceasta am vrut \u015fi vrem \u00een continuare s\u0103 rezolv\u0103m aceste probleme de comunicare. Repet, noi am transmis chiar \u015fi scris, cu toate c\u0103 nu prea este uzual \u00een USL, lucrurile s-au rezolvat altfel dec\u00e2t scris \u015fi cred c\u0103 se vor rezolva \u00een continuare altfel dec\u00e2t scris pentru c\u0103 este un proiect prea important. Dar, repet, nu s-a putut avea o discu\u0163ie a\u015fezat\u0103 pe aceast\u0103 tem\u0103 \u015fi din acest motiv am considerat c\u0103 este bine s\u0103 ne exprim\u0103m regretul, nu amenin\u0163are, nu nemul\u0163umire, ci regretul \u015fi oarecum s\u0103 degrev\u0103m \u015fi PNL de o greutate, anume aceea de a discuta, de a semna protocoale de colaborare \u00een at\u00e2tea jude\u0163e din \u0163ar\u0103 cu Partidul Conservator\u201d, a mai spus Daniel Constantin.<\/p>\n<p data-index=\"15\">\u00cen replic\u0103, pre\u015fedintele PNL, Crin Antonescu, a comentat pozi\u0163ia exprimat\u0103 de PC despre ACD, c\u0103 nu trebuie pierdut sim\u0163ul umorului nici \u00een momentele grele, el ad\u0103ug\u00e2nd: <strong>\u201eOmenirea a putut dep\u0103\u015fi criza creat\u0103 la un moment dat de Coreea de Nord (&#8230;), <a href=\"http:\/\/www.mediafax.ro\/politic\/antonescu-sa-nu-ne-pierdem-umorul-criza-cu-coreea-de-nord-a-fost-depasita-o-sa-trecem-si-de-cea-cu-pc-10998166\" target=\"_blank\" data-skip-linkfix=\"1\" rel=\"noopener\">o s\u0103 putem \u015fi noi dep\u0103\u015fi aceast\u0103 criz\u0103 cu PC<\/a>\u201d<\/strong>.<\/p>\n<p data-index=\"16\">\u00a0Purt\u0103torul de cuv\u00e2nt al PC, Bogdan Ciuc\u0103, a declarase c\u0103 din discu\u0163iile avute privind activitatea \u00een plan local s-a constatat c\u0103 protocolul cu ACD fizic nu func\u0163ioneaz\u0103.<\/p>\n<p data-index=\"17\">\u201e<a href=\"https:\/\/www.digi24.ro\/stire\/Conservatorii-sunt-nemultumiti-de-liberali_112178\" target=\"_blank\" data-skip-linkfix=\"1\" rel=\"noopener\">Protocolul cu ACD fizic nu func\u0163ioneaz\u0103<\/a>. Nu prea au fost \u00eent\u00e2lniri \u00een plan local, nici \u00een plan na\u0163ional. Asta nu \u00eenseamn\u0103 c\u0103 avem o problem\u0103 cu USL, USL r\u0103m\u00e2ne \u00een continuare cel mai drag proiect al PC \u015fi credem c\u0103 este izb\u00e2nda cea mai puternic\u0103 a PC, al\u0103turi de PSD \u015fi PNL. Pentru c\u0103 \u00eent\u00e2lnirile acestea nu au prea existat, facem cunoscut c\u0103 toate pozi\u0163iile PC de acum \u00eencolo sunt ale PC \u015fi toate pozi\u0163iile PNL sunt ale PNL (&#8230;) Nu viz\u0103m o rupere, nu viz\u0103m o plecare\u201d, a precizat Bogdan Ciuc\u0103.<\/p>\n<p data-index=\"18\">Pre\u015fedintele PNL, Crin Antonescu, declarase \u00een acea sear\u0103 c\u0103 nu a prea \u00een\u0163eles scopul declara\u0163iei f\u0103cute joi de c\u0103tre PC, men\u0163ion\u00e2nd c\u0103 a\u015fteapt\u0103 explica\u0163ii de la conducerea acestei forma\u0163iuni \u015fi anun\u0163ul lui Bogdan Ciuc\u0103 nu reprezint\u0103 \u201eo tragedie\u201d.<\/p>\n<p data-index=\"19\">Purt\u0103torul de cuv\u00e2nt al PNL, Mihai Voicu, a declarat c\u0103 nemul\u0163umirile PC privind activitatea ACD se pot l\u0103muri prin discu\u0163ii \u00eentre liderii PNL \u015fi PC, men\u0163ion\u00e2nd c\u0103 rela\u0163iile sunt cel pu\u0163in normale, iar conservatorii nu au nicio limitare s\u0103 candideze pe cont propriu la PE.<\/p>\n<p data-index=\"20\">Liderul PSD, premierul Victor Ponta considera atunci c\u0103 decizia Partidului Conservator de a-\u015fi prezenta pozi\u0163iile ca partid distinct \u00een USL nu va afecta func\u0163ionarea Uniunii, deoarece este normal s\u0103 existe uneori \u201emici frecu\u015furi\u201d, care nu vor influen\u0163a \u00eens\u0103 stabilitatea USL.<\/p>\n<p data-index=\"21\"><strong>\u201eTotdeauna sunt discu\u0163ii \u00eentr-o alian\u0163\u0103, unele mai vizibile, altele mai pu\u0163in vizibile, sunt absolut convins c\u0103 lucrurile vor mege bine\u201d<\/strong>, a spus Ponta.<\/p>\n<\/div>\n<p> Source URL: https:\/\/www.digi24.ro\/stiri\/actualitate\/politica\/c-antonescu-relatia-cu-pc-nu-mai-exista-d-constantin-daca-nu-mai-vrea-sustinerea-pc-nu-i-problema-153768<\/p>\n","protected":false},"excerpt":{"rendered":"<p>\u201eNu e nimic de discutat despre rela\u021bia cu PC, pentru c\u0103 aceast\u0103 rela\u021bie nu mai exist\u0103\u201d, a spus liderul liberal. \u201eNu l-am rupt (protocolul \u2013 n.r.), o s\u0103 vedem din punct de vedere juridic. ACD nu mai exist\u0103, nu mai exista de mult. De facto, rela\u0163ia cu PC nu mai exist\u0103 \u00een sensul unei alian\u0163e [&hellip;]<\/p>\n","protected":false},"author":1,"featured_media":218147,"comment_status":"open","ping_status":"","sticky":false,"template":"","format":"standard","meta":{"footnotes":""},"categories":[2],"tags":[11],"class_list":["post-218146","post","type-post","status-publish","format-standard","has-post-thumbnail","hentry","category-politics","tag-digi24"],"_links":{"self":[{"href":"https:\/\/analyse.optim.biz\/index.php?rest_route=\/wp\/v2\/posts\/218146","targetHints":{"allow":["GET"]}}],"collection":[{"href":"https:\/\/analyse.optim.biz\/index.php?rest_route=\/wp\/v2\/posts"}],"about":[{"href":"https:\/\/analyse.optim.biz\/index.php?rest_route=\/wp\/v2\/types\/post"}],"author":[{"embeddable":true,"href":"https:\/\/analyse.optim.biz\/index.php?rest_route=\/wp\/v2\/users\/1"}],"replies":[{"embeddable":true,"href":"https:\/\/analyse.optim.biz\/index.php?rest_route=%2Fwp%2Fv2%2Fcomments&post=218146"}],"version-history":[{"count":0,"href":"https:\/\/analyse.optim.biz\/index.php?rest_route=\/wp\/v2\/posts\/218146\/revisions"}],"wp:featuredmedia":[{"embeddable":true,"href":"https:\/\/analyse.optim.biz\/index.php?rest_route=\/wp\/v2\/media\/218147"}],"wp:attachment":[{"href":"https:\/\/analyse.optim.biz\/index.php?rest_route=%2Fwp%2Fv2%2Fmedia&parent=218146"}],"wp:term":[{"taxonomy":"category","embeddable":true,"href":"https:\/\/analyse.optim.biz\/index.php?rest_route=%2Fwp%2Fv2%2Fcategories&post=218146"},{"taxonomy":"post_tag","embeddable":true,"href":"https:\/\/analyse.optim.biz\/index.php?rest_route=%2Fwp%2Fv2%2Ftags&post=218146"}],"curies":[{"name":"wp","href":"https:\/\/api.w.org\/{rel}","templated":true}]}}