{"id":218134,"date":"2013-11-18T14:59:49","date_gmt":"2013-11-18T11:59:49","guid":{"rendered":"https:\/\/analyse.optim.biz\/?p=218134"},"modified":"2013-11-18T14:59:49","modified_gmt":"2013-11-18T11:59:49","slug":"o-subcomisie-a-senatului-ancheteaza-modul-in-care-a-luat-creditul-ioana-basescu","status":"publish","type":"post","link":"https:\/\/analyse.optim.biz\/?p=218134","title":{"rendered":"O subcomisie a Senatului ancheteaz\u0103 modul \u00een care a luat creditul Ioana B\u0103sescu"},"content":{"rendered":"<div class=\"entry data-app-meta data-app-meta-article\" data-embed-base-url-canonical=\"https:\/\/www.digi24.ro\/embed\/stiri\/actualitate\/politica\/o-subcomisie-a-senatului-ancheteaza-modul-in-care-a-luat-creditul-ioana-basescu-153842\">\n<p data-index=\"1\"><img decoding=\"async\" src=\"https:\/\/analyse.optim.biz\/wp-content\/uploads\/2024\/09\/mczoyxnopwrlmzfkzgrjy2m3mgzjngm0zgixmdawowfkmwi3yjdm-thumb_.jpg\" data-skip-htmlfix=\"1\" title=\"mczoyxnopwrlmzfkzgrjy2m3mgzjngm0zgixmdawowfkmwi3yjdm-thumb_\"><\/p>\n<p data-index=\"2\"><strong>ACTUALIZARE 16.50.<\/strong> Liderul senatorilor PSD, Ilie S\u00e2rbu, a declarat c\u0103 obiectul subcomisiei de anchet\u0103 va fi s\u0103 se verifice dac\u0103 acest credit a fost dat \u00een mod corect, dac\u0103 dob\u00e2nda a fost una corect\u0103.<\/p>\n<p data-index=\"3\">Vicepre\u015fedintele Senatului Cristian Dumitrescu (PSD) a declarat, dup\u0103 \u015fedin\u0163a Biroului permanent de luni, c\u0103 decizia de \u00eenfiin\u0163are a acestei subcomisii a fost luat\u0103 de Biroul Permanent \u00een urma unei solicit\u0103ri adresate de Comisia buget, finan\u0163e, activitate bancar\u0103 \u015fi pia\u0163\u0103 de capital.<\/p>\n<p data-index=\"4\">Dumitrescu a mai spus c\u0103 acest demers a fost f\u0103cut \u00een baza articolului 76 din Regulamentul Senatului, care prevede c\u0103 o comisie de specialitate se poate sesiza \u015fi poate organiza astfel de anchete &#8220;dac\u0103 ele fac parte din obiectul de activitate material\u0103 pe care \u00eel are comisia respectiv\u0103&#8221;.<\/p>\n<p data-index=\"5\">El a precizat c\u0103 raportul subcomisiei va fi depus \u015fi va fi prezentat plenului p\u00e2n\u0103 la data de 18 decembrie. \u00a0<\/p>\n<hr>\n<p data-index=\"6\">Decizia a fost luat\u0103 cu 10 voturi &#8220;pentru&#8221;, dou\u0103 ab\u0163ineri \u015fi un vot &#8220;\u00eempotriv\u0103&#8221;.<\/p>\n<p data-index=\"7\">Pre\u015fedintele PNL, Crin Antonescu, a declarat, luni, c\u0103 forma\u0163iunea pe care o conduce va sus\u0163ine \u00eenfiin\u0163area unei comisii parlamentare de anchet\u0103, \u00een cazul achizi\u0163ion\u0103rii unui teren agricol de c\u0103tre Ioana B\u0103sescu, dar tema acesteia ar fi legat\u0103 de contractul de \u00eemprumut \u00eencheiat cu CEC Bank.<\/p>\n<p data-index=\"8\">\u00cen mod normal, la comisia de anchet\u0103 ar trebui s\u0103 fie chemate persoanele implicate, s\u0103 fie studiate documente.<\/p>\n<p data-index=\"9\">Zilele trecute, parlamentarii au spus c\u0103 nu vor s\u0103 se substituie justi\u0163iei, dar c\u0103 vor s\u0103 verifice ce se poate verifica legat de terenurile cump\u0103rate de Ioana B\u0103sescu. Totodat\u0103, ar putea cerceta \u015fi modul \u00een care a fost luat acest credit. \u00cen acest moment, nu se \u015ftie foarte clar care sunt atribu\u0163iile parlamentarilor.<\/p>\n<p data-index=\"10\">Fiica pre\u015fedintelui Traian B\u0103sescu, <strong><a href=\"https:\/\/www.digi24.ro\/Stiri\/Digi24\/Actualitate\/Stiri\/Ioana+Basescu+si-a+facut+public+contractul+de+creditare+Ce+spun+\" target=\"_blank\" data-skip-linkfix=\"1\" rel=\"noopener\">Ioana B\u0103sescu<\/a><\/strong> a f\u0103cut publice, vineri, documentele aferente achizi\u0163ion\u0103rii celor 290 de hectare de <strong><a href=\"https:\/\/www.digi24.ro\/Stiri\/Digi24\/Actualitate\/Stiri\/CAMERA+ASCUNSA+Reporterii+Digi24+au+negociat+teren+mai+ieftin+de\" target=\"_blank\" data-skip-linkfix=\"1\" rel=\"noopener\">teren \u00een comuna Nana.<\/a><\/strong><\/p>\n<p data-index=\"11\">Fiica pre\u0219edintelui a luat <strong><a href=\"https:\/\/www.digi24.ro\/Stiri\/Digi24\/Actualitate\/Stiri\/BNR+CEC+Bank+poate+da+credite+si+de+peste+doua+milioane+de+euro+\" target=\"_blank\" data-skip-linkfix=\"1\" rel=\"noopener\">creditul<\/a><\/strong>cu o dob\u00e2nd\u0103 de 6,53%, asta \u00een condi\u021biile \u00een care CEC Bank are, \u00een mod normal, o dob\u00e2nd\u0103 de 6,73% la creditele ipotecare \u00een lei pentru terenuri.<\/p>\n<p data-index=\"12\">Creditul luat de Ioana B\u0103sescu va fi rambursat \u00een 360 de rate lunare a c\u00e2te 30.206 lei, p\u00e2n\u0103 \u00een 8 august 2043.<\/p>\n<p data-index=\"13\">Suma total\u0103 pe care o va achita b\u0103ncii este de 10.896.378,24 lei, reprezent\u00e2nd valoarea creditului 4.600.000 lei, totalul dob\u00e2nzilor 5.863.686, 88 lei, comisionul de analiz\u0103 de 500 de lei \u015fi comisionul de administrare a creditului de 432.191, 36 lei<\/p>\n<p data-index=\"14\">Traian B\u0103sescu a afirmat, recent, c\u0103 inten\u021bioneaz\u0103 s\u0103 treac\u0103 pe numele s\u0103u <strong><a href=\"https:\/\/www.digi24.ro\/Stiri\/Digi24\/Actualitate\/Politica\/Comisie+de+ancheta+pentru+terenul+familiei+Basescu+Parlamentar+P\" target=\"_blank\" data-skip-linkfix=\"1\" rel=\"noopener\">terenul<\/a><\/strong>cump\u0103rat cu banii ob\u021binu\u021bi din creditul contractat de Ioana B\u0103sescu.<\/p>\n<p data-index=\"15\">Premierul Victor Ponta a cerut Corpului de Control s\u0103 efectueze o verificare la Oficiul de Cadastru C\u0103l\u0103ra\u015fi, unde ANRP a ini\u0163iat un control legat de retrocedarea c\u0103tre comisii locale a unor terenuri apar\u0163in\u00e2nd Institutului Fundulea, anchet\u0103 pentru care \u015fi<strong><a href=\"https:\/\/www.digi24.ro\/Stiri\/Digi24\/Actualitate\/Justitie\/EXCLUSIV+Ancheta+DNA+in+Calarasi+Cine+sunt+baietii+destepti+susp\" target=\"_blank\" data-skip-linkfix=\"1\" rel=\"noopener\"> DNA<\/a><\/strong> a cerut informa\u0163ii.<\/p>\n<p data-index=\"16\"><strong><a href=\"https:\/\/www.digi24.ro\/Stiri\/Digi24\/Actualitate\/Justitie\/T+Basescu+L-am+sunat+pe+L+Papici+sa-i+cer+scuze+ca+din+jocurile+\" target=\"_blank\" data-skip-linkfix=\"1\" rel=\"noopener\">Pre\u015fedintele Traian B\u0103sescu<\/a><\/strong> a declarat \u00eens\u0103, miercuri, c\u0103 nu exist\u0103 nicio leg\u0103tur\u0103 \u00eentre ancheta DNA \u015fi achizi\u0163ia terenului din C\u0103l\u0103ra\u015fi f\u0103cut\u0103 de fiica sa cea mare, Ioana B\u0103sescu. \u00a0<\/p>\n<\/div>\n<p> Source URL: https:\/\/www.digi24.ro\/stiri\/actualitate\/politica\/o-subcomisie-a-senatului-ancheteaza-modul-in-care-a-luat-creditul-ioana-basescu-153842<\/p>\n","protected":false},"excerpt":{"rendered":"<p>ACTUALIZARE 16.50. Liderul senatorilor PSD, Ilie S\u00e2rbu, a declarat c\u0103 obiectul subcomisiei de anchet\u0103 va fi s\u0103 se verifice dac\u0103 acest credit a fost dat \u00een mod corect, dac\u0103 dob\u00e2nda a fost una corect\u0103. Vicepre\u015fedintele Senatului Cristian Dumitrescu (PSD) a declarat, dup\u0103 \u015fedin\u0163a Biroului permanent de luni, c\u0103 decizia de \u00eenfiin\u0163are a acestei subcomisii a [&hellip;]<\/p>\n","protected":false},"author":1,"featured_media":218135,"comment_status":"open","ping_status":"","sticky":false,"template":"","format":"standard","meta":{"footnotes":""},"categories":[2],"tags":[11],"class_list":["post-218134","post","type-post","status-publish","format-standard","has-post-thumbnail","hentry","category-politics","tag-digi24"],"_links":{"self":[{"href":"https:\/\/analyse.optim.biz\/index.php?rest_route=\/wp\/v2\/posts\/218134","targetHints":{"allow":["GET"]}}],"collection":[{"href":"https:\/\/analyse.optim.biz\/index.php?rest_route=\/wp\/v2\/posts"}],"about":[{"href":"https:\/\/analyse.optim.biz\/index.php?rest_route=\/wp\/v2\/types\/post"}],"author":[{"embeddable":true,"href":"https:\/\/analyse.optim.biz\/index.php?rest_route=\/wp\/v2\/users\/1"}],"replies":[{"embeddable":true,"href":"https:\/\/analyse.optim.biz\/index.php?rest_route=%2Fwp%2Fv2%2Fcomments&post=218134"}],"version-history":[{"count":0,"href":"https:\/\/analyse.optim.biz\/index.php?rest_route=\/wp\/v2\/posts\/218134\/revisions"}],"wp:featuredmedia":[{"embeddable":true,"href":"https:\/\/analyse.optim.biz\/index.php?rest_route=\/wp\/v2\/media\/218135"}],"wp:attachment":[{"href":"https:\/\/analyse.optim.biz\/index.php?rest_route=%2Fwp%2Fv2%2Fmedia&parent=218134"}],"wp:term":[{"taxonomy":"category","embeddable":true,"href":"https:\/\/analyse.optim.biz\/index.php?rest_route=%2Fwp%2Fv2%2Fcategories&post=218134"},{"taxonomy":"post_tag","embeddable":true,"href":"https:\/\/analyse.optim.biz\/index.php?rest_route=%2Fwp%2Fv2%2Ftags&post=218134"}],"curies":[{"name":"wp","href":"https:\/\/api.w.org\/{rel}","templated":true}]}}