{"id":218131,"date":"2013-11-18T15:46:54","date_gmt":"2013-11-18T12:46:54","guid":{"rendered":"https:\/\/analyse.optim.biz\/?p=218131"},"modified":"2013-11-18T15:46:54","modified_gmt":"2013-11-18T12:46:54","slug":"ion-iliescu-afacerea-cec-completeaza-profilul-moral-al-lui-traian-basescu","status":"publish","type":"post","link":"https:\/\/analyse.optim.biz\/?p=218131","title":{"rendered":"Ion Iliescu: \u201eAfacerea CEC\u201d completeaz\u0103 profilul moral al lui Traian B\u0103sescu"},"content":{"rendered":"<div class=\"entry data-app-meta data-app-meta-article\" data-embed-base-url-canonical=\"https:\/\/www.digi24.ro\/embed\/stiri\/actualitate\/politica\/ion-iliescu-afacerea-cec-completeaza-profilul-moral-al-lui-traian-basescu-153879\">\n<p data-index=\"1\"><img decoding=\"async\" src=\"https:\/\/analyse.optim.biz\/wp-content\/uploads\/2024\/09\/jnc9odawjmhhc2g9otzjyzlmmweyyjq0mdgznguyyzuwztrhngq5nzq5yjq-thumb_.jpg\" data-skip-htmlfix=\"1\" title=\"jnc9odawjmhhc2g9otzjyzlmmweyyjq0mdgznguyyzuwztrhngq5nzq5yjq-thumb_\"><\/p>\n<p data-index=\"2\">Ion Iliescu a declarat, luni, r\u0103spunz\u00e2nd unei \u00eentreb\u0103ri, c\u0103 ie\u015firile publice ale pre\u015fedintelui Traian B\u0103sescu la adresa premierului Victor Ponta sunt \u201enedemne\u201d pentru func\u0163ia pe care o de\u0163ine acesta.<\/p>\n<p data-index=\"3\">\u201ePentru \u0163inuta unui \u015fef de stat, a unui pre\u015fedinte, asemenea ie\u015firi sunt nepotrivite, ca s\u0103 nu spun mai mult\u201d, a r\u0103spuns Ion Iliescu, citat de Mediafax.<\/p>\n<p data-index=\"4\">\u00centrebat cum vede \u201eafacerea CEC\u201d, \u00een care este implicat pre\u015fedintele Traian B\u0103sescu, Iliescu a precizat c\u0103 aceasta completeaz\u0103 \u201eprofilul moral\u201d al lui B\u0103sescu.<\/p>\n<p data-index=\"5\">\u201eAsta completeaz\u0103 profilul moral al omului. Nu vreau s\u0103 comentez mai mult\u201d, a spus Iliescu.<\/p>\n<p data-index=\"6\">\u00centrebat dac\u0103 \u00een timpul mandatelor sale de \u015fef de stat a procedat vreodat\u0103 similar, Iliescu a precizat: \u201eA\u0163i auzit de a\u015fa ceva pe vremea mea? Nu\u201d.<\/p>\n<p data-index=\"7\">La \u00eentrebarea dac\u0103 ar fi putut proceda similar, Iliescu a r\u0103spuns negativ: \u201eNu. Pentru c\u0103 nu-mi permitea \u0163inuta, nu-mi permitea postul, nu-mi permtea responsabilitatea \u00een care eram. Comb\u0103team asemenea chestiuni. M-am pronun\u0163at public \u00eempotriva unor asemenea n\u0103ravuri \u015fi mentalit\u0103\u0163i. A\u015fa c\u0103 nu puteam s\u0103 fac a\u015fa ceva. Nu-mi permitea moralitatea mea. Dar iat\u0103 c\u0103 se \u00eent\u00e2mpl\u0103. Asta contureaz\u0103 profilul moral al omului \u00een cauz\u0103\u201d.<\/p>\n<p data-index=\"8\"><a href=\"https:\/\/www.digi24.ro\/Stiri\/Digi24\/Actualitate\/Politica\/Ponta+Ghetea+nu+va+mai+fi+presedinte+CEC+il+sustin+total+pe+Chit\" target=\"_blank\" data-skip-linkfix=\"1\" rel=\"noopener\">Pre\u015fedintele CEC, Radu Ghe\u0163ea, va fi schimbat din func\u0163ie<\/a>, a declarat, duminic\u0103 seara, premierul Victor Ponta, \u00eentr-o interven\u0163ie telefonic\u0103 la un post de televiciune. \u0218eful Executivului a men\u0163ionat c\u0103 \u00eel sus\u0163ine total pe ministrul Finan\u0163elor, Daniel Chi\u0163oiu, \u00een verificarea activit\u0103\u0163ii manageriale a lui Ghe\u0163ea.<\/p>\n<p data-index=\"9\">\u00centrebat de un analist politic aflat \u00een studio dac\u0103\u00a0<a href=\"https:\/\/www.digi24.ro\/Stiri\/Digi24\/Economie\/Stiri\/Cine+e+Radu+Ghetea+seful+CEC+protejat+de+presedinte\" target=\"_blank\" data-skip-linkfix=\"1\" rel=\"noopener\">Radu Ghe\u0163ea<\/a>\u00a0va mai r\u0103m\u00e2ne pre\u015fedinte al CEC dup\u0103 \u201en\u0103zb\u00e2tia\u201d de a acorda un credit ipotecar Ioanei B\u0103sescu, \u015feful Executivului a r\u0103spuns negativ.<\/p>\n<p data-index=\"10\">\u201e<strong>Nu. Am vorbit cu domnul ministru de Finan\u0163e, pentru c\u0103 este singurul care are competen\u0163a de a face schimb\u0103ri \u00een conducerea CEC, \u015fi \u00eel sus\u0163in total s\u0103 verifice foarte clar lucrurile \u015fi s\u0103 propun\u0103 m\u0103surile care se impun. O s\u0103-l mai sune domnul B\u0103sescu s\u0103-l apere pe cel care i-a dat credit, dar domnul Chi\u0163oiu nu e a\u015fa u\u015for impresionabil, am total\u0103 \u00eencredere c\u0103 \u015ftie s\u0103-\u015fi fac\u0103 treaba<\/strong>&#8220;, a spus Ponta, citat de Mediafax.<\/p>\n<p data-index=\"11\"><a href=\"https:\/\/www.digi24.ro\/Stiri\/Digi24\/Actualitate\/Stiri\/Daniel+Chitoiu+Traian+Basescu+a+intervenit+pentru+a-l+mentine+pe\" target=\"_blank\" data-skip-linkfix=\"1\" rel=\"noopener\">Ministrul Finan\u0163elor, Daniel Chi\u0163oiu, a afirmat c\u0103 a fost sunat de c\u0103tre pre\u015fedintele Traian B\u0103sescu<\/a>, \u00een urm\u0103 cu dou\u0103-trei s\u0103pt\u0103m\u00e2ni, care l-a rugat ca Radu Ghe\u0163ea s\u0103 nu fie schimbat de la conducerea Casei de Economii \u015fi Consemna\u0163iuni (CEC) Bank, f\u0103r\u0103 a motiva aceast\u0103 interven\u0163ie.<\/p>\n<h5>PSD a cerut o comisie special\u0103<\/h5>\n<p data-index=\"12\">Premierul a anun\u021bat, \u00een 13 noiembrie, c\u0103 PSD vrea ca\u00a0<a href=\"https:\/\/www.digi24.ro\/Stiri\/Digi24\/Actualitate\/Social\/Comisie+de+ancheta+privind+terenul+lui+Traian+Basescu\" target=\"_blank\" data-skip-linkfix=\"1\" rel=\"noopener\">Parlamentul s\u0103 ancheteze modul \u00een care pre\u015fedintele Traian B\u0103sescu a cump\u0103rat un teren<\/a>\u00a0agricol \u00een C\u0103l\u0103ra\u015fi. Ale\u015fii social-democra\u0163i vor s\u0103 verifice dac\u0103 un procuror DNA s-ar fi implicat \u00een tranzac\u0163ie \u015fi ar fi cerut institu\u0163iilor statului date despre teren.\u00a0<\/p>\n<p data-index=\"13\">Seara, la ora 18.30, pre\u0219edintele a \u021binut o conferin\u021b\u0103 de pres\u0103 \u00een care a negat orice leg\u0103tur\u0103 \u00eentre achizi\u021bie \u0219i ancheta DNA, care a fi fost implicat \u0219i procurorul Lucian Papici.<\/p>\n<p data-index=\"14\">\u201eAm aflat c\u0103 Papici a derulat o anchet\u0103 \u00een urma unei reclama\u0163ii \u00een 2012 \u015fi care este \u00een desf\u0103\u015furare. Nu a fost nicio leg\u0103tur\u0103 \u00eentre achizi\u0163ia de terenuri f\u0103cut\u0103 de Ioana B\u0103sescu \u015fi procurorul Lucian Papici. Cel care a f\u0103cut pl\u00e2ngerea este un domn care a lucrat la Sta\u0163iunea de cercet\u0103ri Fundulea \u015fi care, \u00een 2013, \u00een mai, a depus un memoriu \u015fi la premier.\u00a0<a href=\"https:\/\/www.digi24.ro\/Stiri\/Digi24\/Actualitate\/Stiri\/Traian+Basescu+face+declaratii+astazi+la+18+30+Digi24+transmite+\" target=\"_blank\" data-skip-linkfix=\"1\" rel=\"noopener\">Nu are nicio leg\u0103tur\u0103 activitatea desf\u0103\u015furat\u0103 de DNA \u00een jude\u0163ul C\u0103l\u0103ra\u015fi cu achizi\u0163ia de terenuri f\u0103cut\u0103 de Ioana B\u0103sescu<\/a>\u201d, spusese pre\u0219edintele.<\/p>\n<p data-index=\"15\">La scurt timp, ministrul de Finan\u021be, Daniel Chi\u021boiu, a spus miercuri sear\u0103 c\u0103\u00a0<a href=\"https:\/\/www.digi24.ro\/Stiri\/Digi24\/Actualitate\/Stiri\/Daniel+Chitoiu+Traian+Basescu+a+intervenit+pentru+a-l+mentine+pe\" target=\"_blank\" data-skip-linkfix=\"1\" rel=\"noopener\">a fost sunat de pre\u0219edintele Traian B\u0103sescu\u00a0\u00een leg\u0103tur\u0103 cu pre\u0219edintele CEC, Radu Ghe\u021bea<\/a>. Premierul Victor Ponta spune c\u0103 a fost informat despre acest telefon.<\/p>\n<p data-index=\"16\">Pre\u0219edintele Traian B\u0103sescu a confirmat discu\u021bia cu ministrul Daniel Chi\u021boiu. Pre\u0219edintele l-a avertizat pe ministrul de Finan\u021be s\u0103 nu-l schimbe pe Radu Ghe\u021bea din func\u021bia de pre\u0219edinte al CEC \u00eenainte ca mandatul acestuia s\u0103 expire \u00een 2014 deoarece schimbarea \u201enejustificat\u0103 \u0219i pe criterii politice\u201d ar provoca \u201ene\u00eencredere \u00een sistemul bancar\u201d.<\/p>\n<h5>Povestea tranzac\u021biei<\/h5>\n<p data-index=\"17\">Ioana B\u0103sescu preciza joia trecut\u0103 c\u0103 \u00een septembrie\u00a0<a href=\"https:\/\/www.digi24.ro\/Stiri\/Digi24\/Actualitate\/Stiri\/Ioana+Basescu+a+achizitionat+un+teren+de+290+de+hectare+in+Calar\" target=\"_blank\" data-skip-linkfix=\"1\" rel=\"noopener\">a achizi\u0163ionat un teren agricol de 290,41 hectare<\/a>\u00a0\u00een jude\u0163ul C\u0103l\u0103ra\u015fi, contract\u00e2nd un credit ipotecar pe 30 de ani de peste un milion de euro \u015fi achit\u00e2nd din surse proprii aproape 280.000 de euro.<\/p>\n<p data-index=\"18\">\u201e\u00cen data de 9 septembrie 2013, am achizi\u0163ionat un teren \u00een suprafa\u0163\u0103 de 290,41 ha, \u00een jude\u0163ul C\u0103l\u0103ra\u015fi,de la o societate rom\u00e2neasc\u0103 av\u00e2nd asociat unic un cet\u0103\u0163ean italian. Terenul a fost pl\u0103tit dintr-un credit bancar ipotecar \u00een valoare de 1.028.507,55 euro \u015fi din surse proprii p\u00e2n\u0103 la concuren\u0163a sumei de 1.306.845 euro , adic\u0103 suma de 278.337,45 euro\u201d, ar\u0103ta Ioana B\u0103sescu.<\/p>\n<p data-index=\"19\">Ea men\u0163iona c\u0103 pre\u0163ul negociat a fost de 4.500 de euro pe hectar, iar impozitul pe transferul propriet\u0103\u0163ii a fost achitat de v\u00e2nz\u0103tor, conform prevederilor Codului Fiscal \u015fi Normelor de punere \u00een aplicare a acestuia.<\/p>\n<p data-index=\"20\">Conform Ioane B\u0103sescu, creditul a fost contractat \u00een condi\u0163iile pie\u0163ei \u015fi \u00een limitele legisla\u0163iei \u00een vigoare, pe 30 de ani, de la o institu\u0163ie bancar\u0103, cu scopul achizi\u0163ion\u0103rii unui teren agricol \u015fi va fi rambursat \u00een rate lunare.<\/p>\n<p data-index=\"21\">\u201eP\u00e2n\u0103 \u00een prezent am achitat dou\u0103 rate\u201d, mai preciza fiica \u015fefului statului.<\/p>\n<p data-index=\"22\">Ulterior, vineri, pre\u015fedintele Traian B\u0103sescu a declarat, vineri, c\u0103 a convins-o pe fiica sa cea mare, Ioana, s\u0103 cumpere un teren de 290 de hectare, pentru c\u0103\u00a0<a href=\"https:\/\/www.digi24.ro\/Stiri\/Digi24\/Actualitate\/Stiri\/Traian+Basescu+Cu+salariul+meu+de+presedinte+nu+am+putut+lua+cre\" target=\"_blank\" data-skip-linkfix=\"1\" rel=\"noopener\">vrea s\u0103 fie fermier<\/a>\u00a0\u015fi a ad\u0103ugat c\u0103, din familie, doar aceasta era eligibil\u0103 pentru a primi un credit ipotecar.<\/p>\n<\/div>\n<p> Source URL: https:\/\/www.digi24.ro\/stiri\/actualitate\/politica\/ion-iliescu-afacerea-cec-completeaza-profilul-moral-al-lui-traian-basescu-153879<\/p>\n","protected":false},"excerpt":{"rendered":"<p>Ion Iliescu a declarat, luni, r\u0103spunz\u00e2nd unei \u00eentreb\u0103ri, c\u0103 ie\u015firile publice ale pre\u015fedintelui Traian B\u0103sescu la adresa premierului Victor Ponta sunt \u201enedemne\u201d pentru func\u0163ia pe care o de\u0163ine acesta. \u201ePentru \u0163inuta unui \u015fef de stat, a unui pre\u015fedinte, asemenea ie\u015firi sunt nepotrivite, ca s\u0103 nu spun mai mult\u201d, a r\u0103spuns Ion Iliescu, citat de Mediafax. [&hellip;]<\/p>\n","protected":false},"author":1,"featured_media":218132,"comment_status":"open","ping_status":"","sticky":false,"template":"","format":"standard","meta":{"footnotes":""},"categories":[2],"tags":[11],"class_list":["post-218131","post","type-post","status-publish","format-standard","has-post-thumbnail","hentry","category-politics","tag-digi24"],"_links":{"self":[{"href":"https:\/\/analyse.optim.biz\/index.php?rest_route=\/wp\/v2\/posts\/218131","targetHints":{"allow":["GET"]}}],"collection":[{"href":"https:\/\/analyse.optim.biz\/index.php?rest_route=\/wp\/v2\/posts"}],"about":[{"href":"https:\/\/analyse.optim.biz\/index.php?rest_route=\/wp\/v2\/types\/post"}],"author":[{"embeddable":true,"href":"https:\/\/analyse.optim.biz\/index.php?rest_route=\/wp\/v2\/users\/1"}],"replies":[{"embeddable":true,"href":"https:\/\/analyse.optim.biz\/index.php?rest_route=%2Fwp%2Fv2%2Fcomments&post=218131"}],"version-history":[{"count":0,"href":"https:\/\/analyse.optim.biz\/index.php?rest_route=\/wp\/v2\/posts\/218131\/revisions"}],"wp:featuredmedia":[{"embeddable":true,"href":"https:\/\/analyse.optim.biz\/index.php?rest_route=\/wp\/v2\/media\/218132"}],"wp:attachment":[{"href":"https:\/\/analyse.optim.biz\/index.php?rest_route=%2Fwp%2Fv2%2Fmedia&parent=218131"}],"wp:term":[{"taxonomy":"category","embeddable":true,"href":"https:\/\/analyse.optim.biz\/index.php?rest_route=%2Fwp%2Fv2%2Fcategories&post=218131"},{"taxonomy":"post_tag","embeddable":true,"href":"https:\/\/analyse.optim.biz\/index.php?rest_route=%2Fwp%2Fv2%2Ftags&post=218131"}],"curies":[{"name":"wp","href":"https:\/\/api.w.org\/{rel}","templated":true}]}}