{"id":218117,"date":"2013-11-18T21:04:51","date_gmt":"2013-11-18T18:04:51","guid":{"rendered":"https:\/\/analyse.optim.biz\/?p=218117"},"modified":"2013-11-18T21:04:51","modified_gmt":"2013-11-18T18:04:51","slug":"klaus-iohannis-despre-ruptura-dintre-pnl-si-pc-e-o-usoara-repozitionare-a-partenerilor-in-usl","status":"publish","type":"post","link":"https:\/\/analyse.optim.biz\/?p=218117","title":{"rendered":"Klaus Iohannis, despre ruptura dintre PNL \u015fi PC: E o u\u015foar\u0103 repozi\u021bionare a partenerilor \u00een USL"},"content":{"rendered":"<div class=\"entry data-app-meta data-app-meta-article\" data-embed-base-url-canonical=\"https:\/\/www.digi24.ro\/embed\/stiri\/actualitate\/politica\/klaus-iohannis-despre-ruptura-dintre-pnl-si-pc-e-o-usoara-repozitionare-a-partenerilor-in-usl-154185\">\n<p data-index=\"1\"><strong>Klaus Iohannis<\/strong> a spus c\u0103 e destul de evident\u0103 apropierea dintre PSD \u0219i PC, fapt constatat \u0219i de pre\u0219edintele partidului, <strong>Crin Antonescu<\/strong>. \u201eDe c\u00e2nd sunt eu \u00een partid, nu am putut s\u0103 constat o apropiere deosebit\u0103 \u00eentre PNL \u0219i PC\u201d, a subliniat Klaus Iohannis. PNL nu putea trece cu vederea declara\u021bii precum cele f\u0103cute de pre\u0219edintele fondator al PC, Dan Voiculescu, a subliniat primarul Sibiului.<\/p>\n<p data-index=\"2\">El a declarat c\u0103 PNL nu inten\u021biona oricum s\u0103 ofere locuri pe listele sale alia\u021bilor din PC la alegerile europarlamentare \u0219i nici nu \u0219tie s\u0103 fie existat o asemenea discu\u021bie, dar a admis c\u0103 e posibil ca miza declara\u021biilor lui <strong>Dan Voiculescu<\/strong> ar putea fi dorin\u021ba de a ob\u021bine un mandat de europarlamentar.<\/p>\n<p data-index=\"3\">\u00centrebat dac\u0103 PSD este dispus s\u0103 ofere PC locuri pe listele sale la europarlamentare, <strong>Constantin Ni\u021b\u0103<\/strong>, vicepre\u0219edinte PSD, a spus c\u0103 nici el nu are cuno\u0219tin\u021b\u0103 de vreo discu\u021bie \u00een acest sens \u0219i, a\u0219a cum a declarat \u0219i pre\u0219edintele partidului, Victor Ponta, PSD probabil va merge singur \u00een aceste alegeri.<\/p>\n<p data-index=\"4\">Pe de alt\u0103 parte, prim-vicepre\u0219edintele PNL a reconfirmat c\u0103 PNL dore\u0219te ca Uniunea Social-Liberal\u0103 s\u0103 continue \u0219i a precizat c\u0103 partidul nu are inten\u021bia de a merge la tribunal pentru a denun\u021ba acordul de alian\u021b\u0103 cu PC. \u201eMergem mai departe, nu dorim ca din acest incident s\u0103 punem \u00een pericol USL-ul\u201d, a asigurat Klaus Iohannis.<\/p>\n<p data-index=\"5\">Liderul liberal a mai spus, legat de for\u021ba mediatic\u0103 pe care o oferea Partidul Conservator, c\u0103 nu se teme de aceast\u0103 ruptur\u0103 \u0219i c\u0103 <strong>\u201enu este bine s\u0103 confund\u0103m televiziunile cu partidele\u201d.<\/strong><\/p>\n<p data-index=\"6\">\u0218i vicepre\u0219edintele PSD, Constantin Ni\u021b\u0103, prezent \u00een studioul <strong>Digi24<\/strong>, a spus c\u0103 dorin\u021ba este de a fi p\u0103strat USL \u0219i a calificat drept o \u201eie\u0219ire trec\u0103toare\u201d incidentul dintre PNL \u0219i PC, f\u0103r\u0103 a exclude \u00een totalitate ideea unei apropieri \u00eentre PC \u0219i PSD.<\/p>\n<p data-index=\"7\">Ruperea alian\u021bei dintre liberali \u0219i conservatori \u201enu este un lucru bun pentru USL, nu este de bun augur, dorim s\u0103 p\u0103str\u0103m aceast\u0103 entitate\u201d, a declarat Constantin Ni\u021b\u0103. \u201eNu ne bucur\u0103, dar&#8230;bucuro\u0219i le-om duce toate\u201d, a ad\u0103ugat Constantin Ni\u021b\u0103 relu\u00e2nd versul eminescian folosit de cur\u00e2nd \u0219i de pre\u0219edintele Traian B\u0103sescu \u00eentr-o declara\u021bie public\u0103 referitoare la adversarii s\u0103i politici.<\/p>\n<p data-index=\"8\">Urm\u0103ri\u021bi \u00een materialul video de mai sus declara\u021biile lui Klaus Iohannis \u0219i Constantin Ni\u021b\u0103 f\u0103cute \u00een emisiunea <strong>\u201eJurnalul de sear\u0103\u201d<\/strong> de la Digi24.<\/p>\n<\/div>\n<p> Source URL: https:\/\/www.digi24.ro\/stiri\/actualitate\/politica\/klaus-iohannis-despre-ruptura-dintre-pnl-si-pc-e-o-usoara-repozitionare-a-partenerilor-in-usl-154185<\/p>\n","protected":false},"excerpt":{"rendered":"<p>Klaus Iohannis a spus c\u0103 e destul de evident\u0103 apropierea dintre PSD \u0219i PC, fapt constatat \u0219i de pre\u0219edintele partidului, Crin Antonescu. \u201eDe c\u00e2nd sunt eu \u00een partid, nu am putut s\u0103 constat o apropiere deosebit\u0103 \u00eentre PNL \u0219i PC\u201d, a subliniat Klaus Iohannis. PNL nu putea trece cu vederea declara\u021bii precum cele f\u0103cute de [&hellip;]<\/p>\n","protected":false},"author":1,"featured_media":218118,"comment_status":"open","ping_status":"","sticky":false,"template":"","format":"standard","meta":{"footnotes":""},"categories":[2],"tags":[11],"class_list":["post-218117","post","type-post","status-publish","format-standard","has-post-thumbnail","hentry","category-politics","tag-digi24"],"_links":{"self":[{"href":"https:\/\/analyse.optim.biz\/index.php?rest_route=\/wp\/v2\/posts\/218117","targetHints":{"allow":["GET"]}}],"collection":[{"href":"https:\/\/analyse.optim.biz\/index.php?rest_route=\/wp\/v2\/posts"}],"about":[{"href":"https:\/\/analyse.optim.biz\/index.php?rest_route=\/wp\/v2\/types\/post"}],"author":[{"embeddable":true,"href":"https:\/\/analyse.optim.biz\/index.php?rest_route=\/wp\/v2\/users\/1"}],"replies":[{"embeddable":true,"href":"https:\/\/analyse.optim.biz\/index.php?rest_route=%2Fwp%2Fv2%2Fcomments&post=218117"}],"version-history":[{"count":0,"href":"https:\/\/analyse.optim.biz\/index.php?rest_route=\/wp\/v2\/posts\/218117\/revisions"}],"wp:featuredmedia":[{"embeddable":true,"href":"https:\/\/analyse.optim.biz\/index.php?rest_route=\/wp\/v2\/media\/218118"}],"wp:attachment":[{"href":"https:\/\/analyse.optim.biz\/index.php?rest_route=%2Fwp%2Fv2%2Fmedia&parent=218117"}],"wp:term":[{"taxonomy":"category","embeddable":true,"href":"https:\/\/analyse.optim.biz\/index.php?rest_route=%2Fwp%2Fv2%2Fcategories&post=218117"},{"taxonomy":"post_tag","embeddable":true,"href":"https:\/\/analyse.optim.biz\/index.php?rest_route=%2Fwp%2Fv2%2Ftags&post=218117"}],"curies":[{"name":"wp","href":"https:\/\/api.w.org\/{rel}","templated":true}]}}