{"id":218065,"date":"2013-11-19T01:48:13","date_gmt":"2013-11-18T22:48:13","guid":{"rendered":"https:\/\/analyse.optim.biz\/?p=218065"},"modified":"2013-11-19T01:48:13","modified_gmt":"2013-11-18T22:48:13","slug":"crin-antonescu-poate-basescu-era-mai-bun-de-prim-ministru-in-loc-sa-fie-doua-mandate-presedinte","status":"publish","type":"post","link":"https:\/\/analyse.optim.biz\/?p=218065","title":{"rendered":"Crin Antonescu: Poate B\u0103sescu era mai bun de prim-ministru, \u00een loc s\u0103 fie dou\u0103 mandate pre\u015fedinte"},"content":{"rendered":"<div class=\"entry data-app-meta data-app-meta-article\" data-embed-base-url-canonical=\"https:\/\/www.digi24.ro\/embed\/stiri\/actualitate\/politica\/crin-antonescu-poate-basescu-era-mai-bun-de-prim-ministru-in-loc-sa-fie-doua-mandate-presedinte-154266\">\n<p data-index=\"1\"><img decoding=\"async\" src=\"https:\/\/analyse.optim.biz\/wp-content\/uploads\/2024\/09\/lmpwzyz3ptgwmczoyxnoptqwoda5zdexzmywzmrlnmi2ywe4mwjhnwvhmda1yji5-thumb_.jpg\" data-skip-htmlfix=\"1\" title=\"lmpwzyz3ptgwmczoyxnoptqwoda5zdexzmywzmrlnmi2ywe4mwjhnwvhmda1yji5-thumb_\"><\/p>\n<p data-index=\"2\">Antonescu a fost \u00eentrebat, \u00een cadrul unei emisiuni televizate, dac\u0103 \u00eel vede \u00een viitor pe<strong> Traian B\u0103sescu<\/strong> \u00een pozi\u0163ia de prim-ministru.<\/p>\n<p data-index=\"3\"><strong>&#8220;Nu v\u0103d o ipotez\u0103 plauzibil\u0103 pentru domnul B\u0103sescu prim-ministru. A\u015f putea s\u0103 depl\u00e2ng faptul c\u0103 din \u0103\u015ftia zece ani c\u00e2t a fost pre\u015fedinte mai bine avea numai un mandat de pre\u015fedinte \u015fi dup\u0103 aia era prim-ministru, nu pre\u015fedinte, c\u0103 poate ar fi f\u0103cut mai mult\u0103 treab\u0103, poate era mai bun de prim-ministru. Dar acum asta a fost soarta \u015fi pentru domnia sa \u015fi pentru noi<\/strong>&#8220;, a declarat<strong> Antonescu.<\/strong><\/p>\n<p data-index=\"4\">De asemenea, liderul PNL a sus\u0163inut c\u0103 actualul \u015fef al statului \u00ee\u015fi va \u00eencheia cariera politic\u0103 la finalul mandatului preziden\u0163ial \u015fi cu aceast\u0103 ocazie \u015fi influen\u0163a semnificativ\u0103 pe scena politic\u0103. \u00a0<\/p>\n<\/div>\n<p> Source URL: https:\/\/www.digi24.ro\/stiri\/actualitate\/politica\/crin-antonescu-poate-basescu-era-mai-bun-de-prim-ministru-in-loc-sa-fie-doua-mandate-presedinte-154266<\/p>\n","protected":false},"excerpt":{"rendered":"<p>Antonescu a fost \u00eentrebat, \u00een cadrul unei emisiuni televizate, dac\u0103 \u00eel vede \u00een viitor pe Traian B\u0103sescu \u00een pozi\u0163ia de prim-ministru. &#8220;Nu v\u0103d o ipotez\u0103 plauzibil\u0103 pentru domnul B\u0103sescu prim-ministru. A\u015f putea s\u0103 depl\u00e2ng faptul c\u0103 din \u0103\u015ftia zece ani c\u00e2t a fost pre\u015fedinte mai bine avea numai un mandat de pre\u015fedinte \u015fi dup\u0103 aia [&hellip;]<\/p>\n","protected":false},"author":1,"featured_media":218066,"comment_status":"open","ping_status":"","sticky":false,"template":"","format":"standard","meta":{"footnotes":""},"categories":[2],"tags":[11],"class_list":["post-218065","post","type-post","status-publish","format-standard","has-post-thumbnail","hentry","category-politics","tag-digi24"],"_links":{"self":[{"href":"https:\/\/analyse.optim.biz\/index.php?rest_route=\/wp\/v2\/posts\/218065","targetHints":{"allow":["GET"]}}],"collection":[{"href":"https:\/\/analyse.optim.biz\/index.php?rest_route=\/wp\/v2\/posts"}],"about":[{"href":"https:\/\/analyse.optim.biz\/index.php?rest_route=\/wp\/v2\/types\/post"}],"author":[{"embeddable":true,"href":"https:\/\/analyse.optim.biz\/index.php?rest_route=\/wp\/v2\/users\/1"}],"replies":[{"embeddable":true,"href":"https:\/\/analyse.optim.biz\/index.php?rest_route=%2Fwp%2Fv2%2Fcomments&post=218065"}],"version-history":[{"count":0,"href":"https:\/\/analyse.optim.biz\/index.php?rest_route=\/wp\/v2\/posts\/218065\/revisions"}],"wp:featuredmedia":[{"embeddable":true,"href":"https:\/\/analyse.optim.biz\/index.php?rest_route=\/wp\/v2\/media\/218066"}],"wp:attachment":[{"href":"https:\/\/analyse.optim.biz\/index.php?rest_route=%2Fwp%2Fv2%2Fmedia&parent=218065"}],"wp:term":[{"taxonomy":"category","embeddable":true,"href":"https:\/\/analyse.optim.biz\/index.php?rest_route=%2Fwp%2Fv2%2Fcategories&post=218065"},{"taxonomy":"post_tag","embeddable":true,"href":"https:\/\/analyse.optim.biz\/index.php?rest_route=%2Fwp%2Fv2%2Ftags&post=218065"}],"curies":[{"name":"wp","href":"https:\/\/api.w.org\/{rel}","templated":true}]}}