{"id":218047,"date":"2013-11-19T13:26:51","date_gmt":"2013-11-19T10:26:51","guid":{"rendered":"https:\/\/analyse.optim.biz\/?p=218047"},"modified":"2013-11-19T13:26:51","modified_gmt":"2013-11-19T10:26:51","slug":"deputatii-si-au-votat-un-buget-cu-13-la-suta-mai-mare","status":"publish","type":"post","link":"https:\/\/analyse.optim.biz\/?p=218047","title":{"rendered":"Deputa\u021bii \u0219i-au votat un buget cu 13 la sut\u0103 mai mare"},"content":{"rendered":"<div class=\"entry data-app-meta data-app-meta-article\" data-embed-base-url-canonical=\"https:\/\/www.digi24.ro\/embed\/stiri\/actualitate\/politica\/deputatii-si-au-votat-un-buget-cu-13-la-suta-mai-mare-154519\">\n<p data-index=\"1\"><img decoding=\"async\" src=\"https:\/\/analyse.optim.biz\/wp-content\/uploads\/2024\/09\/ywm4mdm0mtnjmmywmmq4mgziotq5yjljoq-thumb_.jpg\" data-skip-htmlfix=\"1\" title=\"ywm4mdm0mtnjmmywmmq4mgziotq5yjljoq-thumb_\"><\/p>\n<p data-index=\"2\">Camera Deputa\u0163ilor \u015fi-a adoptat, mar\u0163i, bugetul propriu pe 2014, \u00een sum\u0103 de peste 235 milioane de lei, 270 de deputa\u0163i vot\u00e2nd \u00een favoarea acestui buget, 25 fiind \u00eempotriv\u0103, \u00een timp ce 26 s-au ab\u0163inut.<\/p>\n<p data-index=\"3\">Potrivit bugetului adoptat, din cele 235.385.000 lei, cheltuielile de personal sunt \u00een sum\u0103 de 168.000.000 lei , \u00een care se iau \u00een calcul indemniza\u0163iile deputa\u0163ilor, salariile personalului, num\u0103rul posturilor finan\u0163ate de la buget fiind de 1.895, potrivit Mediafax.<\/p>\n<p data-index=\"4\">Din acest num\u0103r de posturi, 412 sunt deputa\u0163ii ale\u015fi, 693 sunt func\u0163ii publice parlamentare, 790 sunt func\u0163ii contractuale.<\/p>\n<p data-index=\"5\">Cheltuielile cu bunurile \u015fi serviciile sunt \u00een sum\u0103 de 56.099.000 lei \u015fi sunt pentru asigurarea func\u0163ion\u0103rii \u015fi \u00eentre\u0163inerii cl\u0103dirii, materiale necesare activit\u0103\u0163ii legislative, cheltuieli de protocol, cheltuieli aferente caz\u0103rii \u015fi transportului aferente deplas\u0103rilor interne \u015fi interna\u0163ionale ale deputa\u0163ilor \u015fi personalului.<\/p>\n<p data-index=\"6\">Bugetul Camerei Deputa\u0163ilor pe anul 2014 este de 235 de milioane de lei, adic\u0103 cu 13% mai mare fa\u0163\u0103 de 2013, a declarat mar\u0163i secretarul Camerei Deputa\u0163ilor Niculae Mircovici, dup\u0103 \u015fedin\u0163a Biroului Permanent al acestui for legislativ.<\/p>\n<p data-index=\"7\"><strong>\u201eSuma bugetului este de 235 de milioane. Dac\u0103 ar fi s\u0103 facem o compara\u0163ie, e o cre\u015ftere cu 13% fa\u0163\u0103 de anul trecut, \u00een condi\u0163iile \u00een care num\u0103rul de parlamentari a crescut de la 334 la 412. Ca s\u0103 facem o compara\u0163ie, \u00een 2008 bugetul a fost de 270 de milioane, \u00een 2010 a fost de 291 de milioane, din 2010 a \u00eenceput trendul descendent. Anul acesta este de 235 de milioane, cu 13% mai mult fa\u0163\u0103 de 2013, \u00eens\u0103 mult mai mic fa\u0163\u0103 de ceilal\u0163i ani anteriori\u201d<\/strong>, a explicat Mircovici.<\/p>\n<p data-index=\"8\">El a f\u0103cut o compara\u0163ie \u015fi cu bugetele parlamentelor din \u0163\u0103rile europene.<\/p>\n<p data-index=\"9\">\u201eVizavi de bugetul general al Rom\u00e2niei, bugetul Parlamentului este de 0,03% din bugetul na\u0163ional, \u00een condi\u0163iile \u00een care media european\u0103 este de 0,05%, deci suntem la aproximativ jum\u0103tate din media european\u0103 cu cheltuielile\u201d, a ad\u0103ugat Niculae Mircovici.<\/p>\n<h5>Acuza\u021bii din partea opozi\u021biei<\/h5>\n<p data-index=\"10\">Pre\u015fedintele Camerei Deputa\u0163ilor, Valeriu Zgonea, a declarat, luni, c\u0103 institu\u0163ia pe care o conduce va avea \u00een 2014 un buget de 222 de milioane de lei, el ar\u0103t\u00e2nd c\u0103 suma este similar\u0103 celei din 2013 \u015fi c\u0103, \u00een aceste condi\u0163ii, se men\u0163in t\u0103ierile \u015fi restric\u0163iile, bugetul fiind unul de criz\u0103.<\/p>\n<p data-index=\"11\">Pre\u015fedintele Camerei, Valeriu Zgonea, le-a spus mar\u0163i deputa\u0163ilor PDL care au criticat bugetul Camerei pe 2014 c\u0103 majorarea acestuia e cauzat\u0103 de cei 78 de parlamentari \u201ecare au intrat pe u\u015fa din dos de pe locul 3\u201d, ar\u0103t\u00e2nd c\u0103 e ru\u015finos comportamentul PDL: una a spus \u00een spatele u\u015filor, alta a f\u0103cut.<\/p>\n<p data-index=\"12\">Deputatul PDL Gheorghe Ialomi\u0163ianu a anun\u0163at, \u00een plen, c\u0103 PDL nu va vota bugetul Camerei pe 2014 deoarece este majorat de la 208 la 235 de milioane de lei, \u00een timp ce impozitele \u015fi taxele cresc. El a men\u0163ionat c\u0103 \u015fi fondul aflat la dispozi\u0163ia pre\u015fedintelui Camerei a crescut fa\u0163\u0103 de 2013, iar cheltuielile cu bunurile \u015fi serviciile s-au dublat.<\/p>\n<p data-index=\"13\"><strong>\u201eAvem \u00een sal\u0103 78 de parlamentari care au intrat pe u\u015fa din dos \u00een Parlament. Pute\u0163i s\u0103 face\u0163i \u015fi ca Mo\u015f Geril\u0103 \u015fi ca Mo\u015f Cr\u0103ciun, dar nu a\u0163i intrat \u00een Parlament ca ceilal\u0163i. Dumneavoastr\u0103, cei 78 pl\u0103ti\u0163i din banii statului, chiulind majoritatea dintre dumneavoastr\u0103, cre\u015fte\u0163i bugetul Camerei Deputa\u0163ilor cu 13%<\/strong>. Dumeavoastr\u0103 \u00een ultimii ani de zile a\u0163i cheltuit mai mul\u0163i bani dec\u00e2t am redus noi \u00een 9 luni de zile la Camera Deputa\u0163ilor doar pe \u00eentre\u0163inerea \u015fi repara\u0163ia unor lucruri care sunt nefunc\u0163ionale ast\u0103zi\u201d, le-a spus, \u00een replic\u0103, Valeriu Zgonea parlamentarilor PDL.<\/p>\n<p data-index=\"14\">\u0218i plenul Senatului a adoptat, mar\u0163i, proiectul de hot\u0103r\u00e2re privind <a href=\"https:\/\/www.digi24.ro\/Stiri\/Digi24\/Actualitate\/Politica\/Senatorii+si-au+votat+bugetul+pe+2014+de+peste+100+de+milioane+d\" target=\"_blank\" data-skip-linkfix=\"1\" rel=\"noopener\">bugetul Senatului pe anul 2014<\/a>, de 100,8 milioane de lei.<\/p>\n<\/div>\n<p> Source URL: https:\/\/www.digi24.ro\/stiri\/actualitate\/politica\/deputatii-si-au-votat-un-buget-cu-13-la-suta-mai-mare-154519<\/p>\n","protected":false},"excerpt":{"rendered":"<p>Camera Deputa\u0163ilor \u015fi-a adoptat, mar\u0163i, bugetul propriu pe 2014, \u00een sum\u0103 de peste 235 milioane de lei, 270 de deputa\u0163i vot\u00e2nd \u00een favoarea acestui buget, 25 fiind \u00eempotriv\u0103, \u00een timp ce 26 s-au ab\u0163inut. Potrivit bugetului adoptat, din cele 235.385.000 lei, cheltuielile de personal sunt \u00een sum\u0103 de 168.000.000 lei , \u00een care se iau [&hellip;]<\/p>\n","protected":false},"author":1,"featured_media":218048,"comment_status":"open","ping_status":"","sticky":false,"template":"","format":"standard","meta":{"footnotes":""},"categories":[2],"tags":[11],"class_list":["post-218047","post","type-post","status-publish","format-standard","has-post-thumbnail","hentry","category-politics","tag-digi24"],"_links":{"self":[{"href":"https:\/\/analyse.optim.biz\/index.php?rest_route=\/wp\/v2\/posts\/218047","targetHints":{"allow":["GET"]}}],"collection":[{"href":"https:\/\/analyse.optim.biz\/index.php?rest_route=\/wp\/v2\/posts"}],"about":[{"href":"https:\/\/analyse.optim.biz\/index.php?rest_route=\/wp\/v2\/types\/post"}],"author":[{"embeddable":true,"href":"https:\/\/analyse.optim.biz\/index.php?rest_route=\/wp\/v2\/users\/1"}],"replies":[{"embeddable":true,"href":"https:\/\/analyse.optim.biz\/index.php?rest_route=%2Fwp%2Fv2%2Fcomments&post=218047"}],"version-history":[{"count":0,"href":"https:\/\/analyse.optim.biz\/index.php?rest_route=\/wp\/v2\/posts\/218047\/revisions"}],"wp:featuredmedia":[{"embeddable":true,"href":"https:\/\/analyse.optim.biz\/index.php?rest_route=\/wp\/v2\/media\/218048"}],"wp:attachment":[{"href":"https:\/\/analyse.optim.biz\/index.php?rest_route=%2Fwp%2Fv2%2Fmedia&parent=218047"}],"wp:term":[{"taxonomy":"category","embeddable":true,"href":"https:\/\/analyse.optim.biz\/index.php?rest_route=%2Fwp%2Fv2%2Fcategories&post=218047"},{"taxonomy":"post_tag","embeddable":true,"href":"https:\/\/analyse.optim.biz\/index.php?rest_route=%2Fwp%2Fv2%2Ftags&post=218047"}],"curies":[{"name":"wp","href":"https:\/\/api.w.org\/{rel}","templated":true}]}}