{"id":218043,"date":"2013-11-19T17:12:30","date_gmt":"2013-11-19T14:12:30","guid":{"rendered":"https:\/\/analyse.optim.biz\/?p=218043"},"modified":"2013-11-19T17:12:30","modified_gmt":"2013-11-19T14:12:30","slug":"retragerea-ordinului-lui-l-tokes-subiect-de-interpelare-in-camera-lorzilor-din-marea-britanie","status":"publish","type":"post","link":"https:\/\/analyse.optim.biz\/?p=218043","title":{"rendered":"Retragerea ordinului lui L. Tokes, subiect de interpelare \u00een Camera Lorzilor din Marea Britanie"},"content":{"rendered":"<div class=\"entry data-app-meta data-app-meta-article\" data-embed-base-url-canonical=\"https:\/\/www.digi24.ro\/embed\/stiri\/actualitate\/politica\/retragerea-ordinului-lui-l-tokes-subiect-de-interpelare-in-camera-lorzilor-din-marea-britanie-154732\">\n<p data-index=\"1\"><img decoding=\"async\" src=\"https:\/\/analyse.optim.biz\/wp-content\/uploads\/2024\/09\/zyz3ptgwmczoyxnopwq1ota4mzk3nzjlngrhzdzkyzrmztkzy2m3zmnhotu0-thumb_.jpg\" data-skip-htmlfix=\"1\" title=\"zyz3ptgwmczoyxnopwq1ota4mzk3nzjlngrhzdzkyzrmztkzy2m3zmnhotu0-thumb_\"><\/p>\n<p data-index=\"2\">\u201eCu dou\u0103 zile \u020bnainte de adunarea Consiliului de onoare al Ordinului Na\u0163ional \u201eSteaua Rom\u00e2niei\u201d, 18 noiembrie 2013,<strong> Lord Alton din Liverpool<\/strong>\u00a0(foto) \u00eentreab\u0103 Guvernul Majest\u0103\u0163ii Sale <a href=\"http:\/\/www.publications.parliament.uk\/pa\/ld\/ldordpap.htm#qwa\" target=\"_blank\" data-skip-linkfix=\"1\" rel=\"noopener\">ce demersuri dore\u015fte s\u0103 \u00eentreprind\u0103 c\u0103tre Guvernul Rom\u00e2niei<\/a>, av\u00e2nd \u00een vedere faptul c\u0103 episcopul Laszlo Tokes este vizat s\u0103-i fie retras Ordinul \u201eSteaua Rom\u00e2niei\u201d\u201d, se arat\u0103 \u00eentr-un comunicat trimis de echipa de comunicare a europarlamentarului.<\/p>\n<p data-index=\"3\"><img decoding=\"async\" src=\"https:\/\/analyse.optim.biz\/wp-content\/uploads\/2024\/09\/mczoyxnopwu2zdq1mdeyn2mwntfhnthmy2e3zwzjyzjhnwe2nwji-thumb_.jpg\" data-skip-htmlfix=\"1\" title=\"mczoyxnopwu2zdq1mdeyn2mwntfhnthmy2e3zwzjyzjhnwe2nwji-thumb_\"><\/p>\n<p data-index=\"4\">Acum o lun\u0103, eurodeputatul <a href=\"https:\/\/www.digi24.ro\/Stiri\/Regional\/Digi24+Oradea\/Stiri\/Laszlo+Tokes+cere+amanarea+discutarii+retragerii+Ordinului+Steau\" target=\"_blank\" data-skip-linkfix=\"1\" rel=\"noopener\">Laszlo Tokes a cerut am\u00e2narea lu\u0103rii \u00een discu\u0163ie<\/a> de c\u0103tre Consiliul de Onoare a retragerii Ordinului \u201eSteaua Rom\u00e2niei\u201d, invoc\u00e2nd faptul c\u0103 are alte obliga\u0163ii \u00een ziua programat\u0103 pentru \u015fedin\u0163\u0103, iar avocatul s\u0103u nu se afl\u0103 \u00een \u0163ar\u0103.<\/p>\n<p data-index=\"5\">Cererea sa venea dup\u0103 ce Consiliul de Onoare al Ordinului Na\u0163ional \u201eSteaua Rom\u00e2niei\u201d am\u00e2nase, \u00een 11 octombrie, deja a doua oar\u0103 s\u0103 se pronun\u0163e \u00een privin\u0163a decora\u0163iei lui Laszlo Tokes. \u00cen urm\u0103 cu dou\u0103 s\u0103pt\u0103m\u00e2ni, \u015fedin\u0163a a fost am\u00e2nat\u0103 din cauz\u0103 c\u0103 acesta nu s-a prezentat pentru a-\u015fi sus\u0163ine punctul de vedere.<\/p>\n<h5>Multiple am\u00e2n\u0103ri ale \u0219edin\u021bei<\/h5>\n<p data-index=\"6\">Prima \u015fedin\u0163\u0103 a Consiliului de Onoare al Ordinului Na\u0163ional \u201eSteaua Rom\u00e2niei\u201d a fost programat\u0103 pentru 26 septembrie, de la ora 16.00, la Academia Rom\u00e2n\u0103, iar membrii acestuia urmau s\u0103 ia \u00een discu\u0163ie solicit\u0103rile de retragere a decora\u0163iei conferite lui Laszlo Tokes, una dintre cereri apar\u0163in\u00e2nd Corinei Cre\u0163u, care a f\u0103cut-o public\u0103.<\/p>\n<p data-index=\"7\"><a href=\"http:\/\/bit.ly\/18bIsTY\" target=\"_blank\" data-skip-linkfix=\"1\" rel=\"noopener\">Alegerile pentru forul<\/a> va decide dac\u0103 i se retrage \u201eSteaua Rom\u00e2niei\u201d lui Laszlo Tokes au fost organizate \u00eenc\u0103 din luna septembrie.<\/p>\n<p data-index=\"8\">Reuniunea fusese convocat\u0103 dup\u0103 ce europarlamentarul PSD <a href=\"https:\/\/www.digi24.ro\/Stiri\/Digi24\/Actualitate\/Politica\/Laszlo+Tokes+ar+putea+pierde+Steaua+Romaniei+Corina+Cretu+a+ceru\" target=\"_blank\" data-skip-linkfix=\"1\" rel=\"noopener\">Corina Cre\u0163u, membru al Ordinului Na\u0163ional \u201eSteaua Rom\u00e2niei\u201d, a solicitat public, \u00een 28 august, retragerea Ordinului<\/a> \u201eSteaua Rom\u00e2niei\u201d acordat lui Laszlo Tokes \u00een decembrie 2009, ea invoc\u00e2nd \u201efapte dezonorante \u015fi contrare Articolului 1 din Constitu\u0163ia Rom\u00e2niei\u201d.<\/p>\n<p data-index=\"9\">Conform <a href=\"http:\/\/canord.presidency.ro\/HG_1511_2005.pdf\" target=\"_blank\" data-skip-linkfix=\"1\" rel=\"noopener\">regulamentului<\/a>, consiliile de onoare ale fiec\u0103rui ordin \u201ejudec\u0103 faptele dezonorante care aduc prejudicii morale cavalerilor ordinelor na\u021bionale respective, altele dec\u00e2t faptele penale sanc\u021bionare cu pedeapsa privativ\u0103 de libertate prin hot\u0103r\u00e2re judec\u0103toreasc\u0103 r\u0103mas\u0103 definitiv\u0103.<\/p>\n<p data-index=\"10\">Dac\u0103 persoana \u00eenvinuit\u0103, \u00een acest caz Laszlo Tokes, nu se prezint\u0103, se poate stabili un nou termen sau se poate decide judecarea sesiz\u0103rii \u00een lips\u0103.<\/p>\n<p data-index=\"11\">Consiliul adopt\u0103 hot\u0103r\u00e2ri cu votul majorit\u0103\u021bii membrilor, prin vot secret, acestea se comunic\u0103 Cancelariei Ordinelor, cu propunere de retragere a decora\u021biei sau se respingere a sesiz\u0103rii, care se \u00eenainteaz\u0103 \u0219efului statului spre aprobare, prin decret.<\/p>\n<p data-index=\"12\">Motivul solicit\u0103rii<\/p>\n<p data-index=\"13\">\u201eSolicitarea recent\u0103 a europarlamentarului rom\u00e2n Laszlo Tokes c\u0103tre premierul Ungariei, Viktor Orban, de instituire a unui protectorat maghiar asupra Transilvaniei <strong>reprezint\u0103 escaladarea unei serii \u00eentregi de ac\u0163iuni \u015fi declara\u0163ii anti-na\u0163ionale din partea sa, care au promovat \u00een mai multe medii teza periculoas\u0103 a autonomiei pe criterii etnice.<\/strong> Am speran\u0163a c\u0103 \u00eemp\u0103rt\u0103\u015fi\u0163i, fiecare dintre dumneavoastr\u0103, principiile Constitu\u0163iei Rom\u00e2niei \u015fi ale luptei \u00eempotriva extremismului. De aceea, am \u00eencredere c\u0103 ve\u0163i fi receptivi la aceast\u0103 solicitare \u015fi c\u0103 ve\u0163i da un semnal cu privire la nevoia respect\u0103rii fundamentelor morale ale statului \u015fi poporului rom\u00e2n\u201d, se arat\u0103 \u00een mesajul Corinei Cre\u021bu c\u0103tre membrii Consiliului de Onoare al Ordinului Na\u0163ional \u201eSteaua Rom\u00e2niei\u201d.<\/p>\n<p data-index=\"14\"><a href=\"https:\/\/www.digi24.ro\/Stiri\/Digi24\/Actualitate\/Politica\/V+Ponta+dezamagit+de+reactia+Presedintiei+la+propunerea+de+retra\" target=\"_blank\" data-skip-linkfix=\"1\" rel=\"noopener\">Premierul Victor Ponta declara, cu o s\u0103pt\u0103m\u00e2n\u0103 \u00eenainte, c\u0103 este dezam\u0103git<\/a> de reac\u0163ia Administra\u0163iei Preziden\u0163iale \u00een ceea ce prive\u015fte propunerea de retragere a decora\u0163iei europarlamentarului LaszloTokes.<\/p>\n<p data-index=\"15\">Administra\u0163ia Preziden\u0163ial\u0103 anun\u0163ase, anterior, c\u0103 pre\u015fedintele Traian B\u0103sescu nu poate retrage decora\u0163ia \u201eSteaua Rom\u00e2niei\u201d dec\u00e2t <a href=\"https:\/\/www.digi24.ro\/Stiri\/Digi24\/Actualitate\/Politica\/Untitled+Document\" target=\"_blank\" data-skip-linkfix=\"1\" rel=\"noopener\">la cererea unui alt cavaler<\/a> al acestui ordin sau dac\u0103 cel decorat a primit o condamnare definitiv\u0103.<\/p>\n<p data-index=\"16\">Pre\u0219edintele Senatului, <a href=\"https:\/\/www.digi24.ro\/Stiri\/Digi24\/Actualitate\/Politica\/Crin+Antonescu+contraatac+Basescu+maghiari\" target=\"_blank\" data-skip-linkfix=\"1\" rel=\"noopener\">Crin Antonescu, a sugerat ca aceast\u0103 distin\u021bie s\u0103-i fie retras\u0103<\/a> de \u0219eful statului. Eurodeputatul rom\u00e2n Laszlo Tokes \u00ee\u0219 exprimase nemul\u0163umirea \u00een leg\u0103tur\u0103 cu aceeast\u0103 propunere \u0219i a denun\u0163at ac\u0163iuni de \u201einstigare\u201d, afirm\u00e2nd c\u0103 Rom\u00e2nia <a href=\"https:\/\/www.digi24.ro\/Stiri\/Digi24\/Actualitate\/Politica\/Tokes+Romania+prezinta+unele+semne+ale+unui+regim+dictatorial\" target=\"_blank\" data-skip-linkfix=\"1\" rel=\"noopener\">prezint\u0103 \u201eunele semne ale unui regim dictatorial\u201d<\/a>.<\/p>\n<p data-index=\"17\">Ulterior, premierul Victor Ponta a anun\u0163at c\u0103 <a href=\"https:\/\/www.digi24.ro\/Stiri\/Digi24\/Actualitate\/Politica\/Ponta+Contrasemnez+un+eventual+decret+de+retragere+a+decoratiei+\" target=\"_blank\" data-skip-linkfix=\"1\" rel=\"noopener\">va contrasemna un eventual decret<\/a> de retragere a ordinului.<\/p>\n<p data-index=\"18\">Pre\u015fedintele Traian B\u0103sescu afirma, \u00een 12 august, c\u0103 <a href=\"https:\/\/www.digi24.ro\/Stiri\/Digi24\/Actualitate\/Politica\/Traian+Basescu+Romania+isi+va+asuma+leadership-ul+punerii+la+pun\" target=\"_blank\" data-skip-linkfix=\"1\" rel=\"noopener\">\u201enu \u00ee\u015fi merit\u0103 calitatea de cet\u0103\u0163ean rom\u00e2n<\/a> cel care cerea mai zilele trecute ca Transilvania s\u0103 fie trecut\u0103 sub protectorat\u201d, f\u0103c\u00e2nd referire la declara\u021biile lui Laszlo Tokes.<\/p>\n<p data-index=\"19\"><strong>\u201eAm \u00eenceput din p\u0103cate de pu\u0163in\u0103 vreme politica de redob\u00e2ndire a rom\u00e2nismului \u00een afara frontierelor. Nu avem \u00een inten\u0163iile noastre nimic de genul celor nefericit sus\u0163inute din p\u0103cate de un cet\u0103\u0163ean rom\u00e2n care nu-\u015fi merit\u0103 calitatea de cet\u0103\u0163ean rom\u00e2n. Este acela care mai zilele trecute cerea ca Transilvania s\u0103 fie pus\u0103 sub protectorat\u201d<\/strong>, a declarat atunci Traian B\u0103sescu.<\/p>\n<p data-index=\"20\">El a ad\u0103ugat c\u0103 \u201eprobabil\u201d va trebui analizat dac\u0103 un cet\u0103\u0163ean rom\u00e2n poate avea un astfel de comportament.<\/p>\n<p data-index=\"21\">\u00cen 27 iulie, europarlamentarul Laszlo Tokes i-a cerut premierului Ungariei, Viktor Orban, la lucr\u0103rile Universit\u0103\u0163ii de Var\u0103 \u201eBalvanyos\u201d, ca \u00eempreun\u0103 cu Guvernul pe care \u00eel conduce s\u0103 construiasc\u0103 \u201eun sistem de cooperare na\u0163ional\u0103\u201d, astfel \u00eenc\u00e2t s\u0103 ofere \u201eprotectorat\u201d Transilvaniei, \u201ea\u015fa cum a f\u0103cut Austria cu Tirolul de Sud\u201d.<\/p>\n<p data-index=\"22\">Laszlo Tokes mai spunea c\u0103 B\u0103ile Tu\u015fnad, unde s-a desf\u0103\u015furat Universitatea de Var\u0103 \u201eBalvanyos\u201d, reprezint\u0103 o zon\u0103 autonom\u0103 a \u0162inutului Secuiesc.<\/p>\n<h5>Precedente \u00een retragerea decora\u021biilor<\/h5>\n<p data-index=\"23\">Laszlo Tokes a fost decorat de pre\u015fedintele Traian B\u0103sescu, \u00een decembrie 2009, cu Ordinul Na\u0163ional Steaua Rom\u00e2niei \u00een grad de Cavaler.<\/p>\n<p data-index=\"24\">Conferirea decora\u0163iei a fost motivat\u0103, potrivit decretului semnat de \u015feful statului, de \u00eemplinirea a 20 de ani de la Revolu\u0163ia din Decembrie 1989, \u201e\u00een semn de mare apreciere a curajului \u015fi demnit\u0103\u0163ii de care a dat dovad\u0103, declan\u015f\u00e2nd, prin exemplu personal, revolta istoric\u0103 a poporului rom\u00e2n \u00eempotriva dictaturii comuniste\u201d.<\/p>\n<p data-index=\"25\">Au existat dou\u0103 situa\u021bii \u00een care pre\u0219edintele Traian B\u0103sescu a retras decora\u021biile acordate unor politicieni rom\u00e2ni.<\/p>\n<p data-index=\"26\">\u00cen 9 mai, \u0219eful statului a semnat decretul de retragere a unei decora\u021bii, Ordinul \u201eVirtutea Militar\u0103\u201d &#8211; \u00een grad de Cavaler, lui C\u0103t\u0103lin Voicu.<\/p>\n<p data-index=\"27\">Pre\u0219edintele motiva c\u0103 hot\u0103r\u00e2rea a venit ca urmare a deciziei de condamnare date de \u00cenalta Curte de Casa\u021bie \u0219i Justi\u021bie din 22 aprilie.<\/p>\n<p data-index=\"28\">\u201ePre\u0219edintele Rom\u00e2niei, domnul Traian B\u0103sescu, a semnat joi, 9 mai a.c., decretul prin care se retrage Ordinul \u201eVirtutea Militar\u0103\u201d &#8211; \u00een grad de Cavaler, cu \u00eensemn pentru militari, acordat prin Decretul nr. 981 din 29 noiembrie 2002, publicat \u00een Monitorul Oficial al Rom\u00e2niei, Partea I, nr. 911 din 14 decembrie 2002, domnului C\u0103t\u0103lin Voicu, av\u00e2nd \u00een vedere Decizia Penal\u0103 nr. 86 din 22 aprilie 2013 a \u00cenaltei Cur\u0163i de Casa\u0163ie \u015fi Justi\u0163ie a Rom\u00e2niei\u201d, se ar\u0103ta \u00een comunicatul Administra\u021biei Preziden\u021biale.<\/p>\n<p data-index=\"29\">Exist\u0103 un alt precedent, care \u00eel vizeaz\u0103 pe Corneliu Vadim Tudor.<\/p>\n<p data-index=\"30\">\u00cen 24 mai 2007, pre\u015fedintele Traian B\u0103sescu a semnat, dup\u0103 \u00eendeplinirea procedurilor legale, Decretul privind retragerea Ordinului Na\u0163ional \u201eSteaua Rom\u00e2niei\u201d \u00een grad de Cavaler, senatorului Tudor Corneliu Vadim, potrivit Administra\u021biei Preziden\u021biale.<\/p>\n<p data-index=\"31\">Pre\u0219edintele Rom\u00e2niei la data acord\u0103rii decora\u021biei lui Corneliu Vadim Tudor era Ion Iliescu.<\/p>\n<h4>M\u0103d\u0103lina Prundea<\/h4>\n<\/div>\n<p> Source URL: https:\/\/www.digi24.ro\/stiri\/actualitate\/politica\/retragerea-ordinului-lui-l-tokes-subiect-de-interpelare-in-camera-lorzilor-din-marea-britanie-154732<\/p>\n","protected":false},"excerpt":{"rendered":"<p>\u201eCu dou\u0103 zile \u020bnainte de adunarea Consiliului de onoare al Ordinului Na\u0163ional \u201eSteaua Rom\u00e2niei\u201d, 18 noiembrie 2013, Lord Alton din Liverpool\u00a0(foto) \u00eentreab\u0103 Guvernul Majest\u0103\u0163ii Sale ce demersuri dore\u015fte s\u0103 \u00eentreprind\u0103 c\u0103tre Guvernul Rom\u00e2niei, av\u00e2nd \u00een vedere faptul c\u0103 episcopul Laszlo Tokes este vizat s\u0103-i fie retras Ordinul \u201eSteaua Rom\u00e2niei\u201d\u201d, se arat\u0103 \u00eentr-un comunicat trimis de [&hellip;]<\/p>\n","protected":false},"author":1,"featured_media":218044,"comment_status":"open","ping_status":"","sticky":false,"template":"","format":"standard","meta":{"footnotes":""},"categories":[2],"tags":[11],"class_list":["post-218043","post","type-post","status-publish","format-standard","has-post-thumbnail","hentry","category-politics","tag-digi24"],"_links":{"self":[{"href":"https:\/\/analyse.optim.biz\/index.php?rest_route=\/wp\/v2\/posts\/218043","targetHints":{"allow":["GET"]}}],"collection":[{"href":"https:\/\/analyse.optim.biz\/index.php?rest_route=\/wp\/v2\/posts"}],"about":[{"href":"https:\/\/analyse.optim.biz\/index.php?rest_route=\/wp\/v2\/types\/post"}],"author":[{"embeddable":true,"href":"https:\/\/analyse.optim.biz\/index.php?rest_route=\/wp\/v2\/users\/1"}],"replies":[{"embeddable":true,"href":"https:\/\/analyse.optim.biz\/index.php?rest_route=%2Fwp%2Fv2%2Fcomments&post=218043"}],"version-history":[{"count":0,"href":"https:\/\/analyse.optim.biz\/index.php?rest_route=\/wp\/v2\/posts\/218043\/revisions"}],"wp:featuredmedia":[{"embeddable":true,"href":"https:\/\/analyse.optim.biz\/index.php?rest_route=\/wp\/v2\/media\/218044"}],"wp:attachment":[{"href":"https:\/\/analyse.optim.biz\/index.php?rest_route=%2Fwp%2Fv2%2Fmedia&parent=218043"}],"wp:term":[{"taxonomy":"category","embeddable":true,"href":"https:\/\/analyse.optim.biz\/index.php?rest_route=%2Fwp%2Fv2%2Fcategories&post=218043"},{"taxonomy":"post_tag","embeddable":true,"href":"https:\/\/analyse.optim.biz\/index.php?rest_route=%2Fwp%2Fv2%2Ftags&post=218043"}],"curies":[{"name":"wp","href":"https:\/\/api.w.org\/{rel}","templated":true}]}}