{"id":218032,"date":"2013-11-19T21:16:55","date_gmt":"2013-11-19T18:16:55","guid":{"rendered":"https:\/\/analyse.optim.biz\/?p=218032"},"modified":"2013-11-19T21:16:55","modified_gmt":"2013-11-19T18:16:55","slug":"dubla-comisie-de-ancheta-in-parlament-pentru-terenul-familiei-basescu-liberalii-sustin-ca-nu-au-fost-informati","status":"publish","type":"post","link":"https:\/\/analyse.optim.biz\/?p=218032","title":{"rendered":"Dubl\u0103 comisie de anchet\u0103 \u00een Parlament pentru terenul familiei B\u0103sescu. Liberalii sus\u021bin c\u0103 nu au fost informa\u0163i"},"content":{"rendered":"<div class=\"entry data-app-meta data-app-meta-article\" data-embed-base-url-canonical=\"https:\/\/www.digi24.ro\/embed\/stiri\/actualitate\/politica\/dubla-comisie-de-ancheta-in-parlament-pentru-terenul-familiei-basescu-liberalii-sustin-ca-nu-au-fost-informati-154826\">\n<p data-index=\"1\">\u00cenfiin\u0163area anchetei care verific\u0103 terenul achizi\u0163ionat de <strong>familia B\u0103sescu<\/strong> a generat, \u00eens\u0103, dispute \u00een cadrul USL. Liderii PSD \u015fi PC s-au reunit pentru a pune la punct activitatea acestei comisii, \u00een timp ce <a href=\"https:\/\/www.digi24.ro\/Stiri\/Digi24\/Actualitate\/Stiri\/Victor+Ponta+Am+discutat+despre+infiintarea+unei+comisii+de+anch\" target=\"_blank\" data-skip-linkfix=\"1\" rel=\"noopener\">liberalii sus\u0163in c\u0103 nu au fost nici m\u0103car \u00eentreba\u0163i dac\u0103 sunt de acord cu acest\u0103 propunere.<\/a><\/p>\n<p data-index=\"2\">Premierul a anun\u0163at c\u0103 l-a contactat telefonic pe liderul PNL <strong>Crin Antonescu<\/strong> pentru a discuta despre \u00eenfiin\u0163area comisiei de anchet\u0103, care va verifica modul \u00een care a fost f\u0103cut\u0103 tranzac\u0163ia cu terenuri a familiei preziden\u0163iale. Acesta a mai declarat c\u0103 liderul PNL sus\u0163ine propunerea.<\/p>\n<p data-index=\"3\">\u201e\u00centreaga afacere C\u0103l\u0103ra\u015fi, \u00een care pre\u015fedintele \u0163\u0103rii nu \u015ftiu dac\u0103 a \u00eenc\u0103lcat vreo lege, dar \u00een mod sigur \u015fi-a folosit func\u0163ia pentru interese personale, va face &#8211; am \u00eentrebat \u00eenc\u0103 o dat\u0103 acum liderii parlamentari \u015fi de la PSD, \u015fi de la PNL, \u015fi de la PC &#8211; va face obiectul unei comisii comune a Camerei Deputa\u0163ilor \u015fi a a Senatului\u201d, a anun\u021bat <strong>Victor Ponta<\/strong>.<\/p>\n<p data-index=\"4\">\u00cens\u0103 informa\u0163ia a fost infirmat\u0103 de liderii PNL.<\/p>\n<p data-index=\"5\">\u201eNu am avut nicio discu\u021bie cu vreun lider PSD pe aceast\u0103 tem\u0103 nici eu \u0219i nici colegul meu Puiu Ha\u0219otti \u0219i acum o or\u0103 am discutat cu Antonescu \u0219i nici el nu a vut vreo conversa\u021bie cu vreun lider PSD pe acest subiect\u201d, a declarat <strong>George Scutaru<\/strong>, liderul deputa\u0163ilor PNL.<\/p>\n<p data-index=\"6\">Cu toate acestea, \u015fi pre\u015fedintele Camerei Deputa\u0163ilor, social-democratul <strong>Valeriu Zgonea<\/strong>, a declarat c\u0103 a avut loc o astfel de discu\u0163ie.<\/p>\n<p data-index=\"7\">Cu liberalii a\u0163i vorbit? a fost \u00eentrebat el de jurnali\u0219ti mar\u021bi dup\u0103-amiaz\u0103. \u201eDa. \u0218i cu conservatorii. Dl. Daniel Constantin e \u00een\u0103untru\u201d, a r\u0103spuns \u0219eful Camerei Deputa\u021bilor.<\/p>\n<p data-index=\"8\">La ie\u015firea de la discu\u0163iile care au avut loc \u00eentre liderii PSD \u015fi PC, \u00een biroul pre\u015fedintelui Camerei Deputa\u0163ilor, premierul a sus\u0163inut \u00een continuare c\u0103 a discutat cu liderul PNL \u015fi c\u0103 probabil liberalii nu au discutat \u00eenc\u0103 pe acest\u0103 tem\u0103.<\/p>\n<p data-index=\"9\">S\u0103pt\u0103m\u00e2na trecut\u0103, premierul anun\u0163a c\u0103 vor fi \u00eenfiin\u0163ate dou\u0103 comisii de anchet\u0103: pentru retroced\u0103rile din Ardeal \u015fi implicarea unor institu\u0163ii ale statului \u00een achizi\u0163ionarea de terenuri pentru persoane private, el men\u0163ion\u00e2nd: \u201eCazul C\u0103l\u0103ra\u015fi\u201d.<\/p>\n<p data-index=\"10\">Deocamdat\u0103, senatorii au \u00eenfiin\u0163at o comisie de anchet\u0103 care verifica activitatea CEC din anul 2011 de c\u00e2nd actualul pre\u015fedinte a preluat mandatul, \u00een contextul \u00een care, \u00een luna septembrie, fiica cea mare a pre\u015fedintelui, Ioana B\u0103sescu, a luat un credit de la CEC \u00een valoare de peste 1 milion de euro.<\/p>\n<\/div>\n<p> Source URL: https:\/\/www.digi24.ro\/stiri\/actualitate\/politica\/dubla-comisie-de-ancheta-in-parlament-pentru-terenul-familiei-basescu-liberalii-sustin-ca-nu-au-fost-informati-154826<\/p>\n","protected":false},"excerpt":{"rendered":"<p>\u00cenfiin\u0163area anchetei care verific\u0103 terenul achizi\u0163ionat de familia B\u0103sescu a generat, \u00eens\u0103, dispute \u00een cadrul USL. Liderii PSD \u015fi PC s-au reunit pentru a pune la punct activitatea acestei comisii, \u00een timp ce liberalii sus\u0163in c\u0103 nu au fost nici m\u0103car \u00eentreba\u0163i dac\u0103 sunt de acord cu acest\u0103 propunere. Premierul a anun\u0163at c\u0103 l-a contactat [&hellip;]<\/p>\n","protected":false},"author":1,"featured_media":218033,"comment_status":"open","ping_status":"","sticky":false,"template":"","format":"standard","meta":{"footnotes":""},"categories":[2],"tags":[11],"class_list":["post-218032","post","type-post","status-publish","format-standard","has-post-thumbnail","hentry","category-politics","tag-digi24"],"_links":{"self":[{"href":"https:\/\/analyse.optim.biz\/index.php?rest_route=\/wp\/v2\/posts\/218032","targetHints":{"allow":["GET"]}}],"collection":[{"href":"https:\/\/analyse.optim.biz\/index.php?rest_route=\/wp\/v2\/posts"}],"about":[{"href":"https:\/\/analyse.optim.biz\/index.php?rest_route=\/wp\/v2\/types\/post"}],"author":[{"embeddable":true,"href":"https:\/\/analyse.optim.biz\/index.php?rest_route=\/wp\/v2\/users\/1"}],"replies":[{"embeddable":true,"href":"https:\/\/analyse.optim.biz\/index.php?rest_route=%2Fwp%2Fv2%2Fcomments&post=218032"}],"version-history":[{"count":0,"href":"https:\/\/analyse.optim.biz\/index.php?rest_route=\/wp\/v2\/posts\/218032\/revisions"}],"wp:featuredmedia":[{"embeddable":true,"href":"https:\/\/analyse.optim.biz\/index.php?rest_route=\/wp\/v2\/media\/218033"}],"wp:attachment":[{"href":"https:\/\/analyse.optim.biz\/index.php?rest_route=%2Fwp%2Fv2%2Fmedia&parent=218032"}],"wp:term":[{"taxonomy":"category","embeddable":true,"href":"https:\/\/analyse.optim.biz\/index.php?rest_route=%2Fwp%2Fv2%2Fcategories&post=218032"},{"taxonomy":"post_tag","embeddable":true,"href":"https:\/\/analyse.optim.biz\/index.php?rest_route=%2Fwp%2Fv2%2Ftags&post=218032"}],"curies":[{"name":"wp","href":"https:\/\/api.w.org\/{rel}","templated":true}]}}