{"id":218021,"date":"2013-11-19T22:46:22","date_gmt":"2013-11-19T19:46:22","guid":{"rendered":"https:\/\/analyse.optim.biz\/?p=218021"},"modified":"2013-11-19T22:46:22","modified_gmt":"2013-11-19T19:46:22","slug":"cine-va-candida-din-partea-usl-la-prezidentiale","status":"publish","type":"post","link":"https:\/\/analyse.optim.biz\/?p=218021","title":{"rendered":"Cine va candida din partea USL la preziden\u021biale?"},"content":{"rendered":"<div class=\"entry data-app-meta data-app-meta-article\" data-embed-base-url-canonical=\"https:\/\/www.digi24.ro\/embed\/stiri\/actualitate\/politica\/cine-va-candida-din-partea-usl-la-prezidentiale-154876\">\n<p data-index=\"1\">Chiar dac\u0103, oficial, a fost desemnat candidatul unic al partidelor din Uniunea Social Liberal\u0103, liderul liberal nu exclude ipoteza ca PSD \u015fi PNL s\u0103 aib\u0103 candida\u0163i separa\u0163i. \u015ei pre\u015fedintele Traian B\u0103sescu a vorbit despre o astfel de variant\u0103 \u015fi l-a creditat pe Crin Antonescu cu prima \u015fans\u0103 \u00eentr-o eventual\u0103 confruntare \u00een turul al doilea.<\/p>\n<p data-index=\"2\">\u201e<span>Cred c\u0103 exist\u0103 presiuni \u015fi din afara partidului, nu numai din interiorul partidului (&#8230;), poate \u015fi din zona unor oameni influen\u0163i \u00een servicii (&#8230;) s\u0103 candideze domnul Ponta. Domnul Ponta e un om care, fiind \u015fi prim-ministru, ar\u0103t\u00e2nd destule calit\u0103\u0163i \u00een aceast\u0103 perioad\u0103, e un candidat\u201d, a declarat <strong>Crin Antonescu<\/strong> la un post de televiziune.<\/span><\/p>\n<p data-index=\"3\">De la distan\u021b\u0103, <strong>Victor Ponta<\/strong> \u00eei r\u0103spunde ironic lui Crin Antonescu. \u201eCred c\u0103 era de la dl. Ro\u0219ca St\u0103nescu povestea asta. Sper c\u0103 Crin nu mai crede \u00een pove\u015ftile domnului Ro\u015fca St\u0103nescu , c\u0103 l-a dat afar\u0103 acum\u201d, a declarat mar\u021bi premierul.<\/p>\n<p data-index=\"4\">Totu\u0219i. dup\u0103 criticile tot mai dese ale lui Crin Antonescu la adresa PSD \u015fi a lui Victor Ponta, social-democra\u0163ii au dat tot mai multe semnale c\u0103 ar dori s\u0103 aib\u0103 un candidat propriu.<\/p>\n<p data-index=\"5\">\u201ePrimarii Partidului Social Democrat ne vor face s\u0103 c\u00e2\u0219tig\u0103m \u0219i alegerile europarlamentare, \u0219i alegerile preziden\u021biale. Pentru PSD\u201d, a declarat vicepremierul <strong>Liviu Dragnea<\/strong>.<\/p>\n<p data-index=\"6\">\u00a0\u201e<span>Nu \u0219tiu cum, nu \u0219tiu care e formula (&#8230;) dar trebuie s\u0103 c\u00e2\u015ftig\u0103m alegerile preziden\u0163iale\u201d, a spus \u0219i <strong>Marian Vanghelie.<\/strong><\/span><\/p>\n<p data-index=\"7\">\u00cen cazul \u00een care Crin Antonescu \u015fi Victor Ponta vor candida la alegerile preziden\u0163iale, pre\u015fedintele Traian Basescu este de p\u0103rere c\u0103 liderul liberal ar avea mai multe \u015fanse dec\u00e2t partenerul s\u0103u de alian\u0163\u0103. \u201ePSD nu poate da Rom\u00e2niei pre\u015fedinte, dac\u0103 va intra Crin Antonescu \u00een turul doi, probabil ca \u015fi celelalte candidaturi de dreapta se vor str\u00e2nge \u00een spatele lui\u201d, a spus pre\u0219edintele, de cur\u00e2nd, la o emisiune televizat\u0103.<\/p>\n<p data-index=\"8\">Crin Antonescu a fost de acord cu analiza pre\u015fedintelui. \u201ePartidului Social Democrat, care este cel mai mare partid din Rom\u00e2nia, este foarte greu s\u0103 scoat\u0103 singur un pre\u015fedinte. \u00cen sensul aceasta cred c\u0103 analiza este corect\u0103\u201d.<\/p>\n<p data-index=\"9\">\u00cen aprilie 2012, PSD \u015fi PNL l-au desemnat drept candidat comun la alegerile preziden\u0163iale pe Crin Antonescu.<\/p>\n<\/div>\n<p> Source URL: https:\/\/www.digi24.ro\/stiri\/actualitate\/politica\/cine-va-candida-din-partea-usl-la-prezidentiale-154876<\/p>\n","protected":false},"excerpt":{"rendered":"<p>Chiar dac\u0103, oficial, a fost desemnat candidatul unic al partidelor din Uniunea Social Liberal\u0103, liderul liberal nu exclude ipoteza ca PSD \u015fi PNL s\u0103 aib\u0103 candida\u0163i separa\u0163i. \u015ei pre\u015fedintele Traian B\u0103sescu a vorbit despre o astfel de variant\u0103 \u015fi l-a creditat pe Crin Antonescu cu prima \u015fans\u0103 \u00eentr-o eventual\u0103 confruntare \u00een turul al doilea. \u201eCred [&hellip;]<\/p>\n","protected":false},"author":1,"featured_media":218022,"comment_status":"open","ping_status":"","sticky":false,"template":"","format":"standard","meta":{"footnotes":""},"categories":[2],"tags":[11],"class_list":["post-218021","post","type-post","status-publish","format-standard","has-post-thumbnail","hentry","category-politics","tag-digi24"],"_links":{"self":[{"href":"https:\/\/analyse.optim.biz\/index.php?rest_route=\/wp\/v2\/posts\/218021","targetHints":{"allow":["GET"]}}],"collection":[{"href":"https:\/\/analyse.optim.biz\/index.php?rest_route=\/wp\/v2\/posts"}],"about":[{"href":"https:\/\/analyse.optim.biz\/index.php?rest_route=\/wp\/v2\/types\/post"}],"author":[{"embeddable":true,"href":"https:\/\/analyse.optim.biz\/index.php?rest_route=\/wp\/v2\/users\/1"}],"replies":[{"embeddable":true,"href":"https:\/\/analyse.optim.biz\/index.php?rest_route=%2Fwp%2Fv2%2Fcomments&post=218021"}],"version-history":[{"count":0,"href":"https:\/\/analyse.optim.biz\/index.php?rest_route=\/wp\/v2\/posts\/218021\/revisions"}],"wp:featuredmedia":[{"embeddable":true,"href":"https:\/\/analyse.optim.biz\/index.php?rest_route=\/wp\/v2\/media\/218022"}],"wp:attachment":[{"href":"https:\/\/analyse.optim.biz\/index.php?rest_route=%2Fwp%2Fv2%2Fmedia&parent=218021"}],"wp:term":[{"taxonomy":"category","embeddable":true,"href":"https:\/\/analyse.optim.biz\/index.php?rest_route=%2Fwp%2Fv2%2Fcategories&post=218021"},{"taxonomy":"post_tag","embeddable":true,"href":"https:\/\/analyse.optim.biz\/index.php?rest_route=%2Fwp%2Fv2%2Ftags&post=218021"}],"curies":[{"name":"wp","href":"https:\/\/api.w.org\/{rel}","templated":true}]}}