{"id":217999,"date":"2013-11-20T12:48:32","date_gmt":"2013-11-20T09:48:32","guid":{"rendered":"https:\/\/analyse.optim.biz\/?p=217999"},"modified":"2013-11-20T12:48:32","modified_gmt":"2013-11-20T09:48:32","slug":"comisie-de-ancheta-fara-consultarea-pnl-liberalii-nu-fac-parte-din-grupul-care-va-discuta-despre-infiintarea-acesteia","status":"publish","type":"post","link":"https:\/\/analyse.optim.biz\/?p=217999","title":{"rendered":"Comisie de anchet\u0103 f\u0103r\u0103 consultarea PNL. Liberalii nu fac parte din grupul care va discuta despre \u00eenfiin\u021barea acesteia"},"content":{"rendered":"<div class=\"entry data-app-meta data-app-meta-article\" data-embed-base-url-canonical=\"https:\/\/www.digi24.ro\/embed\/stiri\/actualitate\/politica\/comisie-de-ancheta-fara-consultarea-pnl-liberalii-nu-fac-parte-din-grupul-care-va-discuta-despre-infiintarea-acesteia-155130\">\n<p data-index=\"1\">Liberalii nici m\u0103car nu au fost coopta\u021bi \u00een grupul care va discuta despre \u00eenfiin\u021barea comisiei respective. Din grupul care are o s\u0103pt\u0103m\u00e2n\u0103 la dispozi\u021bie pentru a se pronun\u021ba \u00een acest sens fac parte doar liderii PSD \u0219i PC din Camera Deputa\u021bilor \u0219i din Senat.<\/p>\n<p data-index=\"2\">\u201e<span>\u00centreaga afacere C\u0103l\u0103ra\u015fi, \u00een care pre\u015fedintele \u0163\u0103rii nu \u015ftiu dac\u0103 a \u00eenc\u0103lcat vreo lege, dar \u00een mod sigur \u015fi-a folosit func\u0163ia pentru interese personale, va face &#8211; am \u00eentrebat \u00eenc\u0103 o dat\u0103 acum liderii parlamentari \u015fi de la PSD, \u015fi de la PNL, \u015fi de la PC &#8211; va face obiectul unei comisii comune a Camerei Deputa\u0163ilor \u015fi a a Senatului\u201d, <a href=\"https:\/\/www.digi24.ro\/Stiri\/Digi24\/Actualitate\/Politica\/Dubla+comisie+de+ancheta+in+Parlament+pentru+terenul+familiei+Ba\" target=\"_blank\" data-skip-linkfix=\"1\" rel=\"noopener\"><strong>a anun\u021bat, mar\u021bi,\u00a0Victor Ponta.<\/strong><\/a><\/span><\/p>\n<p data-index=\"3\">\u00cens\u0103 informa\u0163ia a fost infirmat\u0103 de liderii PNL. \u201eN<span>oi nu am avut nicio discu\u021bie pe acest subiect \u0219i, p\u00e2n\u0103 \u00een prezent, nu exsit\u0103 un acord al PNL pe aceasta Comisie. Suntem dispu\u0219i s\u0103 discut\u0103m pe acest subiect, dar numai \u00een USL\u201d, a declarat George Scutarul, liderul deputa\u021bilor PNL.\u00a0<\/span><\/p>\n<\/div>\n<p> Source URL: https:\/\/www.digi24.ro\/stiri\/actualitate\/politica\/comisie-de-ancheta-fara-consultarea-pnl-liberalii-nu-fac-parte-din-grupul-care-va-discuta-despre-infiintarea-acesteia-155130<\/p>\n","protected":false},"excerpt":{"rendered":"<p>Liberalii nici m\u0103car nu au fost coopta\u021bi \u00een grupul care va discuta despre \u00eenfiin\u021barea comisiei respective. Din grupul care are o s\u0103pt\u0103m\u00e2n\u0103 la dispozi\u021bie pentru a se pronun\u021ba \u00een acest sens fac parte doar liderii PSD \u0219i PC din Camera Deputa\u021bilor \u0219i din Senat. \u201e\u00centreaga afacere C\u0103l\u0103ra\u015fi, \u00een care pre\u015fedintele \u0163\u0103rii nu \u015ftiu dac\u0103 a [&hellip;]<\/p>\n","protected":false},"author":1,"featured_media":218000,"comment_status":"open","ping_status":"","sticky":false,"template":"","format":"standard","meta":{"footnotes":""},"categories":[2],"tags":[11],"class_list":["post-217999","post","type-post","status-publish","format-standard","has-post-thumbnail","hentry","category-politics","tag-digi24"],"_links":{"self":[{"href":"https:\/\/analyse.optim.biz\/index.php?rest_route=\/wp\/v2\/posts\/217999","targetHints":{"allow":["GET"]}}],"collection":[{"href":"https:\/\/analyse.optim.biz\/index.php?rest_route=\/wp\/v2\/posts"}],"about":[{"href":"https:\/\/analyse.optim.biz\/index.php?rest_route=\/wp\/v2\/types\/post"}],"author":[{"embeddable":true,"href":"https:\/\/analyse.optim.biz\/index.php?rest_route=\/wp\/v2\/users\/1"}],"replies":[{"embeddable":true,"href":"https:\/\/analyse.optim.biz\/index.php?rest_route=%2Fwp%2Fv2%2Fcomments&post=217999"}],"version-history":[{"count":0,"href":"https:\/\/analyse.optim.biz\/index.php?rest_route=\/wp\/v2\/posts\/217999\/revisions"}],"wp:featuredmedia":[{"embeddable":true,"href":"https:\/\/analyse.optim.biz\/index.php?rest_route=\/wp\/v2\/media\/218000"}],"wp:attachment":[{"href":"https:\/\/analyse.optim.biz\/index.php?rest_route=%2Fwp%2Fv2%2Fmedia&parent=217999"}],"wp:term":[{"taxonomy":"category","embeddable":true,"href":"https:\/\/analyse.optim.biz\/index.php?rest_route=%2Fwp%2Fv2%2Fcategories&post=217999"},{"taxonomy":"post_tag","embeddable":true,"href":"https:\/\/analyse.optim.biz\/index.php?rest_route=%2Fwp%2Fv2%2Ftags&post=217999"}],"curies":[{"name":"wp","href":"https:\/\/api.w.org\/{rel}","templated":true}]}}